{"id":505874,"date":"2021-05-06T00:02:43","date_gmt":"2021-05-06T05:02:43","guid":{"rendered":"https:\/\/www.diarioimagen.net\/?p=505874"},"modified":"2021-05-06T03:16:57","modified_gmt":"2021-05-06T08:16:57","slug":"pedro-rodriguez-un-hombre-de-palabra-que-escucha-atiende-y-resuelve-nuestros-problemas-atizapenses","status":"publish","type":"post","link":"https:\/\/www.diarioimagen.net\/?p=505874","title":{"rendered":"Pedro Rodr\u00edguez un hombre de palabra que escucha, atiende y resuelve nuestros problemas: atizapenses"},"content":{"rendered":"<p>&nbsp;<\/p>\n<div id=\"attachment_506002\" style=\"width: 470px\" class=\"wp-caption aligncenter\"><a href=\"https:\/\/www.diarioimagen.net\/?attachment_id=506002\" rel=\"attachment wp-att-506002\"><img loading=\"lazy\" decoding=\"async\" aria-describedby=\"caption-attachment-506002\" class=\"size-full wp-image-506002\" src=\"https:\/\/www.diarioimagen.net\/wp-content\/uploads\/2021\/05\/CAMACHO6-c.jpg\" alt=\"\" width=\"460\" height=\"270\" \/><\/a><p id=\"caption-attachment-506002\" class=\"wp-caption-text\">La abanderada aliancista, Karla Fiesco, present\u00f3 parte de su programa de salud, que acentu\u00f3 es una sus principales propuestas que consolidar\u00e1 en la pr\u00f3xima presidencia municipal.<\/p><\/div>\n<p>&nbsp;<\/p>\n<p><strong>Atizap\u00e1n de Zaragoza, Estado de M\u00e9xico<\/strong><strong>. &#8211;<\/strong> El candidato a la presidencia municipal por la alianza \u201cVa por el Estado de M\u00e9xico\u201d (PAN, PRI Y PRD), Pedro Rodr\u00edguez Villegas, contin\u00faa con su intensa labor proselitista en la que suma d\u00eda a d\u00eda, cada vez m\u00e1s voluntades ciudadanas para que unidos retorne la tranquilidad y progreso a Atizap\u00e1n de Zaragoza.<\/p>\n<p>As\u00ed qued\u00f3 de manifiesto en la colonia M\u00e9xico Nuevo; donde Pedro, el abanderado aliancista, dej\u00f3 en claro que \u00e9l es un hombre de palabra, que ha demostrado con hechos el inmenso compromiso que tiene con las y los atizapenses; con quienes afirm\u00f3, \u201ctrabajar\u00e1 intensamente desde la alcald\u00eda para que regrese el orden y la paz social a este municipio \u201cque en menos de 3 a\u00f1os se ha perdido\u201d.<\/p>\n","protected":false},"excerpt":{"rendered":"<p>El candidato a la presidencia municipal por la alianza \u201cVa por el Estado de M\u00e9xico\u201d (PAN, PRI Y PRD), Pedro Rodr\u00edguez Villegas, contin\u00faa con su intensa labor proselitista en la que suma d\u00eda a d\u00eda, cada vez m\u00e1s voluntades ciudadanas para que unidos retorne la tranquilidad y progreso a Atizap\u00e1n de Zaragoza.<\/p>\n","protected":false},"author":3,"featured_media":506002,"comment_status":"open","ping_status":"open","sticky":false,"template":"","format":"standard","meta":{"_monsterinsights_skip_tracking":false,"_monsterinsights_sitenote_active":false,"_monsterinsights_sitenote_note":"","_monsterinsights_sitenote_category":0,"footnotes":""},"categories":[5],"tags":[3561,43675,74164],"class_list":["post-505874","post","type-post","status-publish","format-standard","has-post-thumbnail","hentry","category-estado-de-mexico","tag-atizapan-de-zaragoza","tag-estado-de-mexico","tag-pedro-rodriguez-villegas"],"_links":{"self":[{"href":"https:\/\/www.diarioimagen.net\/index.php?rest_route=\/wp\/v2\/posts\/505874","targetHints":{"allow":["GET"]}}],"collection":[{"href":"https:\/\/www.diarioimagen.net\/index.php?rest_route=\/wp\/v2\/posts"}],"about":[{"href":"https:\/\/www.diarioimagen.net\/index.php?rest_route=\/wp\/v2\/types\/post"}],"author":[{"embeddable":true,"href":"https:\/\/www.diarioimagen.net\/index.php?rest_route=\/wp\/v2\/users\/3"}],"replies":[{"embeddable":true,"href":"https:\/\/www.diarioimagen.net\/index.php?rest_route=%2Fwp%2Fv2%2Fcomments&post=505874"}],"version-history":[{"count":0,"href":"https:\/\/www.diarioimagen.net\/index.php?rest_route=\/wp\/v2\/posts\/505874\/revisions"}],"wp:featuredmedia":[{"embeddable":true,"href":"https:\/\/www.diarioimagen.net\/index.php?rest_route=\/wp\/v2\/media\/506002"}],"wp:attachment":[{"href":"https:\/\/www.diarioimagen.net\/index.php?rest_route=%2Fwp%2Fv2%2Fmedia&parent=505874"}],"wp:term":[{"taxonomy":"category","embeddable":true,"href":"https:\/\/www.diarioimagen.net\/index.php?rest_route=%2Fwp%2Fv2%2Fcategories&post=505874"},{"taxonomy":"post_tag","embeddable":true,"href":"https:\/\/www.diarioimagen.net\/index.php?rest_route=%2Fwp%2Fv2%2Ftags&post=505874"}],"curies":[{"name":"wp","href":"https:\/\/api.w.org\/{rel}","templated":true}]}}