{"id":505895,"date":"2021-05-06T00:03:44","date_gmt":"2021-05-06T05:03:44","guid":{"rendered":"https:\/\/www.diarioimagen.net\/?p=505895"},"modified":"2021-05-06T00:03:44","modified_gmt":"2021-05-06T05:03:44","slug":"el-presidente-mas-ocupado-en-tapar-tragedia-de-la-linea-12","status":"publish","type":"post","link":"https:\/\/www.diarioimagen.net\/?p=505895","title":{"rendered":"El Presidente, m\u00e1s ocupado en tapar tragedia de la L\u00ednea 12"},"content":{"rendered":"<h2>La Retaguardia<\/h2>\n<h5>Adriana Moreno Cordero<\/h5>\n<p><em>\u00a0<\/em><\/p>\n<ul>\n<li><strong><em>De Comandante Supremo a sargento L\u00f3pez Obrador, lo degradan<\/em><\/strong><\/li>\n<\/ul>\n<p>&nbsp;<\/p>\n<p>En las primeras planas de los diarios m\u00e1s importantes a nivel mundial, apareci\u00f3 la terrible tragedia que se vivi\u00f3 el lunes pasado en la estaci\u00f3n Olivos de la L\u00ednea 12 del Metro. Hasta el presidente de Estados Unidos, <strong>Joe Biden<\/strong> envi\u00f3 sus condolencias y ofreci\u00f3 ayuda a M\u00e9xico, al indicar que ambas naciones \u201cest\u00e1n muy unidas y Estados Unidos est\u00e1 listo para asistir a M\u00e9xico mientras se recupera de esta tragedia\u201d.<\/p>\n<p>Ninguna respuesta hubo por parte del presidente <strong>Andr\u00e9s Manuel L\u00f3pez Obrador<\/strong>, quien est\u00e1 m\u00e1s ocupado en ver c\u00f3mo puede tapar la desgracia producida en buena parte, por la incompetencia, tanto del gobierno capitalino que encabeza <strong>Claudia Sheinbaum<\/strong>, como por su flamante directora del Metro, <strong>Florencia Serran\u00eda<\/strong> que, en el colmo, rechaza renunciar, una cuesti\u00f3n que por verg\u00fcenza deber\u00eda hacer.<\/p>\n<p>El tabasque\u00f1o vio las referidas notas aparecidas en peri\u00f3dicos reconocidos a nivel mundial, y solo se le ocurri\u00f3 decir que es \u201ctiempo de zopilotes\u201d, porque ni los medios nacionales han publicado lo que \u00e9l hubiera deseado, que los culpables, en este caso, de lo ocurrido el lunes pasado, cuando colaps\u00f3 la estaci\u00f3n Olivos de la L\u00ednea 12 est\u00e1n en el pasado.<\/p>\n<p>Total, que este desafortunado suceso, muy a pesar y enojo del inquilino de Palacio Nacional, ha generado un creciente desencanto por parte de la poblaci\u00f3n afectada por la tragedia. Como ya se anot\u00f3 en anterior entrega, tuvo lugar a pr\u00e1cticamente un mes de las elecciones del ya pr\u00f3ximo 6 de junio y definitivamente, afectar\u00e1 a Morena en las urnas.<\/p>\n<p>Por eso, el Ejecutivo, por en\u00e9sima vez viol\u00f3 la veda electoral para distraer la atenci\u00f3n de la tragedia en la CDMX y se lanz\u00f3 en contra del candidato del PRI al gobierno de Nuevo Le\u00f3n, <strong>Adri\u00e1n de la Garza<\/strong>, acus\u00e1ndolo de que ofrece la tarjeta \u201cMujer Fuerte\u201d, algo as\u00ed como el \u201cSalario Rosa\u201d que se da en el Estado de M\u00e9xico.<\/p>\n<p>Sin embargo, el Presidente deber\u00eda de estar muy consciente de que en el mundo, lo ven con bastante escepticismo. En el peri\u00f3dico \u201cThe Economist\u201d, -con sede en Londres-, en las p\u00e1ginas 37 y 38, apareci\u00f3 un interesante art\u00edculo con el t\u00edtulo: <strong>\u201cAmbiciones Militares del Sargento Andr\u00e9s Manuel L\u00f3pez Obrador\u201d<\/strong>, en el que se destaca todo el poder que el tabasque\u00f1o les ha otorgado a la milicia. O sea, el m\u00fasculo militar de AMLO, como lo refiere el conocido diario a los que el tabasque\u00f1o les da mucho m\u00e1s dinero y poder y lo ilustra con una gr\u00e1fica sobre estos recursos otorgados en billones de pesos, pese a la austeridad que tanto vocifera el presidente mexicano.<\/p>\n<p>Es indudable por informaci\u00f3n de este tipo, que en general, en el mundo, no les gusta nada el proceso de militarizaci\u00f3n en M\u00e9xico, a cargo, \u00a1qui\u00e9n lo dir\u00eda!, del inquilino de Palacio Nacional, quien recientemente dijo que nuestro pa\u00eds no era colonia del poderoso vecino del norte.<\/p>\n<p>Son varios los hechos que se citan en el art\u00edculo en ciernes, y que sustentan la forma en que el tabasque\u00f1o ha fortalecido a las Fuerzas Armadas, pero uno de los que destaca es la liberaci\u00f3n del ex secretario de la Defensa Nacional, <strong>Salvador Cienfuegos<\/strong>. El diario ingl\u00e9s \u201cThe Economist\u201d concluye que fue liberado precisamente por ese gran poder otorgado a los militares en nuestro pa\u00eds y lo pusieron en t\u00e9rminos coloquiales con una famosa frase que utilizan en Inglaterra: \u201cno free lunch\u201d, lo que bien se podr\u00eda traducir aqu\u00ed en nuestro pa\u00eds como aquel refr\u00e1n que dice, \u201csolo el sol calienta gratis\u201d. \u00bfEn verdad ser\u00e1 \u201ctiempo de zopilotes\u201d?, m\u00e1s bien tiempos muy, pero muy malos para la llamada Cuarta Transformaci\u00f3n, porque se puede decir que el Presidente de M\u00e9xico, con todo y su investidura, ha sido degradado ya que de Comandante Supremo de las Fuerzas Armadas, pas\u00f3 a ser el sargento L\u00f3pez Obrador.<\/p>\n<p style=\"text-align: center;\"><strong>Municiones<\/strong><\/p>\n<p>*** El Instituto Nacional Electoral (INE) particip\u00f3 en el lanzamiento de \u201cVoto x corto. Historias de la democracia y sus valores\u201d, concurso de documental en l\u00ednea, el cual, mediante 10 cortometrajes de diferentes estados del pa\u00eds, busca impulsar los valores del voto y la democracia. \u201cFrente a la alta polarizaci\u00f3n pol\u00edtica y social que prevalece en M\u00e9xico, en el marco del actual proceso electoral, es importante la construcci\u00f3n de espacios ciudadanos que propicien el sentido y la reflexi\u00f3n sobre los derechos pol\u00edticos, los procesos electorales, la participaci\u00f3n ciudadana y la democracia en un sentido amplio\u201d, afirm\u00f3 el Consejero del INE, <strong>Mart\u00edn Faz<\/strong>.\u00a0Durante la presentaci\u00f3n del proyecto organizado en colaboraci\u00f3n con DocsMX y la National Endowment for Democracy, el Consejero sostuvo que la \u00fanica forma de construir redes que tengan un efectivo impacto en el fortalecimiento de la cultura democr\u00e1tica es mediante la intervenci\u00f3n activa y colaborativa en favor de la generaci\u00f3n de acciones que fomenten la cultura c\u00edvica. Por su parte, <strong>Jos\u00e9 Woldenberg<\/strong>, exconsejero presidente del ahora INE, asever\u00f3 que la \u00fanica forma de gobierno capaz de cobijar las diferencias que existen en una sociedad diversa como la mexicana y ofrecer un cauce a su expresi\u00f3n y recreaci\u00f3n, es la democracia. Ejercicios como el Voto x Corto, a\u00f1adi\u00f3, resultan m\u00e1s necesarios que nunca, porque \u201cestamos viendo que desde el gobierno y desde la sociedad, esa verdad elemental no se entiende y todav\u00eda hay quien quisiera alinear a un pa\u00eds como el nuestro bajo un solo discurso, una sola ideolog\u00eda, una sola organizaci\u00f3n y que cree que una sola voz puede expresar a ese M\u00e9xico diverso y contradictorio que todos conocemos\u201d.<\/p>\n<p><strong>*** <\/strong>Con raz\u00f3n, la siempre eficiente Florencia Serran\u00eda se aferra a su puesto como directora del Sistema de Transporte Colectivo Metro, \u201ccon u\u00f1as y dientes\u201d. Resulta que por las \u201cex benditas redes\u201d, corre la versi\u00f3n de que la se\u00f1ora Serran\u00eda Soto, es la due\u00f1a de la empresa Urban Travel Logistics, que est\u00e1 considerada para construir el Tren Maya y que en su p\u00e1gina se promociona como \u201cuno de los sectores en los que UTL ha acumulado m\u00e1s experiencia, es en la planificaci\u00f3n, dise\u00f1o, operaci\u00f3n y ordenamiento del transporte p\u00fablico\u201d, y ofrece, entre otros servicios, dise\u00f1o de sistemas de transporte p\u00fablico as\u00ed como dise\u00f1o de operaci\u00f3n y mejoras operativas de \u00e9stos sistemas. Si\u00a0 Florencia Serran\u00eda tiene al Metro en muy deplorable estado, con raz\u00f3n el presidente L\u00f3pez Obrador inaugura, -seg\u00fan \u00e9l-, estaciones de su flamant\u00edsimo Tren Maya, con vagones destartalados y pintarrajeados y ni qu\u00e9 decir, por otra parte, de lo que fue la pat\u00e9tica inauguraci\u00f3n del primer vuelo, (de 10 minutos) en el Aeropuerto \u201cFelipe \u00c1ngeles\u201d, mejor conocido como la \u201ccentral avionera\u201d, mientras que la Terminal A\u00e9rea que tuvo a bien cancelar en Texcoco, recibi\u00f3 un premio por su modelo arquitect\u00f3nico. No, pues s\u00ed.<\/p>\n<p><u><a href=\"mailto:morcora@gmail.com\" target=\"_blank\" rel=\"noopener noreferrer\"><em>morcora@gmail.com<\/em><\/a><\/u><\/p>\n","protected":false},"excerpt":{"rendered":"<p><span style=\"color: #005497;\"><strong>Adriana Moreno Cordero<\/strong><\/span><\/p>\n","protected":false},"author":3,"featured_media":0,"comment_status":"open","ping_status":"open","sticky":false,"template":"","format":"standard","meta":{"_monsterinsights_skip_tracking":false,"_monsterinsights_sitenote_active":false,"_monsterinsights_sitenote_note":"","_monsterinsights_sitenote_category":0,"footnotes":""},"categories":[69370],"tags":[69369,69368,43674],"class_list":["post-505895","post","type-post","status-publish","format-standard","hentry","category-adriana-moreno-cordero","tag-adriana-moreno-cordero","tag-la-retaguardia","tag-opinion"],"_links":{"self":[{"href":"https:\/\/www.diarioimagen.net\/index.php?rest_route=\/wp\/v2\/posts\/505895","targetHints":{"allow":["GET"]}}],"collection":[{"href":"https:\/\/www.diarioimagen.net\/index.php?rest_route=\/wp\/v2\/posts"}],"about":[{"href":"https:\/\/www.diarioimagen.net\/index.php?rest_route=\/wp\/v2\/types\/post"}],"author":[{"embeddable":true,"href":"https:\/\/www.diarioimagen.net\/index.php?rest_route=\/wp\/v2\/users\/3"}],"replies":[{"embeddable":true,"href":"https:\/\/www.diarioimagen.net\/index.php?rest_route=%2Fwp%2Fv2%2Fcomments&post=505895"}],"version-history":[{"count":0,"href":"https:\/\/www.diarioimagen.net\/index.php?rest_route=\/wp\/v2\/posts\/505895\/revisions"}],"wp:attachment":[{"href":"https:\/\/www.diarioimagen.net\/index.php?rest_route=%2Fwp%2Fv2%2Fmedia&parent=505895"}],"wp:term":[{"taxonomy":"category","embeddable":true,"href":"https:\/\/www.diarioimagen.net\/index.php?rest_route=%2Fwp%2Fv2%2Fcategories&post=505895"},{"taxonomy":"post_tag","embeddable":true,"href":"https:\/\/www.diarioimagen.net\/index.php?rest_route=%2Fwp%2Fv2%2Ftags&post=505895"}],"curies":[{"name":"wp","href":"https:\/\/api.w.org\/{rel}","templated":true}]}}