{"id":506022,"date":"2021-05-07T00:05:47","date_gmt":"2021-05-07T05:05:47","guid":{"rendered":"https:\/\/www.diarioimagen.net\/?p=506022"},"modified":"2021-05-09T22:50:01","modified_gmt":"2021-05-10T03:50:01","slug":"buscan-que-el-estado-de-mexico-se-convierta-en-un-estado-naranja","status":"publish","type":"post","link":"https:\/\/www.diarioimagen.net\/?p=506022","title":{"rendered":"Buscan que el Estado de M\u00e9xico se convierta en un estado \u201cnaranja\u201d"},"content":{"rendered":"<p>&nbsp;<\/p>\n<ul>\n<li><strong><em>Reconocen a establecimientos mexiquenses esta certificaci\u00f3n<\/em><\/strong><\/li>\n<\/ul>\n<p><strong>\u00a0<\/strong><\/p>\n<div id=\"attachment_506125\" style=\"width: 470px\" class=\"wp-caption aligncenter\"><a href=\"https:\/\/www.diarioimagen.net\/?attachment_id=506125\" rel=\"attachment wp-att-506125\"><img loading=\"lazy\" decoding=\"async\" aria-describedby=\"caption-attachment-506125\" class=\"size-full wp-image-506125\" src=\"https:\/\/www.diarioimagen.net\/wp-content\/uploads\/2021\/05\/EDOMEX-4.jpg\" alt=\"\" width=\"460\" height=\"270\" \/><\/a><p id=\"caption-attachment-506125\" class=\"wp-caption-text\">Certifican y capacitan a m\u00e1s de 600 locales y negocios con el Protocolo Naranja de atenci\u00f3n para generar espacios seguros donde ni\u00f1as, adolescentes y mujeres pueden solicitar ayuda.<\/p><\/div>\n<p>&nbsp;<\/p>\n<p><strong>Toluca, Estado de M\u00e9xico.-<\/strong> Para procurar una vida libre de violencia para todas las mexiquenses, la Secretar\u00eda de la Mujer ha certificado y capacitado a 630 locales y negocios del estado, con el Protocolo Naranja de atenci\u00f3n a las mujeres, sus hijas e hijos en situaci\u00f3n de violencia.<\/p>\n<p>El objetivo de este protocolo es generar espacios seguros a trav\u00e9s de los cuales ni\u00f1as, adolescentes y mujeres que sufren violencia o se encuentran en situaci\u00f3n de riesgo, puedan pedir ayuda, por lo tanto, para contar con esta certificaci\u00f3n de Espacio Naranja, es necesaria la capacitaci\u00f3n de todo el personal de los establecimientos.<\/p>\n<p>Dichas capacitaciones se traducen en el conocimiento y sensibilizaci\u00f3n en temas como \u00bfQu\u00e9 es la violencia?, sus tipos y modalidades, ya que, desde esa perspectiva se podr\u00e1 atender de la manera adecuada a las mexiquenses.<\/p>\n<p>La entrega del certificado es la forma en la que, un establecimiento o empresa, reconoce y externa su compromiso por la erradicaci\u00f3n de la violencia contra las mujeres, por lo que \u00e9sta se convierte en un pacto del sector p\u00fablico y privado por y para las mujeres.<\/p>\n<p>Los comercios y negocios ser\u00e1n dotados con fichas de contacto directo para dar seguimiento a los casos que se susciten, as\u00ed como los n\u00fameros de las Polic\u00edas de G\u00e9nero municipales, en caso de ser requeridas.<\/p>\n<p>La clara convicci\u00f3n de igualdad y la direcci\u00f3n en favor de la erradicaci\u00f3n de la violencia son las directrices que abonar\u00e1n a que el Estado de M\u00e9xico se convierta en un estado naranja que atiende y ofrece seguridad a las mexiquenses desde cualquier espacio.<\/p>\n","protected":false},"excerpt":{"rendered":"<p>Para procurar una vida libre de violencia para todas las mexiquenses, la Secretar\u00eda de la Mujer ha certificado y capacitado a 630 locales y negocios del estado, con el Protocolo Naranja de atenci\u00f3n a las mujeres, sus hijas e hijos en situaci\u00f3n de violencia.<\/p>\n","protected":false},"author":3,"featured_media":506125,"comment_status":"open","ping_status":"open","sticky":false,"template":"","format":"standard","meta":{"_monsterinsights_skip_tracking":false,"_monsterinsights_sitenote_active":false,"_monsterinsights_sitenote_note":"","_monsterinsights_sitenote_category":0,"footnotes":""},"categories":[5],"tags":[43675,824,92698,452],"class_list":["post-506022","post","type-post","status-publish","format-standard","has-post-thumbnail","hentry","category-estado-de-mexico","tag-estado-de-mexico","tag-naranja","tag-secretaria-de-la-mujer","tag-toluca"],"_links":{"self":[{"href":"https:\/\/www.diarioimagen.net\/index.php?rest_route=\/wp\/v2\/posts\/506022","targetHints":{"allow":["GET"]}}],"collection":[{"href":"https:\/\/www.diarioimagen.net\/index.php?rest_route=\/wp\/v2\/posts"}],"about":[{"href":"https:\/\/www.diarioimagen.net\/index.php?rest_route=\/wp\/v2\/types\/post"}],"author":[{"embeddable":true,"href":"https:\/\/www.diarioimagen.net\/index.php?rest_route=\/wp\/v2\/users\/3"}],"replies":[{"embeddable":true,"href":"https:\/\/www.diarioimagen.net\/index.php?rest_route=%2Fwp%2Fv2%2Fcomments&post=506022"}],"version-history":[{"count":0,"href":"https:\/\/www.diarioimagen.net\/index.php?rest_route=\/wp\/v2\/posts\/506022\/revisions"}],"wp:featuredmedia":[{"embeddable":true,"href":"https:\/\/www.diarioimagen.net\/index.php?rest_route=\/wp\/v2\/media\/506125"}],"wp:attachment":[{"href":"https:\/\/www.diarioimagen.net\/index.php?rest_route=%2Fwp%2Fv2%2Fmedia&parent=506022"}],"wp:term":[{"taxonomy":"category","embeddable":true,"href":"https:\/\/www.diarioimagen.net\/index.php?rest_route=%2Fwp%2Fv2%2Fcategories&post=506022"},{"taxonomy":"post_tag","embeddable":true,"href":"https:\/\/www.diarioimagen.net\/index.php?rest_route=%2Fwp%2Fv2%2Ftags&post=506022"}],"curies":[{"name":"wp","href":"https:\/\/api.w.org\/{rel}","templated":true}]}}