{"id":506025,"date":"2021-05-07T00:03:00","date_gmt":"2021-05-07T05:03:00","guid":{"rendered":"https:\/\/www.diarioimagen.net\/?p=506025"},"modified":"2021-05-07T05:06:21","modified_gmt":"2021-05-07T10:06:21","slug":"gran-asistencia-de-huixquiluquenses-a-primera-dosis-de-vacuna-contra-covid-19","status":"publish","type":"post","link":"https:\/\/www.diarioimagen.net\/?p=506025","title":{"rendered":"Gran asistencia de huixquiluquenses a primera dosis de vacuna contra Covid-19"},"content":{"rendered":"<p>&nbsp;<\/p>\n<ul>\n<li><strong><em>Para personas de 50 a 59 a\u00f1os<\/em><\/strong><\/li>\n<\/ul>\n<p>&nbsp;<\/p>\n<div id=\"attachment_506176\" style=\"width: 470px\" class=\"wp-caption aligncenter\"><a href=\"https:\/\/www.diarioimagen.net\/?attachment_id=506176\" rel=\"attachment wp-att-506176\"><img loading=\"lazy\" decoding=\"async\" aria-describedby=\"caption-attachment-506176\" class=\"size-full wp-image-506176\" src=\"https:\/\/www.diarioimagen.net\/wp-content\/uploads\/2021\/05\/huix-2.jpg\" alt=\"\" width=\"460\" height=\"270\" \/><\/a><p id=\"caption-attachment-506176\" class=\"wp-caption-text\">La vacunaci\u00f3n para este sector de la poblaci\u00f3n continuar\u00e1 en Huixquilucan, este viernes 7 de mayo.<\/p><\/div>\n<p>&nbsp;<\/p>\n<p><strong>Huixquilucan, Estado de M\u00e9xico<\/strong>.- \u00a0El primer d\u00eda de vacunaci\u00f3n contra Covid-19 en Huixquilucan para personas de 50 a 59 a\u00f1os, se desarroll\u00f3 con gran participaci\u00f3n, en las sedes habilitadas para este fin.<\/p>\n<p>En la Universidad An\u00e1huac campus norte, la inoculaci\u00f3n inici\u00f3 a las 7:40 de la ma\u00f1ana, en donde los huixquiluquenses de manera ordenada recibieron su vacuna a bordo de sus autom\u00f3viles.<\/p>\n<p>En tanto, en la sede del complejo de salud Rosa M\u00edstica, la poblaci\u00f3n de 50 a 59 a\u00f1os llegaron a recibir su primera dosis que les ayudar\u00e1 a estar protegidos del virus Sars-Cov-2.<\/p>\n<p>La vacunaci\u00f3n para este sector de la poblaci\u00f3n continuar\u00e1 este viernes 7 de mayo, invitando a la poblaci\u00f3n a que acuda a las sedes con todas las medidas sanitarias y utilizando en todo momento el cubrebocas.<\/p>\n<p>El gobierno municipal de Huixquilucan, apoyar\u00e1 en este proceso de inoculaci\u00f3n a los gobiernos estatal y federal, para que las y los huixquiluquenses inicien su cuadro de vacunaci\u00f3n contra Covid-19.<\/p>\n","protected":false},"excerpt":{"rendered":"<p>El primer d\u00eda de vacunaci\u00f3n contra Covid-19 en Huixquilucan para personas de 50 a 59 a\u00f1os, se desarroll\u00f3 con gran participaci\u00f3n, en las sedes habilitadas para este fin.<\/p>\n","protected":false},"author":3,"featured_media":506176,"comment_status":"open","ping_status":"open","sticky":false,"template":"","format":"standard","meta":{"_monsterinsights_skip_tracking":false,"_monsterinsights_sitenote_active":false,"_monsterinsights_sitenote_note":"","_monsterinsights_sitenote_category":0,"footnotes":""},"categories":[5],"tags":[47891,43675,1097,4713],"class_list":["post-506025","post","type-post","status-publish","format-standard","has-post-thumbnail","hentry","category-estado-de-mexico","tag-afluencia","tag-estado-de-mexico","tag-huixquilucan","tag-vacuna"],"_links":{"self":[{"href":"https:\/\/www.diarioimagen.net\/index.php?rest_route=\/wp\/v2\/posts\/506025","targetHints":{"allow":["GET"]}}],"collection":[{"href":"https:\/\/www.diarioimagen.net\/index.php?rest_route=\/wp\/v2\/posts"}],"about":[{"href":"https:\/\/www.diarioimagen.net\/index.php?rest_route=\/wp\/v2\/types\/post"}],"author":[{"embeddable":true,"href":"https:\/\/www.diarioimagen.net\/index.php?rest_route=\/wp\/v2\/users\/3"}],"replies":[{"embeddable":true,"href":"https:\/\/www.diarioimagen.net\/index.php?rest_route=%2Fwp%2Fv2%2Fcomments&post=506025"}],"version-history":[{"count":0,"href":"https:\/\/www.diarioimagen.net\/index.php?rest_route=\/wp\/v2\/posts\/506025\/revisions"}],"wp:featuredmedia":[{"embeddable":true,"href":"https:\/\/www.diarioimagen.net\/index.php?rest_route=\/wp\/v2\/media\/506176"}],"wp:attachment":[{"href":"https:\/\/www.diarioimagen.net\/index.php?rest_route=%2Fwp%2Fv2%2Fmedia&parent=506025"}],"wp:term":[{"taxonomy":"category","embeddable":true,"href":"https:\/\/www.diarioimagen.net\/index.php?rest_route=%2Fwp%2Fv2%2Fcategories&post=506025"},{"taxonomy":"post_tag","embeddable":true,"href":"https:\/\/www.diarioimagen.net\/index.php?rest_route=%2Fwp%2Fv2%2Ftags&post=506025"}],"curies":[{"name":"wp","href":"https:\/\/api.w.org\/{rel}","templated":true}]}}