{"id":506027,"date":"2021-05-07T00:02:21","date_gmt":"2021-05-07T05:02:21","guid":{"rendered":"https:\/\/www.diarioimagen.net\/?p=506027"},"modified":"2021-05-07T05:02:35","modified_gmt":"2021-05-07T10:02:35","slug":"david-parra-se-pronuncio-por-garantizar-derecho-al-trabajo-a-personas-con-capacidades-diferentes","status":"publish","type":"post","link":"https:\/\/www.diarioimagen.net\/?p=506027","title":{"rendered":"David Parra se pronunci\u00f3 por garantizar derecho al trabajo a personas con capacidades diferentes"},"content":{"rendered":"<p>&nbsp;<\/p>\n<ul>\n<li><strong><em>Abanderado para el distrito local 32<\/em><\/strong><\/li>\n<\/ul>\n<p>&nbsp;<\/p>\n<div id=\"attachment_506170\" style=\"width: 470px\" class=\"wp-caption aligncenter\"><a href=\"https:\/\/www.diarioimagen.net\/?attachment_id=506170\" rel=\"attachment wp-att-506170\"><img loading=\"lazy\" decoding=\"async\" aria-describedby=\"caption-attachment-506170\" class=\"size-full wp-image-506170\" src=\"https:\/\/www.diarioimagen.net\/wp-content\/uploads\/2021\/05\/CAMACHO-7-c.jpg\" alt=\"\" width=\"460\" height=\"270\" \/><\/a><p id=\"caption-attachment-506170\" class=\"wp-caption-text\">David Parra S\u00e1nchez dej\u00f3 claro el amplio prop\u00f3sito de apoyar desde el Congreso mexiquense a este trascendente sector de la poblaci\u00f3n.<\/p><\/div>\n<p>&nbsp;<\/p>\n<p><strong>Naucalpan, Estado de M\u00e9xico<\/strong>.- El candidato de la coalici\u00f3n electoral \u201cVa por el Edomex\u201d, en el distrito electoral local No. 32 con cabecera en Naucalpan, se comprometi\u00f3 a legislar para elevar a rango constitucional el derecho de la mujer a pensi\u00f3n por parte de hombres pol\u00edgamos.<\/p>\n<p>Es decir, a todos aquellos sujetos que tienen hijos dentro y fuera del matrimonio, y que no le entregan a nadie la manutenci\u00f3n, y son las madres de familia quienes los \u201csacan adelante\u201d.<\/p>\n<p>Manifest\u00f3 que es de vital importancia, la obligaci\u00f3n de darles a cada una de ellos y a ellas, el sustento necesario para su desarrollo individual y profesional.<\/p>\n<p>En ese marco, insisti\u00f3, a efecto de proteger a las madres de familia, al tiempo que destac\u00f3 la intenci\u00f3n tambi\u00e9n de generar leyes contra, \u201cpadres golpeadores y adem\u00e1s pol\u00edgamos\u201d.<\/p>\n<p>Bajo es l\u00f3gica, pidi\u00f3 a las mujeres en uni\u00f3n matrimonial, concubinato o libre, \u201carmase de valor\u201d y realizar la denuncia ante las autoridades correspondientes.<\/p>\n<p>En una reuni\u00f3n vecinal en Ampliaci\u00f3n San Lorenzo, Parra S\u00e1nchez dej\u00f3 claro el amplio prop\u00f3sito de apoyar desde el Congreso mexiquense a este trascendente sector de la poblaci\u00f3n.<\/p>\n<p>Asimismo, se\u00f1al\u00f3 el ocuparse en la enmienda para garantizar el derecho del trabajo a personas con capacidades diferentes, abri\u00e9ndoles la oportunidad a un ingreso permanente.<\/p>\n<p>Parra record\u00f3 a los vecinos que se dieron cita, la desaparici\u00f3n de guarder\u00edas, el seguro popular, los comedores comunitarias, la falta de medicamentos a ni\u00f1os con c\u00e1ncer y al menos 109 fideicomisos.<\/p>\n<p>Reproch\u00f3 el discurso de odio, de segregaci\u00f3n, fragmentaci\u00f3n y divisi\u00f3n del pa\u00eds del Jefe de Estado, entre \u201cFifis y chairos, Los ricos y pobres, las mafias del poder, siendo el tambi\u00e9n poder\u201d.<\/p>\n<p>Lament\u00f3 desde esa perspectiva, la as\u00ed tambi\u00e9n desaparici\u00f3n de la clase media, la que en un momento determinado son el sost\u00e9n de este grandioso M\u00e9xico.<\/p>\n<p>En ese orden, agreg\u00f3 los altos precios de la canasta b\u00e1sica, el elevado precio del gas y gasolinas y los 11 millones de nuevos pobres, a la vez de la falta de empleo, salud, educaci\u00f3n y seguridad.<\/p>\n","protected":false},"excerpt":{"rendered":"<p>El candidato de la coalici\u00f3n electoral \u201cVa por el Edomex\u201d, en el distrito electoral local No. 32 con cabecera en Naucalpan, se comprometi\u00f3 a legislar para elevar a rango constitucional el derecho de la mujer a pensi\u00f3n por parte de hombres pol\u00edgamos.<\/p>\n","protected":false},"author":3,"featured_media":506170,"comment_status":"open","ping_status":"open","sticky":false,"template":"","format":"standard","meta":{"_monsterinsights_skip_tracking":false,"_monsterinsights_sitenote_active":false,"_monsterinsights_sitenote_note":"","_monsterinsights_sitenote_category":0,"footnotes":""},"categories":[5],"tags":[91497,43675,970,8961],"class_list":["post-506027","post","type-post","status-publish","format-standard","has-post-thumbnail","hentry","category-estado-de-mexico","tag-david-parra","tag-estado-de-mexico","tag-naucalpan","tag-trabajo"],"_links":{"self":[{"href":"https:\/\/www.diarioimagen.net\/index.php?rest_route=\/wp\/v2\/posts\/506027","targetHints":{"allow":["GET"]}}],"collection":[{"href":"https:\/\/www.diarioimagen.net\/index.php?rest_route=\/wp\/v2\/posts"}],"about":[{"href":"https:\/\/www.diarioimagen.net\/index.php?rest_route=\/wp\/v2\/types\/post"}],"author":[{"embeddable":true,"href":"https:\/\/www.diarioimagen.net\/index.php?rest_route=\/wp\/v2\/users\/3"}],"replies":[{"embeddable":true,"href":"https:\/\/www.diarioimagen.net\/index.php?rest_route=%2Fwp%2Fv2%2Fcomments&post=506027"}],"version-history":[{"count":0,"href":"https:\/\/www.diarioimagen.net\/index.php?rest_route=\/wp\/v2\/posts\/506027\/revisions"}],"wp:featuredmedia":[{"embeddable":true,"href":"https:\/\/www.diarioimagen.net\/index.php?rest_route=\/wp\/v2\/media\/506170"}],"wp:attachment":[{"href":"https:\/\/www.diarioimagen.net\/index.php?rest_route=%2Fwp%2Fv2%2Fmedia&parent=506027"}],"wp:term":[{"taxonomy":"category","embeddable":true,"href":"https:\/\/www.diarioimagen.net\/index.php?rest_route=%2Fwp%2Fv2%2Fcategories&post=506027"},{"taxonomy":"post_tag","embeddable":true,"href":"https:\/\/www.diarioimagen.net\/index.php?rest_route=%2Fwp%2Fv2%2Ftags&post=506027"}],"curies":[{"name":"wp","href":"https:\/\/api.w.org\/{rel}","templated":true}]}}