{"id":506029,"date":"2021-05-07T00:01:31","date_gmt":"2021-05-07T05:01:31","guid":{"rendered":"https:\/\/www.diarioimagen.net\/?p=506029"},"modified":"2021-05-07T05:04:41","modified_gmt":"2021-05-07T10:04:41","slug":"armando-navarrete-escucha-a-jovenes-y-hace-suyas-sus-inquietudes-opiniones-y-propuestas","status":"publish","type":"post","link":"https:\/\/www.diarioimagen.net\/?p=506029","title":{"rendered":"Armando Navarrete escucha a j\u00f3venes y hace suyas sus inquietudes, opiniones y propuestas"},"content":{"rendered":"<p>&nbsp;<\/p>\n<ul>\n<li><strong><em>Candidato a la alcald\u00eda de Nicol\u00e1s Romero<\/em><\/strong><\/li>\n<\/ul>\n<p>&nbsp;<\/p>\n<div id=\"attachment_506172\" style=\"width: 470px\" class=\"wp-caption aligncenter\"><a href=\"https:\/\/www.diarioimagen.net\/?attachment_id=506172\" rel=\"attachment wp-att-506172\"><img loading=\"lazy\" decoding=\"async\" aria-describedby=\"caption-attachment-506172\" class=\"size-full wp-image-506172\" src=\"https:\/\/www.diarioimagen.net\/wp-content\/uploads\/2021\/05\/CAMACHO7-b.jpg\" alt=\"\" width=\"460\" height=\"270\" \/><\/a><p id=\"caption-attachment-506172\" class=\"wp-caption-text\">El candidato Armando Navarrete L\u00f3pez sostuvo una mesa de di\u00e1logo con j\u00f3venes nicol\u00e1sromerenses, quienes externaron sus opiniones y propuestas.<\/p><\/div>\n<p>&nbsp;<\/p>\n<p><strong>Nicol\u00e1s Romero, Estado de M\u00e9xico<\/strong>.- Para el candidato de morena a la presidencia municipal, Armando Navarrete L\u00f3pez, escuchar a la juventud, sus inquietudes, puntos de vista, aspiraciones y necesidades es fundamental, por lo que sostuvo una mesa de di\u00e1logo con j\u00f3venes nicol\u00e1sromerenses, quienes externaron sus opiniones y propuestas, respecto de temas esenciales para la vida de la demarcaci\u00f3n.<\/p>\n<p>A trav\u00e9s de un innovador ejercicio, que se desarroll\u00f3 con preguntas guardadas en una pecera y que fueron sacadas al azar por los participantes, conformados por estudiantes, personas de la comunidad de la diversidad sexual y deportistas, entre otros, el abanderado de la izquierda, hizo suyos los planteamientos de \u00e9stos, lo que enriquecer\u00e1 su proyecto y le permitir\u00e1 aplicarlo el pr\u00f3ximo trienio, de ser electo como alcalde.<\/p>\n<p>Durante el conversatorio, se abordaron los temas: \u201c\u00bfC\u00f3mo lograr en Nicol\u00e1s Romero una verdadera equidad de g\u00e9nero?\u201d, \u00bfC\u00f3mo lograr que haya menos discriminaci\u00f3n y m\u00e1s respeto a la diversidad sexual? Y: \u00bfC\u00f3mo acercar a los j\u00f3venes de Nicol\u00e1s Romero a la cultura?<\/p>\n<p>Ante la primera pregunta, los panelistas coincidieron en se\u00f1alar que para avanzar en la equidad de g\u00e9nero, se requiere romper estereotipos que se han arrastrado durante mucho tiempo en la sociedad, adem\u00e1s de que se necesita generar inclusi\u00f3n para todos, y abrir la participaci\u00f3n a hombres y mujeres por igual, en todos los \u00e1mbitos.<\/p>\n<p>Precisaron que hacen falta espacios seguros para las mujeres, fomentar pol\u00edticas p\u00fablicas que fomenten la independencia y autonom\u00eda econ\u00f3mica del sexo femenino.<\/p>\n<p>Al respecto, Armando Navarrete destac\u00f3 que la equidad de g\u00e9nero es un gran tema,\u00a0 que no tiene que ver con pensar diferente, puesto que eso es natural y consider\u00f3 que se requiere erradicar el machismo y potencializar con mayor \u00e9nfasis que las mujeres ejerzan sus derechos, \u201cporque en la realidad es distinto, como cuando se acude al Ministerio P\u00fablico a denunciar la violencia y all\u00e1 le dicen a la afectada, que por qu\u00e9 hizo enojar a su pareja, en lugar de apoyarla\u201d.<\/p>\n<p>A\u00f1adi\u00f3 que antes de la llegada de morena al gobierno, las mujeres ten\u00edan que aguantarse no \u00fanicamente de los piropeos sino adem\u00e1s de cosas peores, como tocamientos, \u201cpero hoy eso est\u00e1 sancionado en el Bando Municipal; por las mujeres se ha trabajado intensamente, se abri\u00f3 la Puerta Violeta, se habilit\u00f3 la Unidad de G\u00e9nero, se expidi\u00f3 la Tarjeta Violeta y se gestion\u00f3 la creaci\u00f3n de una agencia especializada contra las\u00a0 agresiones de que llegan a ser objeto, tambi\u00e9n se cre\u00f3 la herramienta digital Bot\u00f3n Violeta, se ha protegido a la mujer\u201d. Record\u00f3 que en administraciones anteriores, \u201cera com\u00fan el acoso dentro del gobierno municipal hacia las compa\u00f1eras, pero se tomaron cartas en el asunto\u201d.<\/p>\n<p>Sobre este tema, el candidato morenista apunt\u00f3 que la cultura se debe acercar a los j\u00f3venes y a todos, \u201ca medida que demos ese acceso, podremos transformar nuestra realidad, hemos avanzado mucho en este tema y aunque falta mucho por hacer, hay muchos talleristas enfocados a las bellas artes, adem\u00e1s de que construimos la RACU, (La Red de Municipios Por los Derechos de Acceso a la Cultura), la cultura no es s\u00f3lo entretenimiento, es un derecho humano que se ha privatizado, pero ganando morena instalaremos la primera escuela municipal de teatro, la primera municipal de danza y la escuela municipal de m\u00fasica, afortunadamente tenemos d\u00f3nde generar teatro, conciertos, exposiciones\u201d, puntualiz\u00f3 Navarrete L\u00f3pez.<\/p>\n","protected":false},"excerpt":{"rendered":"<p>Para el candidato de morena a la presidencia municipal, Armando Navarrete L\u00f3pez, escuchar a la juventud, sus inquietudes, puntos de vista, aspiraciones y necesidades es fundamental, por lo que sostuvo una mesa de di\u00e1logo con j\u00f3venes nicol\u00e1sromerenses, quienes externaron sus opiniones y propuestas, respecto de temas esenciales para la vida de la demarcaci\u00f3n.<\/p>\n","protected":false},"author":3,"featured_media":506172,"comment_status":"open","ping_status":"open","sticky":false,"template":"","format":"standard","meta":{"_monsterinsights_skip_tracking":false,"_monsterinsights_sitenote_active":false,"_monsterinsights_sitenote_note":"","_monsterinsights_sitenote_category":0,"footnotes":""},"categories":[5],"tags":[81770,43675,260,752],"class_list":["post-506029","post","type-post","status-publish","format-standard","has-post-thumbnail","hentry","category-estado-de-mexico","tag-armando-navarrete","tag-estado-de-mexico","tag-jovenes","tag-nicolas-romero"],"_links":{"self":[{"href":"https:\/\/www.diarioimagen.net\/index.php?rest_route=\/wp\/v2\/posts\/506029","targetHints":{"allow":["GET"]}}],"collection":[{"href":"https:\/\/www.diarioimagen.net\/index.php?rest_route=\/wp\/v2\/posts"}],"about":[{"href":"https:\/\/www.diarioimagen.net\/index.php?rest_route=\/wp\/v2\/types\/post"}],"author":[{"embeddable":true,"href":"https:\/\/www.diarioimagen.net\/index.php?rest_route=\/wp\/v2\/users\/3"}],"replies":[{"embeddable":true,"href":"https:\/\/www.diarioimagen.net\/index.php?rest_route=%2Fwp%2Fv2%2Fcomments&post=506029"}],"version-history":[{"count":0,"href":"https:\/\/www.diarioimagen.net\/index.php?rest_route=\/wp\/v2\/posts\/506029\/revisions"}],"wp:featuredmedia":[{"embeddable":true,"href":"https:\/\/www.diarioimagen.net\/index.php?rest_route=\/wp\/v2\/media\/506172"}],"wp:attachment":[{"href":"https:\/\/www.diarioimagen.net\/index.php?rest_route=%2Fwp%2Fv2%2Fmedia&parent=506029"}],"wp:term":[{"taxonomy":"category","embeddable":true,"href":"https:\/\/www.diarioimagen.net\/index.php?rest_route=%2Fwp%2Fv2%2Fcategories&post=506029"},{"taxonomy":"post_tag","embeddable":true,"href":"https:\/\/www.diarioimagen.net\/index.php?rest_route=%2Fwp%2Fv2%2Ftags&post=506029"}],"curies":[{"name":"wp","href":"https:\/\/api.w.org\/{rel}","templated":true}]}}