{"id":506051,"date":"2021-05-07T00:00:58","date_gmt":"2021-05-07T05:00:58","guid":{"rendered":"https:\/\/www.diarioimagen.net\/?p=506051"},"modified":"2021-05-07T01:43:48","modified_gmt":"2021-05-07T06:43:48","slug":"enfrenta-excesiva-regulacion-seguridad-privada","status":"publish","type":"post","link":"https:\/\/www.diarioimagen.net\/?p=506051","title":{"rendered":"Enfrenta excesiva regulaci\u00f3n, seguridad privada"},"content":{"rendered":"<h2>Hora 14<\/h2>\n<h5>Mauricio Conde Olivares<\/h5>\n<p>&nbsp;<\/p>\n<p>Grupo Aeroportuario del Sureste, S.A.B. de C.V. (NYSE: ASR; BMV: ASUR) ASUR Grupo l\u00edder internacional de aeropuertos con operaciones en M\u00e9xico, Estados Unidos y Colombia, anunci\u00f3 ayer que el tr\u00e1fico total de pasajeros para abril de 2021 inform\u00f3 una recuperaci\u00f3n interanual de 1.2 millones de pasajeros alcanzando un total de 3.5 millones de pasajeros, frente a los 0.2 millones de abril de 2020.<\/p>\n<p>Esto todav\u00eda est\u00e1 por debajo de los 4.6 millones de pasajeros informados en abril de 2019, lo que refleja una menor demanda de viajes en general. Y restricciones en ciertos pa\u00edses del mundo para contener la propagaci\u00f3n del virus COVID-19.<\/p>\n<p>En comparaci\u00f3n con los niveles previos a la pandemia de abril de 2019, el tr\u00e1fico de pasajeros disminuy\u00f3 28.1% en M\u00e9xico y 38.8% en Colombia, mientras que el tr\u00e1fico en Puerto Rico aument\u00f3 1.7% Todas las cifras reflejan comparaciones entre el periodo del 1 al 30 de abril de 2021 y del 1 al 30 de abril de 2020 y 2019.<\/p>\n<p>Hay que tener en cuenta que la Semana Santa de 2020 se llev\u00f3 a cabo entre el 5 y el 12 de abril, mientras que para el a\u00f1o 2021 se llev\u00f3 a cabo del 28 de marzo al 4 de abril. Se excluyen pasajeros en tr\u00e1nsito y de aviaci\u00f3n general solo para M\u00e9xico y Colombia.<\/p>\n<p>Grupo Aeroportuario del Sureste, S.A.B. de C.V. (ASUR) es un operador aeroportuario internacional l\u00edder con una cartera de concesiones para operar, mantener y desarrollar 16 aeropuertos en el continente Americano.<\/p>\n<p>Opera nueve aeropuertos en el sureste de M\u00e9xico, incluyendo el aeropuerto de Canc\u00fan, el destino tur\u00edstico m\u00e1s importante en M\u00e9xico, el Caribe y Am\u00e9rica Latina y seis aeropuertos en el norte de Colombia, incluyendo el aeropuerto internacional de Medell\u00edn (Rio Negro), el segundo m\u00e1s transitado en Colombia.<\/p>\n<p>En otro orden, le informo que el Instituto Electoral de Quintana Roo (IEQROO), lanz\u00f3 por tercera ocasi\u00f3n la convocatoria para la contrataci\u00f3n de aspirantes a ocupar los cargos de Capacitador\/a Asistente Electoral Local (CAEL), para los municipios de Solidaridad y Benito Ju\u00e1rez, en el marco del contexto del Proceso Electoral Local 2021 del pr\u00f3ximo 6 de junio. La fecha l\u00edmite de registro es el 11 de mayo.<\/p>\n<p>Los requisitos para poder obtener esta oportunidad de trabajo, son muy sencillos como ser mayores de edad, tener la credencial para votar vigente, haber acreditado como m\u00ednimo, el nivel de educaci\u00f3n secundaria, ser residente en el municipio donde el interesado solicite su inscripci\u00f3n de participaci\u00f3n, no tener 60 a\u00f1os de edad o m\u00e1s al d\u00eda de la Jornada Electoral, entre otras.<\/p>\n<p>Esta es una buena oportunidad de participar e involucrarse en la jornada electoral local, donde se habr\u00e1 de elegir a los integrantes de los once Ayuntamientos del Estado, y adem\u00e1s obtener un importante ingreso que oscila entre los 9 mil mensuales.<\/p>\n<p>El IEQROO, invit\u00f3 a las ciudadanas y ciudadanos mayores de edad, a que se acerquen a las oficinas de los Consejos Municipales de Benito Ju\u00e1rez que se ubican en SM 92, MZ 115, Lotes 4 y 5, Av. Puerto Ju\u00e1rez (Av. Talleres) y a las oficinas del Consejo Municipal de Solidaridad, ubicada en Avenida 15 Norte Mza 467, lotes 3 y 4. Esquina con Calle 90 Norte. Colonia Luis Donaldo Colosio para m\u00e1s informaci\u00f3n al respecto.<\/p>\n<p>Las actividades del Capacitador\/a Asistente Electoral Local, es la asistencia electoral, es decir, recibir toda la documentaci\u00f3n y material electoral que se utilizar\u00e1 el d\u00eda de las elecciones, clasificarlas, empaquetarlas y posteriormente entregarlas a las y los ciudadanos que fungir\u00e1n como presidentes\/as de las Mesas Directivas de Casillas el d\u00eda 6 de junio, entre otras actividades.<\/p>\n<p>Por otra parte, d\u00e9jeme contarle que el gran problema de M\u00e9xico en materia de seguridad es el cambio de pol\u00edticas cada seis a\u00f1os. Esto hace que las estrategias, inclusive las instituciones, se modifiquen constantemente y empiecen los planes de cero.<\/p>\n<p>Pero la delincuencia organizada no cede, tiene objetivos claros y metas transexenales. Ese es el verdadero problema al que se enfrentan los gobiernos estatales, municipales y el federal, asegur\u00f3 Ver\u00f3nica Torres Landa Castelazo, directora ejecutiva de la Asociaci\u00f3n Mexicana de Empresas de Seguridad Privada (AMESP).<\/p>\n<p>Al participar en el foro Segurity e-Volution, organizado por Prosegur Segurity, una de las 117 empresas que conforman la AMESP, destac\u00f3 que cada seis a\u00f1os se reinventan las estrategias e instituciones para abatir a la delincuencia y \u00e9sta contin\u00faa y contin\u00faa con mucho mayor fuerza y multiplicaci\u00f3n, porque antes nada m\u00e1s eran c\u00e1rteles que se dedicaban al tr\u00e1fico de drogas o al narcomenudeo y hoy son grupos que dominan territorios e incluso toman decisiones. Esto lo hace mucho m\u00e1s complejo y dif\u00edcil de atender.<\/p>\n<p>En la reuni\u00f3n, en la que participaron especialistas de Espa\u00f1a, M\u00e9xico y otras naciones de Am\u00e9rica Latina, coment\u00f3 que la seguridad p\u00fablica actualmente se atiende en nuestro pa\u00eds, a trav\u00e9s de la Guardia Nacional, que cuenta con 319 mil efectivos en el territorio nacional.<\/p>\n<p>Los integrantes de este nuevo cuerpo de perfil militar son: la Secretar\u00eda de la Defensa Nacional (Sedena), Secretar\u00eda de Marina (Semar) y los miembros de la extinta Polic\u00eda Federal, perteneciente a la tambi\u00e9n extinta Comisi\u00f3n Nacional de Seguridad, pero atienden todo, incluyendo 27 tareas civiles. Desde construcci\u00f3n de obra p\u00fablica, proximidad, inteligencia, seguridad, Estado de derecho, puertos, batalla contra el sargazo, desastres naturales, apoyo a programas del bienestar, distribuci\u00f3n de libros, atenci\u00f3n a crisis sanitaria, contenci\u00f3n y atenci\u00f3n a los migrantes, entre otros. En suma, una multiplicidad de funciones, pero hoy no han logrado disminuir la delincuencia com\u00fan ni la organizada.<\/p>\n<p>Lo anterior ha dado pie, explic\u00f3 la directora ejecutiva de AMESP, al crecimiento en la demanda de seguridad privada, la cual tambi\u00e9n en M\u00e9xico es muy compleja porque hay 3 mil 400 empresas que aparentemente existen en el pa\u00eds, pero la verdad es que nadie sabe cu\u00e1ntas hay en M\u00e9xico, ni las autoridades federales, ni las estatales o municipales.<\/p>\n<p>\u201cTenemos entre 700 y 800 mil trabajadores en seguridad privada, las m\u00e1s importantes se agrupan en la AMESP, que cuenta con 117 afiliados y en ASUME que agrupa a 32 asociaciones de seguridad privada\u201d, explic\u00f3.<\/p>\n<p>La seguridad privada, dijo, forma parte del tri\u00e1ngulo de la seguridad en M\u00e9xico, la cual integran tambi\u00e9n la seguridad p\u00fablica y la seguridad nacional. La seguridad privada coadyuva directamente con ambas y proporciona servicios y equipamiento a las fuerzas armadas, por ejemplo, aporta el 1.8 del Producto Interno Bruto, por lo tanto, ya es un referente en seguridad y desarrollo nacional.<\/p>\n<p>Adem\u00e1s, la seguridad privada posee grandes fortalezas como el aumento constante de servicios de seguridad, contar con cada vez m\u00e1s y mejor tecnolog\u00eda en especial en materia de ciberseguridad, traslado de valores, monitoreo de alarmas y protecci\u00f3n de infraestructuras. Esto pone de relieve que la seguridad privada no s\u00f3lo son guardias, sino es el acompa\u00f1amiento integral en una estrategia de seguridad y protecci\u00f3n.<\/p>\n<p>Sin embargo, reconoci\u00f3, tambi\u00e9n existen debilidades en el sector de la seguridad privada como la alta rotaci\u00f3n en su personal, mucha informalidad por falta de capacitaci\u00f3n, desconfianza y una excesiva regulaci\u00f3n, porque hoy la rige la Ley Federal de Seguridad Privada, leyes de seguridad privada en cada estado y, en algunos casos, en ciertos municipios. Esto es un problema y una tortuosidad para los prestadores de servicios y un aliciente a la corrupci\u00f3n.<\/p>\n<p>Ver\u00f3nica Torres Landa Castelazo record\u00f3 que en 2012 se fund\u00f3 la AMESP y en 2013 ASUME y a partir de ah\u00ed fue cuando los empresarios visionarios de la seguridad privada buscaron posicionar a esta como un ente prioritario para la seguridad y pacificaci\u00f3n del pa\u00eds.<\/p>\n<p>Para constituir una asociaci\u00f3n democr\u00e1tica, se busc\u00f3 que prevaleciera el esp\u00edritu de las empresas de seguridad privada para enaltecer la importancia del sector. Lo que ha hecho la AMESP es democratizar la seguridad privada. No hay conflicto de intereses sino una unidad en la visi\u00f3n que busca fortalecer el sector de la seguridad privada. \u201cLa AMESP es una representaci\u00f3n seria y comprometida que se hace escuchar y sabe ayudar tanto a asociados como autoridades\u201d, asegur\u00f3.<\/p>\n<p>Como objetivos prioritarios de esta Asociaci\u00f3n est\u00e1n: impulsar la creaci\u00f3n de una C\u00e1mara Nacional de la Industria de la Seguridad Privada y llevar a la seguridad privada a la Constituci\u00f3n de la Rep\u00fablica para generar la Ley General de Seguridad Privada que busca abatir a todas estas leyes m\u00ednimas que existen en diferentes estados de la Rep\u00fablica y que promueven la corrupci\u00f3n, el burocratismo y da\u00f1an la eficiencia empresarial en demerito de los intereses de los usuarios.<\/p>\n<p>AMESP tambi\u00e9n tiene entre sus objetivos la capacitaci\u00f3n constante y profesionalizaci\u00f3n de los integrantes de este importante sector y busca afiliar a todas aquellas empresas que tengan permisos federales, permisos estatales. Es una asociaci\u00f3n que no busca tener asociados nada m\u00e1s por tenerlos, sino que cumplan con la normatividad, que est\u00e9n legalmente establecidas.<\/p>\n<p>Es por lo tanto importante destacar que denota confianza el saber que una asociaci\u00f3n como \u00e9sta avala a las empresas que prestan sus servicios y que genera mucha m\u00e1s empat\u00eda a las que forman parte de una asociaci\u00f3n, concluy\u00f3; empero, lo anterior ser\u00e1 motivo de posterior an\u00e1lisis en otra entrega de <strong><em>Hora 14<\/em><\/strong>.<\/p>\n<p><em><a href=\"mailto:%20mauricio_conde@msn.com\" target=\"_blank\" rel=\"noopener noreferrer\">mauricioconde59@outlook.com<\/a><\/em><br \/>\n<em><a href=\"https:\/\/twitter.com\/mauconde007\" target=\"_blank\" rel=\"noopener noreferrer\">@mauconde007<\/a> <\/em><br \/>\n<em><a href=\"https:\/\/mauriciocondeblog.wordpress.com\" target=\"_blank\" rel=\"noopener noreferrer\">https:\/\/mauriciocondeblog.wordpress.com<\/a><\/em><\/p>\n","protected":false},"excerpt":{"rendered":"<p><span style=\"color: #005497;\"><strong>Mauricio Conde Olivares<\/strong><\/span><\/p>\n","protected":false},"author":3,"featured_media":0,"comment_status":"open","ping_status":"open","sticky":false,"template":"","format":"standard","meta":{"_monsterinsights_skip_tracking":false,"_monsterinsights_sitenote_active":false,"_monsterinsights_sitenote_note":"","_monsterinsights_sitenote_category":0,"footnotes":""},"categories":[35889],"tags":[43712,43674,44860],"class_list":["post-506051","post","type-post","status-publish","format-standard","hentry","category-mauricio-conde-olivares","tag-mauricio-conde-olivares","tag-opinion","tag-hora-14"],"_links":{"self":[{"href":"https:\/\/www.diarioimagen.net\/index.php?rest_route=\/wp\/v2\/posts\/506051","targetHints":{"allow":["GET"]}}],"collection":[{"href":"https:\/\/www.diarioimagen.net\/index.php?rest_route=\/wp\/v2\/posts"}],"about":[{"href":"https:\/\/www.diarioimagen.net\/index.php?rest_route=\/wp\/v2\/types\/post"}],"author":[{"embeddable":true,"href":"https:\/\/www.diarioimagen.net\/index.php?rest_route=\/wp\/v2\/users\/3"}],"replies":[{"embeddable":true,"href":"https:\/\/www.diarioimagen.net\/index.php?rest_route=%2Fwp%2Fv2%2Fcomments&post=506051"}],"version-history":[{"count":0,"href":"https:\/\/www.diarioimagen.net\/index.php?rest_route=\/wp\/v2\/posts\/506051\/revisions"}],"wp:attachment":[{"href":"https:\/\/www.diarioimagen.net\/index.php?rest_route=%2Fwp%2Fv2%2Fmedia&parent=506051"}],"wp:term":[{"taxonomy":"category","embeddable":true,"href":"https:\/\/www.diarioimagen.net\/index.php?rest_route=%2Fwp%2Fv2%2Fcategories&post=506051"},{"taxonomy":"post_tag","embeddable":true,"href":"https:\/\/www.diarioimagen.net\/index.php?rest_route=%2Fwp%2Fv2%2Ftags&post=506051"}],"curies":[{"name":"wp","href":"https:\/\/api.w.org\/{rel}","templated":true}]}}