{"id":506055,"date":"2021-05-07T00:02:58","date_gmt":"2021-05-07T05:02:58","guid":{"rendered":"https:\/\/www.diarioimagen.net\/?p=506055"},"modified":"2021-05-10T00:23:43","modified_gmt":"2021-05-10T05:23:43","slug":"morena-tapadera-de-tragedia-en-linea-12","status":"publish","type":"post","link":"https:\/\/www.diarioimagen.net\/?p=506055","title":{"rendered":"Morena, \u201ctapadera\u201d de tragedia en L\u00ednea 12"},"content":{"rendered":"<h2>La Retaguardia<\/h2>\n<h5>Adriana Moreno Cordero<\/h5>\n<p><em>\u00a0<\/em><\/p>\n<ul>\n<li><strong><em>Sandra Smester, nueva Directora General de Contenido de TV Azteca<\/em><\/strong><\/li>\n<\/ul>\n<p>&nbsp;<\/p>\n<p>Luego de la desgracia ocurrida en la L\u00ednea 12 del Sistema del Transporte Colectivo Metro, el pasado lunes, que dej\u00f3 un terrible y sangriento saldo de 25 personas fallecidas y alrededor de 70 heridos que por cierto, muchos no han podido ser atendidos debidamente porque en los hospitales no hay los insumos necesarios para realizar cirug\u00edas; el presidente <strong>Andr\u00e9s Manuel L\u00f3pez Obrador<\/strong>, la jefa de Gobierno de la Ciudad de M\u00e9xico, <strong>Claudia Sheinbaum, <\/strong>y su flamante directora del Metro, <strong>Florencia Serran\u00eda<\/strong>; el no menos flamante secretario de Relaciones Exteriores, <strong>Marcelo Ebrard<\/strong>; el dirigente nacional de Morena, <strong>Mario Mart\u00edn Delgado,<\/strong> y los legisladores morenistas se han dedicado\u00a0 \u201cecharse la bolita\u201d unos a otros, evadir responsabilidades y, para variar, tratar de buscar en el pasado, en los neoliberales, a los culpables de una tragedia en la que son responsables absolutos, ellos y nadie m\u00e1s.<\/p>\n<p>Y en ese af\u00e1n de ser \u201ctapaderas\u201d de todo los que les pueda afectar, en la sesi\u00f3n de la Comisi\u00f3n Permanente, que tuvo lugar ayer, de plano, los legisladores del partido oficial frenaron la propuesta de la oposici\u00f3n -b\u00e1sicamente del PAN- para conformar una comisi\u00f3n especial que diera seguimiento a las causas que provocaron este desafortunado hecho. Desde luego, las r\u00e9moras del partido mayoritario, PT y PES, los apoyaron y de esta manera, bloquearon cualquier posibilidad de crear dicha Comisi\u00f3n. Como excusa, los morenistas y aliados, argumentaron que no le iban a entrar al juego del \u201cgolpeteo pol\u00edtico\u201d.<\/p>\n<p>La senadora del partido oficial, <strong>Bertha Caraveo<\/strong>, se\u00f1al\u00f3 desde la tribuna legislativa que\u00a0 para ellos resulta in\u00fatil y hasta insultante \u201cel circo pol\u00edtico que ha querido montar la oposici\u00f3n ante la incapacidad de ser propositivos y buscar colaborar en el proceso de cambio de r\u00e9gimen (que supuestamente pretende llevar a cabo Morena)\u201d y agreg\u00f3 que los opositores, \u201chan buscado el oportunismo ruin para posicionar sus de por s\u00ed endebles carreras\u201d.<\/p>\n<p>Qu\u00e9 equivocada est\u00e1 la senadora Caraveo; en su intervenci\u00f3n, as\u00ed como en la actitud de los legisladores morenistas, se puede percibir la desesperaci\u00f3n que tienen porque la tragedia del lunes pasado en la estaci\u00f3n Olivos de la L\u00ednea 12 del Metro, se debi\u00f3 en buena parte a la incompetencia total del gobierno capitalino, porque vecinos de Tl\u00e1huac, reiteradamente ven\u00edan reportando las muchas fallas que presenta esta L\u00ednea del Metro que parece que est\u00e1 maldita, pero no, se trata m\u00e1s bien de un problema de ineptitud por parte de la llamada cuarta transformaci\u00f3n, que protagoniza la peor tragedia que ha tenido el Sistema de Transporte Colectivo.<\/p>\n<p>Diversos analistas coinciden en que Morena pagar\u00e1 en las urnas, en las elecciones del pr\u00f3ximo 6 de junio el costo de este grav\u00edsimo e imperdonable error que quisieron poner al principio como un atentado, muy a pesar de los del partido oficial y con todo y que el presidente L\u00f3pez Obrador, viola diariamente la veda electoral para tratar de repuntar a su partido.<\/p>\n<p style=\"text-align: center;\"><strong>Municiones<\/strong><\/p>\n<p>*** <strong>Benjam\u00edn Salinas Sada<\/strong>, vicepresidente del Consejo de Administraci\u00f3n de Grupo Salinas, present\u00f3 a <strong>Sandra Smester<\/strong> como nueva directora General de Contenido de TV Azteca, lo que sin duda incentiva a la televisora a lo que ha sido su objetivo permanente, continuar creando la mejor producci\u00f3n y programaci\u00f3n de contenidos para el p\u00fablico mexicano que d\u00eda a d\u00eda y cada vez en mayor n\u00famero, optan por los canales de TV Azteca. Smester encabezar\u00e1 la mejor oferta televisiva para nuestro pa\u00eds en los canales Azteca Uno, Azteca 7 y A M\u00e1s, as\u00ed como la distribuci\u00f3n a trav\u00e9s de Azteca Digital y Azteca Internacional. Sandra Smester lleg\u00f3 a TV Azteca hace cuatro a\u00f1os, en el 2017 y desde entonces, ha demostrado su gran capacidad as\u00ed como su liderazgo; como muestra est\u00e1 que en los primeros meses de este a\u00f1o, TV Azteca alcanz\u00f3 un rating de 40.5 en horario estelar, por lo que Benjam\u00edn Salinas tiene razones de sobra para depositar su confianza en la magn\u00edfica labor que ha venido desarrollando Sandra Smester, lo que conjuga con su labor como Vicepresidenta Ejecutiva de Programaci\u00f3n de Azteca Uno. \u201cEn una industria en la que el crecimiento de las mujeres en puestos directivos estaba limitado, Sandra ha construido una carrera con base en el talento y trabajo cotidiano; conoce al p\u00fablico y sus gustos, por lo que ha sido parte fundamental de la construcci\u00f3n de la mejor televisi\u00f3n a trav\u00e9s de una TV Azteca valiente y \u00e1gil\u201d, se\u00f1al\u00f3 Salinas Sada, Vicepresidente del Consejo de Grupo Salinas.<\/p>\n<p>*** \u201cBasta de corrupci\u00f3n, vamos a poner orden en la casa y sobre todo pintaremos a Naucalpan de Naranja\u201d, manifest\u00f3 el candidato de Movimiento Ciudadano (MC) a la presidencia municipal de Naucalpan, <strong>Jos\u00e9 Adolfo Murat Mac\u00edas<\/strong>. A diferencia de otros partidos pol\u00edticos que s\u00f3lo colocan mantas con la figura de los candidatos, el abanderado de MC, conocido ya en las colonias populares de este municipio, como:\u00a0<em>\u201cEl Candidato todo terreno\u201d,\u00a0<\/em>recorre a pie, toca puertas y dialoga frente a frente con los naucalpenses. \u201cTengan por seguro que, al ganar las elecciones del pr\u00f3ximo 6 de junio, me ver\u00e1n seguido transitando las calles, barrios y colonias, para atender y resolver las necesidades de los naucalpenses, con orden y rendici\u00f3n de cuentas para beneficio del municipio\u201d, asegur\u00f3 Murat Mac\u00edas. El abanderado de Movimiento Ciudadano, quien se gana la confianza del electorado de Naucalpan, donde la inseguridad y las fugas de agua son los principales problemas que aquejan a la ciudadan\u00eda y que no se han resuelto en la presente administraci\u00f3n municipal. En este sentido, la se\u00f1ora <strong>Maribel Balc\u00e1zar<\/strong>, vecina de Naucalpan, confi\u00f3 en Jos\u00e9 Adolfo Murat, al grado de invitarlo a la casa de su hija Maribel, para que atestiguara una fuga de agua que desde hace dos meses reblandece los muros de esa morada, que pone en riesgo a la familia.<\/p>\n<p>*** Pues ahora resulta que los hijos del presidente L\u00f3pez Obrador, se meten, al igual que su padre, en la contienda electoral. \u00bfSer\u00e1 que sienten que deben hacerlo porque tienen la \u201cbendici\u00f3n\u201d de Palacio Nacional? El caso es que <strong>Jos\u00e9 Ram\u00f3n L\u00f3pez Beltr\u00e1n<\/strong>, el mayor de los productivos reto\u00f1os del tabasque\u00f1o, por las \u201cex benditas redes\u201d dio su apoyo como candidata de Morena al gobierno de Campeche, a la exalcaldesa de Alvaro Obreg\u00f3n, que dej\u00f3 todo \u201cbotado\u201d y en desorden en la demarcaci\u00f3n y hasta miembros de su propio partido se lo tuvieron que recordar, como <strong>Valentina Batres<\/strong>, cuando descubri\u00f3 tremenda fuga de agua en una colonia de la demarcaci\u00f3n\u00a0 y pregunt\u00f3 de qui\u00e9n era la responsabilidad. Pero bueno, a la se\u00f1ora Sansores Sanrom\u00e1n cre\u00e9 que con el apoyo que le dio el hijo de L\u00f3pez Obrador, le alcanzar\u00e1 para repuntar en las encuestas que por cierto, no le dan n\u00fameros tan buenos.<\/p>\n<p><u><a href=\"mailto:morcora@gmail.com\" target=\"_blank\" rel=\"noopener noreferrer\"><em>morcora@gmail.com<\/em><\/a><\/u><\/p>\n","protected":false},"excerpt":{"rendered":"<p><span style=\"color: #005497;\"><strong>Adriana Moreno Cordero<\/strong><\/span><\/p>\n","protected":false},"author":3,"featured_media":0,"comment_status":"open","ping_status":"open","sticky":false,"template":"","format":"standard","meta":{"_monsterinsights_skip_tracking":false,"_monsterinsights_sitenote_active":false,"_monsterinsights_sitenote_note":"","_monsterinsights_sitenote_category":0,"footnotes":""},"categories":[69370],"tags":[69369,69368,43674],"class_list":["post-506055","post","type-post","status-publish","format-standard","hentry","category-adriana-moreno-cordero","tag-adriana-moreno-cordero","tag-la-retaguardia","tag-opinion"],"_links":{"self":[{"href":"https:\/\/www.diarioimagen.net\/index.php?rest_route=\/wp\/v2\/posts\/506055","targetHints":{"allow":["GET"]}}],"collection":[{"href":"https:\/\/www.diarioimagen.net\/index.php?rest_route=\/wp\/v2\/posts"}],"about":[{"href":"https:\/\/www.diarioimagen.net\/index.php?rest_route=\/wp\/v2\/types\/post"}],"author":[{"embeddable":true,"href":"https:\/\/www.diarioimagen.net\/index.php?rest_route=\/wp\/v2\/users\/3"}],"replies":[{"embeddable":true,"href":"https:\/\/www.diarioimagen.net\/index.php?rest_route=%2Fwp%2Fv2%2Fcomments&post=506055"}],"version-history":[{"count":0,"href":"https:\/\/www.diarioimagen.net\/index.php?rest_route=\/wp\/v2\/posts\/506055\/revisions"}],"wp:attachment":[{"href":"https:\/\/www.diarioimagen.net\/index.php?rest_route=%2Fwp%2Fv2%2Fmedia&parent=506055"}],"wp:term":[{"taxonomy":"category","embeddable":true,"href":"https:\/\/www.diarioimagen.net\/index.php?rest_route=%2Fwp%2Fv2%2Fcategories&post=506055"},{"taxonomy":"post_tag","embeddable":true,"href":"https:\/\/www.diarioimagen.net\/index.php?rest_route=%2Fwp%2Fv2%2Ftags&post=506055"}],"curies":[{"name":"wp","href":"https:\/\/api.w.org\/{rel}","templated":true}]}}