{"id":506065,"date":"2021-05-07T00:04:00","date_gmt":"2021-05-07T05:04:00","guid":{"rendered":"https:\/\/www.diarioimagen.net\/?p=506065"},"modified":"2021-05-07T02:05:15","modified_gmt":"2021-05-07T07:05:15","slug":"la-grilla-igual-o-peor","status":"publish","type":"post","link":"https:\/\/www.diarioimagen.net\/?p=506065","title":{"rendered":"La \u201cgrilla\u201d, igual o peor"},"content":{"rendered":"<h2>Punto por punto<\/h2>\n<h5>Augusto Corro<\/h5>\n<p>&nbsp;<\/p>\n<p>La pol\u00edtica a la mexicana no cambia. En el proceso de las elecciones intermedias se repitieron los esc\u00e1ndalos pol\u00edticos.<\/p>\n<p>En el partido Movimiento Regeneraci\u00f3n Nacional (Morena) se vieron acciones que recordaban al viejo PRI.<\/p>\n<p>Nepotismo, amiguismo e influyentismo siguen presentes en la vida diaria de las organizaciones pol\u00edticas.<\/p>\n<p>As\u00ed, la herencia de cargos p\u00fablicos es un mal que ser\u00e1 muy dif\u00edcil erradicar.<\/p>\n<p>A los \u201cgrillos\u201d poco o nada les importa el qu\u00e9 dir\u00e1n y con total desfachatez heredan el poder pol\u00edtico a parientes o amigos.<\/p>\n<p>A pesar de que se trata de cargos de representaci\u00f3n popular, los pol\u00edticos sortean todos los obst\u00e1culos, sin importar el grado de dificultad.\u00a0 Todo sea para mantenerse o ingresar a la enorme lista de pol\u00edticos que viven del presupuesto o arriban al gobierno para enriquecerse. Se pens\u00f3 que con la llegada de un nuevo partido al poder, ya no se registrar\u00edan hechos tan criticados como el nepotismo, amiguismo e influyentismo.<\/p>\n<p>Pero vemos que en la Cuarta Transformaci\u00f3n (4T), el proyecto pol\u00edtico del obradorismo, no hay cambios en esa materia.<\/p>\n<p>El ejemplo m\u00e1s reciente lo ofreci\u00f3 el senador con licencia F\u00e9lix Salgado Macedonio, frustrado candidato a la gubernatura de Guerrero.<\/p>\n<p>Las autoridades electorales le cancelaron la candidatura al controvertido legislador, pero se las arregl\u00f3 de tal manera para que su hija lo sustituyera en la contienda electoral.\u00a0 Y Evelyn Salgado Pineda ser\u00e1, casi es un hecho, la pr\u00f3xima gobernadora de Guerrero.<\/p>\n<p>La lista de familiares de pol\u00edticos es muy larga. Son personas afiliadas a partidos pol\u00edticos que no tienen posibilidades de ganar.<\/p>\n<p style=\"text-align: center;\"><strong>Pandemia <\/strong><\/p>\n<p>Por cierto, las elecciones intermedias capitalinas se efectuar\u00e1n en un panorama sombr\u00edo derivado de la pandemia de la Covid-19.<\/p>\n<p>Los electores reflexionar\u00e1n para decir a quien le dar\u00e1n su voto. Tendr\u00e1n que analizar los resultados de la lucha contra el coronavirus.<\/p>\n<p>Si bien es cierto que se avanza en la vacunaci\u00f3n, a\u00fan quedan amplios sectores de la sociedad que no han sido inmunizados.<\/p>\n<p>En esas condiciones las autoridades no pueden cantar victoria. Tienen todav\u00eda que esmerarse en el combate al virus, que ya mostr\u00f3 que puede ser m\u00e1s peligroso.<\/p>\n<p>Concretamente, se debe cuidar el manejo del sem\u00e1foro sanitario para evitar el relajamiento de las medidas anti-Covid-19.<\/p>\n<p>En la Ciudad de M\u00e9xico no hay color verde y las calles, transporte p\u00fablico, centros comerciales, etc., la gente ya se olvid\u00f3 de la pandemia.<\/p>\n<p style=\"text-align: center;\"><strong>Tragedia en el Metro<\/strong><\/p>\n<p>Por otra parte, al inicio de semana se derrumb\u00f3 el puente del Metro y dos vagones se precipitaron de una altura de m\u00e1s de 15 metros.<\/p>\n<p>Veinticinco usuarios perecieron y decenas resultaron lesionadas. La tragedia afect\u00f3 a familias de escasos recursos econ\u00f3micos.<\/p>\n<p>Los familiares de las v\u00edctimas tambi\u00e9n tuvieron que enfrentarse a la deficiente atenci\u00f3n de las autoridades.\u00a0 En algunos casos, en los hospitales no se contaba con los medicamentos suficientes para atender a los heridos.<\/p>\n<p>Es com\u00fan que el gobierno capitalino sea sorprendido por todo tipo de accidentes, sin tener la preparaci\u00f3n y los recursos para atender las emergencias.<\/p>\n<p>La tragedia en el Metro ya estaba anunciada. Desde su inauguraci\u00f3n, la llamada \u201cL\u00ednea Dorada\u201d (L\u00ednea 12) siempre present\u00f3 problemas estructurales.<\/p>\n<p>De nada sirvieron las advertencias sobre el mal estado de las instalaciones.<\/p>\n<p>D\u00edas antes de la tragedia de la Estaci\u00f3n Olivos, la gente env\u00edo fotos y videos sobre los da\u00f1os en las estructuras.<\/p>\n<p>No se hizo caso. En la Ciudad de M\u00e9xico como que nos acostumbramos poco a poco a vivir en el peligro.<\/p>\n<p>\u00bfSe reflejar\u00e1 en el resultado electoral lo ocurrido en el Metro?<\/p>\n<p>\u00bfUsted qu\u00e9 opina amable lector?<\/p>\n<p><a href=\"mailto:aco2742@hotmail.com\" target=\"_blank\" rel=\"noopener noreferrer\"><em>aco2742@hotmail.com<\/em><\/a><\/p>\n","protected":false},"excerpt":{"rendered":"<p><span style=\"color: #005497;\"><strong>Augusto Corro<\/strong><\/span><\/p>\n","protected":false},"author":3,"featured_media":0,"comment_status":"open","ping_status":"open","sticky":false,"template":"","format":"standard","meta":{"_monsterinsights_skip_tracking":false,"_monsterinsights_sitenote_active":false,"_monsterinsights_sitenote_note":"","_monsterinsights_sitenote_category":0,"footnotes":""},"categories":[157],"tags":[43686,43674,11515],"class_list":["post-506065","post","type-post","status-publish","format-standard","hentry","category-augusto-corro","tag-augusto-corro","tag-opinion","tag-punto-por-punto"],"_links":{"self":[{"href":"https:\/\/www.diarioimagen.net\/index.php?rest_route=\/wp\/v2\/posts\/506065","targetHints":{"allow":["GET"]}}],"collection":[{"href":"https:\/\/www.diarioimagen.net\/index.php?rest_route=\/wp\/v2\/posts"}],"about":[{"href":"https:\/\/www.diarioimagen.net\/index.php?rest_route=\/wp\/v2\/types\/post"}],"author":[{"embeddable":true,"href":"https:\/\/www.diarioimagen.net\/index.php?rest_route=\/wp\/v2\/users\/3"}],"replies":[{"embeddable":true,"href":"https:\/\/www.diarioimagen.net\/index.php?rest_route=%2Fwp%2Fv2%2Fcomments&post=506065"}],"version-history":[{"count":0,"href":"https:\/\/www.diarioimagen.net\/index.php?rest_route=\/wp\/v2\/posts\/506065\/revisions"}],"wp:attachment":[{"href":"https:\/\/www.diarioimagen.net\/index.php?rest_route=%2Fwp%2Fv2%2Fmedia&parent=506065"}],"wp:term":[{"taxonomy":"category","embeddable":true,"href":"https:\/\/www.diarioimagen.net\/index.php?rest_route=%2Fwp%2Fv2%2Fcategories&post=506065"},{"taxonomy":"post_tag","embeddable":true,"href":"https:\/\/www.diarioimagen.net\/index.php?rest_route=%2Fwp%2Fv2%2Ftags&post=506065"}],"curies":[{"name":"wp","href":"https:\/\/api.w.org\/{rel}","templated":true}]}}