{"id":506086,"date":"2021-05-07T00:12:17","date_gmt":"2021-05-07T05:12:17","guid":{"rendered":"https:\/\/www.diarioimagen.net\/?p=506086"},"modified":"2021-05-07T02:23:21","modified_gmt":"2021-05-07T07:23:21","slug":"comision-permanente-debate-por-el-desplome-en-la-linea-12","status":"publish","type":"post","link":"https:\/\/www.diarioimagen.net\/?p=506086","title":{"rendered":"Comisi\u00f3n Permanente debate por el desplome en la L\u00ednea 12"},"content":{"rendered":"<h2>Tras la puerta del poder<\/h2>\n<h5>Roberto Vizca\u00edno<\/h5>\n<p>&nbsp;<\/p>\n<p>Oposici\u00f3n y morenistas convirtieron ayer la primera sesi\u00f3n de la Comisi\u00f3n Permanente en la sede del Senado, y bajo la presidencia del chiapaneco <strong>Eduardo Ram\u00edrez<\/strong> en un duro campo de batalla verbal y pol\u00edtica para culparse mutuamente por el colapso y muertes de la L\u00ednea 12 del Metro.<\/p>\n<p>Morena y aliados rechazaron por la v\u00eda de la aplanadora, no por la del voto razonado, la exigencia del PAN y otros de la oposici\u00f3n de crear una Comisi\u00f3n de Investigaci\u00f3n Legislativa Plural, a fin de indagar las verdaderas causas y los responsables del desplome entre las estaciones Tezonco y Olivos de la L\u00ednea 12 en Tlahuac.<\/p>\n<p>Durante el debate, los senadores de Morena coordinados por <strong>Ricardo Monreal<\/strong> se volcaron a exculpar al ahora canciller <strong>Marcelo Ebrard<\/strong>, y quien fuera el jefe de Gobierno que construy\u00f3 con graves deficiencias y con multimillonarios sobreprecios y opacidades la conflictiva L\u00ednea 12 del Metro.<\/p>\n<p><strong>Bertha Caraveo<\/strong>, senadora de Morena por Chihuahua, en una muy forzada maroma dentro del debate, intent\u00f3 trasladar la responsabilidad del desastre al ex jefe de Gobierno capitalino y ahora tambi\u00e9n senador, <strong>Miguel \u00c1ngel Mancera<\/strong>, quien sucedi\u00f3 en el cargo a <strong>Ebrard<\/strong>.<\/p>\n<p>La legisladora chihuahuense subray\u00f3 que la responsabilidad de <strong>Ebrard<\/strong> concluy\u00f3 el 8 de julio de 2013 cuando, luego de 8 meses de revisiones, <strong>Mancera<\/strong> -como jefe de Gobierno- y <strong>Joel Ortega<\/strong>, entonces director del Metro, \u201crecibieron la obra sin objeciones y de total conformidad\u201d. E insisti\u00f3: <strong>Mancera<\/strong> \u201crecibi\u00f3 y acredit\u00f3 como segura y operable\u201d la L\u00ednea 12&#8230; lo que indica que los defectos y fallas surgieron despu\u00e9s a causa de falta de mantenimiento.<\/p>\n<p>Durante el debate opositores exigieron el desafuero y cese inmediato del canciller <strong>Marcelo Ebrard<\/strong> y la jefa de Gobierno capitalina, <strong>Claudia Sheinbaum,<\/strong> y a su vez los \u201cmorenos\u201d exigieron trato igual para el senador <strong>Miguel \u00c1ngel Mancera<\/strong>.<\/p>\n<p>Y para meter de lleno a <strong>Mancera<\/strong> entre los posibles culpables del derrumbe de la L\u00ednea 12, la senadora M\u00f3nica Fern\u00e1ndez, ex presidenta del Senado, pidi\u00f3 que <strong>Mancera<\/strong> junto con <strong>Jorge Gavi\u00f1o Ambriz,<\/strong> ex director del Metro -quien hoy busca la reelecci\u00f3n como diputado local por el PRD-, rindan un informe sobre las afectaciones y supuestas reparaciones realizadas durante su administraci\u00f3n a la L\u00ednea 12, despu\u00e9s del terremoto de 2017.<\/p>\n<p>\u201cSe tiene que llegar a la verdad. Claro que queremos justicia, pero esto no se logra con estridencias en la tribuna. Si hay culpables, que se castigue\u201d, dijo la senadora.<\/p>\n<p>Durante el debate hubo de todo. Incluso la participaci\u00f3n de la senadora morenista de Durango, <strong>Margarita Valdez,<\/strong> quien adelant\u00f3 su hip\u00f3tesis de que \u201cgente perversa pudo haber movido la ballena\u201d, para que ocurriera el desplome.<\/p>\n<p>Y pidi\u00f3 indagar si hubo \u201cma\u00f1as\u201d que provocaran la tragedia.<\/p>\n<p>\u201cNo sabe uno si hay gente perversa, que hay mucho aqu\u00ed en M\u00e9xico, que en un descuido van y le mueven a la <em>ballena<\/em> para que se caiga&#8230; yo tengo una mente muy de \u00bfpor qu\u00e9 pasan las cosas? \u00bfpor qu\u00e9 no hab\u00edan pasado antes?\u201d.<\/p>\n<p>Es en serio, no se r\u00edan&#8230;<\/p>\n<p style=\"text-align: center;\"><strong>Y Monreal se fue a Chihuahua<\/strong><\/p>\n<p>Luego del duro debate, en el que logr\u00f3 atajar los se\u00f1alamientos contra <strong>Ebrard <\/strong>y la jefa de Gobierno capitalino, el coordinador de los senadores de Morena y presidente de la Junta de Coordinaci\u00f3n Pol\u00edtica del Senado viaj\u00f3 a Ciudad Ju\u00e1rez donde present\u00f3 sus libros <em>21 Razones para el 21<\/em> y <em>Nulidades y procedimientos sancionadores en materia electoral<\/em>.<\/p>\n<p>Ah\u00ed, adelant\u00f3 que ya est\u00e1 preparando la iniciativa de reforma electoral para presentarla despu\u00e9s de las elecciones del 6 de junio.<\/p>\n<p>Su propuesta, dijo, contemplar\u00e1 la disminuci\u00f3n de diputados y senadores <em>pluris<\/em>, el uso de urnas electr\u00f3nicas, la disminuci\u00f3n de funciones de los consejeros electorales a fin de que no invadan las facultades del Poder Legislativo, y para cuidar que sus sanciones no sean desproporcionadas.<\/p>\n<p>La reforma electoral pr\u00f3xima, indic\u00f3, inevitablemente buscar\u00e1 una disminuci\u00f3n sustancial del financiamiento de la organizaci\u00f3n de las elecciones, la regulaci\u00f3n de las redes sociales y su impacto en los comicios, entre otros.<\/p>\n<p>\u201cLes quiero comentar que en este proceso electoral se gastar\u00e1n m\u00e1s de 40 mil millones de pesos. Es decir, se erogar\u00e1n m\u00e1s recursos de los que se invirtieron en vacunas\u201d, se\u00f1al\u00f3.<\/p>\n<p><em><a href=\"mailto:rvizcainoa@gmail.com\" target=\"_blank\" rel=\"noopener noreferrer\">rvizcainoa@gmail.com<\/a><br \/>\n<u><a href=\"http:\/\/endirecto.mx\" target=\"_blank\" rel=\"noopener noreferrer\">www.endirecto.mx<\/a><br \/>\n<a href=\"https:\/\/twitter.com\/_rvizcaino\" target=\"_blank\" rel=\"noopener noreferrer\">@_RVizcaino<\/a><br \/>\n<a href=\"https:\/\/www.facebook.com\/rvizcainoa\" target=\"_blank\" rel=\"noopener noreferrer\">facebook.com\/rvizcainoa<\/a><\/u><\/em><\/p>\n","protected":false},"excerpt":{"rendered":"<p><span style=\"color: #005497;\"><strong>Roberto Vizca\u00edno<\/strong><\/span><br \/>\n<br \/>\nOposici\u00f3n y morenistas convirtieron ayer la primera sesi\u00f3n de la Comisi\u00f3n Permanente en la sede del Senado, y bajo la presidencia del chiapaneco <strong>Eduardo Ram\u00edrez<\/strong> en un duro campo de batalla verbal y pol\u00edtica para culparse mutuamente por el colapso y muertes de la L\u00ednea 12 del Metro.<\/p>\n","protected":false},"author":3,"featured_media":0,"comment_status":"open","ping_status":"open","sticky":false,"template":"","format":"standard","meta":{"_monsterinsights_skip_tracking":false,"_monsterinsights_sitenote_active":false,"_monsterinsights_sitenote_note":"","_monsterinsights_sitenote_category":0,"footnotes":""},"categories":[136],"tags":[43674,93,94],"class_list":["post-506086","post","type-post","status-publish","format-standard","hentry","category-roberto-vizcaino-opinion","tag-opinion","tag-roberto-vizcaino","tag-tras-la-puerta-del-poder"],"_links":{"self":[{"href":"https:\/\/www.diarioimagen.net\/index.php?rest_route=\/wp\/v2\/posts\/506086","targetHints":{"allow":["GET"]}}],"collection":[{"href":"https:\/\/www.diarioimagen.net\/index.php?rest_route=\/wp\/v2\/posts"}],"about":[{"href":"https:\/\/www.diarioimagen.net\/index.php?rest_route=\/wp\/v2\/types\/post"}],"author":[{"embeddable":true,"href":"https:\/\/www.diarioimagen.net\/index.php?rest_route=\/wp\/v2\/users\/3"}],"replies":[{"embeddable":true,"href":"https:\/\/www.diarioimagen.net\/index.php?rest_route=%2Fwp%2Fv2%2Fcomments&post=506086"}],"version-history":[{"count":0,"href":"https:\/\/www.diarioimagen.net\/index.php?rest_route=\/wp\/v2\/posts\/506086\/revisions"}],"wp:attachment":[{"href":"https:\/\/www.diarioimagen.net\/index.php?rest_route=%2Fwp%2Fv2%2Fmedia&parent=506086"}],"wp:term":[{"taxonomy":"category","embeddable":true,"href":"https:\/\/www.diarioimagen.net\/index.php?rest_route=%2Fwp%2Fv2%2Fcategories&post=506086"},{"taxonomy":"post_tag","embeddable":true,"href":"https:\/\/www.diarioimagen.net\/index.php?rest_route=%2Fwp%2Fv2%2Ftags&post=506086"}],"curies":[{"name":"wp","href":"https:\/\/api.w.org\/{rel}","templated":true}]}}