{"id":506195,"date":"2021-05-10T00:13:21","date_gmt":"2021-05-10T05:13:21","guid":{"rendered":"https:\/\/www.diarioimagen.net\/?p=506195"},"modified":"2021-05-10T23:52:28","modified_gmt":"2021-05-11T04:52:28","slug":"panteones-de-cancun-con-acceso-restringido-este-dia-de-las-madres","status":"publish","type":"post","link":"https:\/\/www.diarioimagen.net\/?p=506195","title":{"rendered":"Panteones de Canc\u00fan, con acceso restringido este D\u00eda de las Madres"},"content":{"rendered":"<h2>Derecho de r\u00e9plica<\/h2>\n<h5>Jos\u00e9 Luis Monta\u00f1ez<\/h5>\n<p>&nbsp;<\/p>\n<ul>\n<li><strong><em>Autoridades toman medidas para evitar una mayor propagaci\u00f3n del virus<\/em><\/strong><\/li>\n<\/ul>\n<p>&nbsp;<\/p>\n<div id=\"attachment_506307\" style=\"width: 470px\" class=\"wp-caption aligncenter\"><a href=\"https:\/\/www.diarioimagen.net\/?attachment_id=506307\" rel=\"attachment wp-att-506307\"><img loading=\"lazy\" decoding=\"async\" aria-describedby=\"caption-attachment-506307\" class=\"size-full wp-image-506307\" src=\"https:\/\/www.diarioimagen.net\/wp-content\/uploads\/2021\/05\/derecho-3.jpg\" alt=\"\" width=\"460\" height=\"270\" \/><\/a><p id=\"caption-attachment-506307\" class=\"wp-caption-text\">Los panteones municipales \u201cLos Olivos\u201d y \u201cLos \u00c1lamos\u201d tendr\u00e1n una entrada limitada este lunes.<\/p><\/div>\n<p>&nbsp;<\/p>\n<p>En el marco del sem\u00e1foro naranja de riesgo epidemiol\u00f3gico, que se mantiene una semana m\u00e1s en todo el territorio quintanarroense y con el objetivo de evitar una mayor propagaci\u00f3n del virus, autoridades de Canc\u00fan han determinado restringir el acceso a los panteones de esta ciudad durante todo el D\u00eda de las Madres que se celebra hoy.<\/p>\n<p>De tal manera, que el Ayuntamiento de Benito Ju\u00e1rez inform\u00f3 que este lunes, los panteones municipales Los Olivos y Los \u00c1lamos tendr\u00e1n una entrada limitada para cumplir con los protocolos sanitarios, es decir, que el acceso se permitir\u00e1 \u00fanicamente de 10:00 a 13:00 horas y de 15:00 a 17:00 horas.<\/p>\n<p>Asimismo, se inform\u00f3 que se contar\u00e1 con presencia de la Polic\u00eda Municipal, quienes se encargar\u00e1n de hacer respetar los horarios, l\u00edmites de aforo y por supuesto, las medidas de prevenci\u00f3n frente a la contingencia sanitaria, por lo que solicitar\u00e1n a los visitantes, el uso correcto y obligatorio en todo momento del cubrebocas, lo mismo aplicaci\u00f3n de gel antibacterial.<\/p>\n<p>Aunado a lo anterior, quedar\u00e1 prohibido el ingreso con ni\u00f1os, es decir, que no hay paso a menores de edad y solo podr\u00e1n pasar dos personas por familia, con una entrada u salida controlada para no rebasar los l\u00edmites y evitar amontonamiento de personas.<\/p>\n<p>Finalmente, autoridades hicieron un llamado a la poblaci\u00f3n a fin de que celebren este d\u00eda de una forma responsable, ya que la crisis sanitaria continua y en el caso de Quintana Roo se enfrenta una nueva ola de contagios, que podr\u00eda empeorar en las pr\u00f3ximas semanas si no se tiene una actitud responsable.<\/p>\n<p>De haber un rebrote, no s\u00f3lo Canc\u00fan, sino toda la entidad corre el riesgo de regresar al sem\u00e1foro rojo, es por ello que este d\u00eda de las madres es clave para evitar un escenario m\u00e1s complicado.<\/p>\n<p style=\"text-align: center;\"><strong>Pandemia sigue ganando terreno en el estado; seguimos en naranja <\/strong><\/p>\n<p>La contingencia sanitaria a raz\u00f3n de la Covid-19 contin\u00faa ganando terreno en Quintana Roo; y es que despu\u00e9s de una jornada vacacional sin el cumplimiento adecuado de las medidas de prevenci\u00f3n frente a la enfermedad, era de esperarse, no s\u00f3lo el rebrote que hoy vivimos con m\u00e1s de un centenar de contagios nuevos diariamente, sino adem\u00e1s, con el retroceso en el sem\u00e1foro epidemiol\u00f3gico estatal, que permanecer\u00e1 una semana m\u00e1s en color naranja, es decir, que de hoy 10 de mayo y hasta el 16, las restricciones en este marco deben ser respetadas.<\/p>\n<p>Uno de los municipios m\u00e1s afectados en esa nueva ola de la enfermedad, es Benito Ju\u00e1rez (Canc\u00fan), que registr\u00f3, en la \u00faltima semana, un aumento del 65 por ciento de contagios, de acuerdo con las gr\u00e1ficas del comportamiento de Covid-19 en el estado.<\/p>\n<p>En este escenario, el gobernador de Quintana Roo, Carlos Joaqu\u00edn Gonz\u00e1lez, expres\u00f3 que ahora Benito Ju\u00e1rez tiene la gr\u00e1fica m\u00e1s alta de contagios de la historia, reportando por arriba de los 60 casos por d\u00eda, cifras que han encendido las alertas de las autoridades, que contin\u00faan pidiendo cuidados especiales para revertir los contagios.<\/p>\n<p>Por su parte, el presidente de la Canirac, Marcy Bezaleel Pacheco, y el vicepresidente de Restaurantes Taco Factory, Julio Roberts, se comprometieron a aplicar estrictamente los protocolos sanitarios y respetar los aforos durante los festejos por el d\u00eda de las madres, lo anterior lo declararon durante el programa Conexi\u00f3n Ciudadana, transmitido por el Sistema Quintanarroense de Comunicaci\u00f3n Social y las redes de la Coordinaci\u00f3n General de Comunicaci\u00f3n.<\/p>\n<p>\u201cSe aplicar\u00e1 la estrategia Mesa Segura y se fomentar\u00e1n las reservaciones para proporcionar un mejor servicio, proteger la salud y continuar con el proceso de recuperaci\u00f3n econ\u00f3mica. De esta manera logramos que no se presente mas gente de la permitida en cada uno de los establecimientos y con ello, sumar a que la entidad regrese lo mas pronto posible al color amarillo\u201d se\u00f1alaron.<\/p>\n<p style=\"text-align: center;\"><strong>Disminuci\u00f3n importante en tres municipios<\/strong><\/p>\n<p>En contraparte, las gr\u00e1ficas de contagios por municipios reveladas por el gobernador, Carlos Joaqu\u00edn, dejaron ver que Tulum, Puerto Morelos y Jos\u00e9 Mar\u00eda Morelos registraron una disminuci\u00f3n del 100 por ciento de contagios en la \u00faltima semana; mientras que Solidaridad (Playa del Carmen), tuvo una disminuci\u00f3n del 37 por ciento, con un ascenso de nuevo en los \u00faltimos d\u00edas; asimismo, Felipe Carrillo Puerto y Cozumel, presentaron una disminuci\u00f3n del 10 por ciento.<\/p>\n<p>Por otra parte, L\u00e1zaro C\u00e1rdenas increment\u00f3 el 10 por ciento, Isla Mujeres el 16 por ciento, Oth\u00f3n P. Blanco (Chetumal) el 20 por ciento, Bacalar el 54 por ciento y Benito Ju\u00e1rez (Canc\u00fan) el 65 por ciento que representa el comportamiento en la zona norte, por lo que se requiere de much\u00edsimo cuidado y atenci\u00f3n.<\/p>\n<p>Es por lo anterior, que las autoridades determinaron que la semana del 10 al 16 de mayo pr\u00f3ximos, todo el estado de Quintana Roo se mantiene en color naranja en el Sem\u00e1foro Epidemiol\u00f3gico Estatal y advirtieron que con la celebraci\u00f3n del D\u00eda de las Madres, si no se respetan los h\u00e1bitos, medidas y protocolos, se corre el riesgo de retroceder ahora hacia el color rojo.<\/p>\n<p>Por ello, el gobernador hizo un llamado para que este 10 de mayo, se celebre con responsabilidad \u201ccon el compromiso de cuidar la salud porque las curvas de contagio nos pueden llevar al color rojo en el Sem\u00e1foro Epidemiol\u00f3gico Estatal\u201d, asever\u00f3.<\/p>\n<p>Sobre el avance en la campa\u00f1a de vacunaci\u00f3n, el titular del Ejecutivo estatal dio a conocer que en los seis municipios donde empez\u00f3 la vacunaci\u00f3n a mujeres y hombres de 50 a 59 ya se tiene un avance de m\u00e1s del 50 por ciento., mientras que la meta es aplicar 32 mil 233 vacunas en este rango de edad.<\/p>\n<p>Y los cinco municipios faltantes todav\u00eda no est\u00e1n programados, pero se espera que esta semana cuando la secretaria de Salud, Alejandra Aguirre Crespo, presente en el programa, \u201ces muy importante mantener los h\u00e1bitos, los protocolos, las medidas sanitarias, a\u00fan cuando haya gente vacunada, pues todav\u00eda vivimos la pandemia por la Covid-19\u201d, coment\u00f3 la funcionaria.<\/p>\n<p><em>Escr\u00edbame a mi mail: <\/em><em><a href=\"mailto:montanezaguilar@gmail.com\" target=\"_blank\" rel=\"noopener noreferrer\">montanezaguilar@gmail.com<\/a><\/em><\/p>\n","protected":false},"excerpt":{"rendered":"<p><span style=\"color: #005497;\"><strong>Jos\u00e9 Luis Monta\u00f1ez<\/strong><\/span><br \/>\n<br \/>\nEn el marco del sem\u00e1foro naranja de riesgo epidemiol\u00f3gico, que se mantiene una semana m\u00e1s en todo el territorio quintanarroense y con el objetivo de evitar una mayor propagaci\u00f3n del virus, autoridades de Canc\u00fan han determinado restringir el acceso a los panteones de esta ciudad durante todo el D\u00eda de las Madres que se celebra hoy.<\/p>\n","protected":false},"author":3,"featured_media":506307,"comment_status":"open","ping_status":"open","sticky":false,"template":"","format":"standard","meta":{"_monsterinsights_skip_tracking":false,"_monsterinsights_sitenote_active":false,"_monsterinsights_sitenote_note":"","_monsterinsights_sitenote_category":0,"footnotes":""},"categories":[11622,25512],"tags":[47840,54579,43674],"class_list":["post-506195","post","type-post","status-publish","format-standard","has-post-thumbnail","hentry","category-jose-luis-montanez-aguilar","category-nacional-nacional","tag-derecho-de-replica","tag-jose-luis-montanez","tag-opinion"],"_links":{"self":[{"href":"https:\/\/www.diarioimagen.net\/index.php?rest_route=\/wp\/v2\/posts\/506195","targetHints":{"allow":["GET"]}}],"collection":[{"href":"https:\/\/www.diarioimagen.net\/index.php?rest_route=\/wp\/v2\/posts"}],"about":[{"href":"https:\/\/www.diarioimagen.net\/index.php?rest_route=\/wp\/v2\/types\/post"}],"author":[{"embeddable":true,"href":"https:\/\/www.diarioimagen.net\/index.php?rest_route=\/wp\/v2\/users\/3"}],"replies":[{"embeddable":true,"href":"https:\/\/www.diarioimagen.net\/index.php?rest_route=%2Fwp%2Fv2%2Fcomments&post=506195"}],"version-history":[{"count":0,"href":"https:\/\/www.diarioimagen.net\/index.php?rest_route=\/wp\/v2\/posts\/506195\/revisions"}],"wp:featuredmedia":[{"embeddable":true,"href":"https:\/\/www.diarioimagen.net\/index.php?rest_route=\/wp\/v2\/media\/506307"}],"wp:attachment":[{"href":"https:\/\/www.diarioimagen.net\/index.php?rest_route=%2Fwp%2Fv2%2Fmedia&parent=506195"}],"wp:term":[{"taxonomy":"category","embeddable":true,"href":"https:\/\/www.diarioimagen.net\/index.php?rest_route=%2Fwp%2Fv2%2Fcategories&post=506195"},{"taxonomy":"post_tag","embeddable":true,"href":"https:\/\/www.diarioimagen.net\/index.php?rest_route=%2Fwp%2Fv2%2Ftags&post=506195"}],"curies":[{"name":"wp","href":"https:\/\/api.w.org\/{rel}","templated":true}]}}