{"id":506200,"date":"2021-05-10T00:01:46","date_gmt":"2021-05-10T05:01:46","guid":{"rendered":"https:\/\/www.diarioimagen.net\/?p=506200"},"modified":"2021-05-10T03:15:57","modified_gmt":"2021-05-10T08:15:57","slug":"los-mexicanos-no-podran-visitar-israel-por-considerar-que-es-pais-de-alto-riesgo","status":"publish","type":"post","link":"https:\/\/www.diarioimagen.net\/?p=506200","title":{"rendered":"Los mexicanos no podr\u00e1n visitar Israel, por considerar que es pa\u00eds de alto riesgo"},"content":{"rendered":"<h2>De cinco estrellas<\/h2>\n<h5>Victoria Gonz\u00e1lez Prado<\/h5>\n<p><strong>\u00a0<\/strong><\/p>\n<ul>\n<li><strong><em>Amadeus ofrece contenido para hoteles y autos de forma centralizada, r\u00e1pida, fiable y f\u00e1cil de usar<\/em><\/strong><\/li>\n<li><strong><em>El WTTC brinda decidido impulso al proceso de reactivaci\u00f3n responsable de la actividad tur\u00edstica global<\/em><\/strong><\/li>\n<\/ul>\n<p>&nbsp;<\/p>\n<div id=\"attachment_506310\" style=\"width: 470px\" class=\"wp-caption aligncenter\"><a href=\"https:\/\/www.diarioimagen.net\/?attachment_id=506310\" rel=\"attachment wp-att-506310\"><img loading=\"lazy\" decoding=\"async\" aria-describedby=\"caption-attachment-506310\" class=\"size-full wp-image-506310\" src=\"https:\/\/www.diarioimagen.net\/wp-content\/uploads\/2021\/05\/turismo-3.jpg\" alt=\"\" width=\"460\" height=\"270\" \/><\/a><p id=\"caption-attachment-506310\" class=\"wp-caption-text\">Mexicanos no podr\u00e1n visitar Israel.<\/p><\/div>\n<p>&nbsp;<\/p>\n<p>Hace unos d\u00edas entr\u00f3 en vigor nueva medida del gobierno de Israel que no permite la entrada a mexicanos y pasajeros extranjeros que viajen desde M\u00e9xico o que hayan estado los \u00faltimos 14 d\u00edas en territorio mexicano, aunque cuenten con el esquema de vacunaci\u00f3n completo.<\/p>\n<p>La nueva regulaci\u00f3n para los viajeros se debe a los repuntes de Covid-19 y las variantes que se registran en el mundo.<\/p>\n<p>La embajada de Israel en M\u00e9xico suspendi\u00f3 todos los permisos. \u201cLa raz\u00f3n es porque M\u00e9xico, junto con otros seis pa\u00edses, es considerado de alto riesgo por la pandemia del Covid-19 y sus variantes\u201d, indica el comunicado.<\/p>\n<p>Tendr\u00e1n luz verde los pasajeros extranjeros que ya cuentan con permiso v\u00e1lido emitido por la embajada pero, \u201cdeber\u00e1n permanecer en cuarentena durante 14 d\u00edas en instalaci\u00f3n gubernamental. Los ciudadanos israel\u00edes que regresen a su pa\u00eds tendr\u00e1n la oportunidad de realizar la cuarentena domiciliaria.<\/p>\n<p>\u2730\u2730\u2730\u2730\u2730 Con la intenci\u00f3n de mejorar la experiencia de compras y satisfacer todo tipo de clientes, <em>Amadeus,<\/em> por medio de sus plataformas y socios ofrece oferta de\u00a0\u00a0 hoteles y autos de forma centralizada, r\u00e1pida, fiable y f\u00e1cil de usar.<\/p>\n<p>Con la nueva alianza entre <em>Booking.com<\/em> y <em>Amadeus Value Hotels (AVH), <\/em>\u00a0programa de tarifas netas de hoteles de la plataforma las agencias de viaje pueden seleccionar m\u00e1s hoteles para reservar a sus clientes.<\/p>\n<p>Los distribuidores de viajes podr\u00e1m acceder al amplio contenido que ofrecen mediante la plataforma de viajes todo tipo de modalidades, desde hoteles, moteles y resorts hasta casas, apartamentos y otros.<\/p>\n<p>Las agencias de viajes se beneficiar\u00e1n directamente del 30 por ciento de descuento\u00a0 en las opciones de alojamiento que ofrece <em>Amadeus<\/em>: pueden acceder al nuevo contenido mediante varios puntos de venta, como <em>Amadeus Selling Platform Connect<\/em> y, para las reservas de viajes de empresa: <em>Amadeus cytric Travel &amp; Expense.<\/em><\/p>\n<p>Asimismo, <em>Amadeus Value Hotels<\/em> provee gran variedad de alternativas de alojamiento al mejor precio posible, es el balance perfecto entre los m\u00e1rgenes de ganancia y valor al cliente. AVH ofrece m\u00e1s de 500 mil\u00a0propiedades con selecci\u00f3n de destinos y tipos de habitaciones; adem\u00e1s,\u00a0 tarifas prepagadas para que las agencias de viaje reciban ingresos anticipados y no deban esperar hasta despu\u00e9s del <em>check-out.<\/em> AVH est\u00e1 totalmente integrado en la plataforma de hoteles de <em>Amadeus <\/em>y combina varios elementos de viaje en \u00fanico registro de viajeros (PNR).<\/p>\n<p>El socio comercial de <em>Amadeus <\/em>para alquiler de autos es <em>Agentcars, <\/em>que ofrece renta de autos de forma din\u00e1mica, r\u00e1pida y simple. Todo el inventario de <em>Agentcars,<\/em> est\u00e1 disponible en <em>Amadeus Selling Platform Connect <\/em>mediane <em>Smart Tab. <\/em>Con las principales empresas de alquiler de autos, para que los clientes que buscan comodidad y rapidez puedan hacer sus reservas en l\u00ednea y desde cualquier lugar. Gracias a esta integraci\u00f3n las agencias de viaje tienen producto integrado a su flujo de trabajo con el que pueden ofrecer a sus clientes m\u00e1s opciones para crear el viaje adecuado a sus necesidades.<\/p>\n<p>Este contenido adicional permitir\u00e1 responder a la demanda de los viajeros de contar con amplio abanico de opciones, acceder a distintos precios y disfrutar la comodidad de tener un solo itinerario para todo el viaje, desde el principio hasta el final.<\/p>\n<p>\u2730\u2730\u2730\u2730\u2730 M\u00e1s de 30 mil personas, v\u00eda<em> online<\/em>, participaron en la reciente Cumbre Mundial del WTTC en Canc\u00fan y dieron seguimiento a los trabajos del encuentro internacional, que permiti\u00f3 marcar la ruta para la recuperaci\u00f3n de los viajes y el turismo.<\/p>\n<p><strong>Gloria Guevara Manzo<\/strong>, presidenta y CEO del WTTC, hizo balance de los trabajos celebrados y dijo: \u201cel formato h\u00edbrido del evento result\u00f3 ser un \u00e9xito que super\u00f3 la participaci\u00f3n prevista en la parte digital, con m\u00e1s de 30 mil seguidores del encuentro y m\u00e1s de 174 millones de impactos en redes sociales\u201d.<\/p>\n<p>Atribuy\u00f3 lo anterior, a la importancia que reviste la actividad tur\u00edstica a nivel mundial y al inter\u00e9s que genera el sector de viajes y turismo, entre prestadores de servicios y viajeros. En el encuentro glboal \u2014en formato h\u00edbrido\u2014 se reunieron en Canc\u00fan 600 delegados internacionales, y la participaci\u00f3n virtual en la plataforma digital del evento.<\/p>\n<p>\u201cLa Cumbre demostr\u00f3 que s\u00ed es posible realizar viajes y eventos internacionales, con todas las medidas de bioseguridad, es por ello que nuestro evento ya es considerado un caso de \u00e9xito y referente global en esta materia\u201d, agreg\u00f3 <strong>Guevara Manzo<\/strong>.<\/p>\n<p>Asimismo indic\u00f3 que \u201clos representantes de la industria global de viajes y turismo coincidieron en se\u00f1alar que el sector se encuentra en la ruta correcta hacia el proceso de recuperaci\u00f3n. Nos sentimos muy satisfechos por los logros alcanzados durante el encuentro global, especialmente por el anuncio que hicieron los empresarios para invertir 2.5 mil millones de d\u00f3lares en proyectos tur\u00edsticos en M\u00e9xico, que permitir\u00e1n recuperar m\u00e1s de 100 mil empleos que fueron afectados por la emergencia sanitaria\u201d, declar\u00f3.<\/p>\n<p>Otro resultado de la cumbre fue el lanzamiento de la Declaraci\u00f3n de Canc\u00fan, que dar\u00e1 decidido impulso a la inclusi\u00f3n de la mujer. En este segmento, se cont\u00f3 con la presencia de la tenista profesional <strong>Martina Navratilova<\/strong>, defensora de las causas de la mujer.<\/p>\n<p><strong>Gloria Guevara <\/strong>reiter\u00f3 el agradecimiento a las 20 delegaciones internacionales de pa\u00edses como Arabia Saudita, Alemania, Argentina, Brasil, Canad\u00e1, Estados Unidos, Portugal, Nueva Zelanda y Turqu\u00eda, entre otros; y a los 110 oradores que analizaron los retos y acciones a seguir por la actividad tur\u00edstica global. A los 40 pa\u00edses que acudieron y la presencia del gobernador de Quintana Roo, <strong>Carlos Joaqu\u00edn Gonz\u00e1lez<\/strong> anfitri\u00f3n del encuentro internacional.<\/p>\n<p>El WTTC considera que si\u00a0la movilidad y los viajes internacionales se reanudan en junio de este a\u00f1o, impulsar\u00e1n significativamente el PIB a 48.5 por ciento a nivel mundial, Adem\u00e1s, su contribuci\u00f3n podr\u00eda alcanzar casi los mismos niveles de 2019 en 2022, con nuevo aumento, 25.3 por cidento, interanual.<\/p>\n<p>&nbsp;<\/p>\n<blockquote>\n<p style=\"text-align: right;\">\u201c<strong>El<\/strong> <strong>\u00e1ngel de la fama tiene sus alas hechas de papel&#8230; peri\u00f3dico\u201d.<br \/>\n<\/strong><\/p>\n<\/blockquote>\n<p>&nbsp;<\/p>\n<p><em><span class=\"Apple-converted-space\"><a href=\"mailto:victoriagprado@gmail.com\" target=\"_blank\" rel=\"noopener noreferrer\">victoriagprado@gmail.com<\/a><br \/>\nTwitter: <a href=\"https:\/\/twitter.com\/victoriagprado\" target=\"_blank\" rel=\"noopener noreferrer\">@victoriagprado<\/a><\/span><\/em><\/p>\n","protected":false},"excerpt":{"rendered":"<p>Hace unos d\u00edas entr\u00f3 en vigor nueva medida del gobierno de Israel que no permite la entrada a mexicanos y pasajeros extranjeros que viajen desde M\u00e9xico o que hayan estado los \u00faltimos 14 d\u00edas en territorio mexicano, aunque cuenten con el esquema de vacunaci\u00f3n completo.<\/p>\n","protected":false},"author":3,"featured_media":506310,"comment_status":"open","ping_status":"open","sticky":false,"template":"","format":"standard","meta":{"_monsterinsights_skip_tracking":false,"_monsterinsights_sitenote_active":false,"_monsterinsights_sitenote_note":"","_monsterinsights_sitenote_category":0,"footnotes":""},"categories":[11],"tags":[107,43674,106],"class_list":["post-506200","post","type-post","status-publish","format-standard","has-post-thumbnail","hentry","category-turismo","tag-de-cinco-estrellas","tag-opinion","tag-victoria-gonzalez-prado"],"_links":{"self":[{"href":"https:\/\/www.diarioimagen.net\/index.php?rest_route=\/wp\/v2\/posts\/506200","targetHints":{"allow":["GET"]}}],"collection":[{"href":"https:\/\/www.diarioimagen.net\/index.php?rest_route=\/wp\/v2\/posts"}],"about":[{"href":"https:\/\/www.diarioimagen.net\/index.php?rest_route=\/wp\/v2\/types\/post"}],"author":[{"embeddable":true,"href":"https:\/\/www.diarioimagen.net\/index.php?rest_route=\/wp\/v2\/users\/3"}],"replies":[{"embeddable":true,"href":"https:\/\/www.diarioimagen.net\/index.php?rest_route=%2Fwp%2Fv2%2Fcomments&post=506200"}],"version-history":[{"count":0,"href":"https:\/\/www.diarioimagen.net\/index.php?rest_route=\/wp\/v2\/posts\/506200\/revisions"}],"wp:featuredmedia":[{"embeddable":true,"href":"https:\/\/www.diarioimagen.net\/index.php?rest_route=\/wp\/v2\/media\/506310"}],"wp:attachment":[{"href":"https:\/\/www.diarioimagen.net\/index.php?rest_route=%2Fwp%2Fv2%2Fmedia&parent=506200"}],"wp:term":[{"taxonomy":"category","embeddable":true,"href":"https:\/\/www.diarioimagen.net\/index.php?rest_route=%2Fwp%2Fv2%2Fcategories&post=506200"},{"taxonomy":"post_tag","embeddable":true,"href":"https:\/\/www.diarioimagen.net\/index.php?rest_route=%2Fwp%2Fv2%2Ftags&post=506200"}],"curies":[{"name":"wp","href":"https:\/\/api.w.org\/{rel}","templated":true}]}}