{"id":506202,"date":"2021-05-10T00:05:00","date_gmt":"2021-05-10T05:05:00","guid":{"rendered":"https:\/\/www.diarioimagen.net\/?p=506202"},"modified":"2021-05-10T23:52:41","modified_gmt":"2021-05-11T04:52:41","slug":"llama-naucalpan-a-mantener-medidas-preventivas-en-festejos-del-10-de-mayo","status":"publish","type":"post","link":"https:\/\/www.diarioimagen.net\/?p=506202","title":{"rendered":"Llama Naucalpan a mantener medidas preventivas en festejos del 10 de mayo"},"content":{"rendered":"<p>&nbsp;<\/p>\n<h3 style=\"text-align: center;\">Celebraci\u00f3n del D\u00eda de las Madres<\/h3>\n<p>&nbsp;<\/p>\n<div id=\"attachment_506358\" style=\"width: 470px\" class=\"wp-caption aligncenter\"><a href=\"https:\/\/www.diarioimagen.net\/?attachment_id=506358\" rel=\"attachment wp-att-506358\"><img loading=\"lazy\" decoding=\"async\" aria-describedby=\"caption-attachment-506358\" class=\"size-full wp-image-506358\" src=\"https:\/\/www.diarioimagen.net\/wp-content\/uploads\/2021\/05\/naucalpan-1.jpg\" alt=\"\" width=\"460\" height=\"460\" \/><\/a><p id=\"caption-attachment-506358\" class=\"wp-caption-text\">Autoridades hacen un llamado a mantener las medidas sanitarias y de higiene para reducir el riesgo de contagio por Covid, en celebraci\u00f3n del D\u00eda de las Madres.<\/p><\/div>\n<p>&nbsp;<\/p>\n<p><strong>Naucalpan, Estado de M\u00e9xico<\/strong>.- El gobierno de Naucalpan hizo un llamado a mantener las medidas sanitarias y de higiene para reducir el riesgo de contagio del virus SARS-CoV-2, en el marco de la celebraci\u00f3n del D\u00eda de las Madres.<\/p>\n<p>Record\u00f3 que el uso del cubrebocas y el lavado constante de manos, as\u00ed como la sanitizaci\u00f3n de objetos de uso com\u00fan ayuda a disminuir las probabilidades de contagio de COVID-19.<\/p>\n<p>Durante la celebraci\u00f3n del 10 de Mayo, el municipio continuar\u00e1 en Sem\u00e1foro Epidemiol\u00f3gico Amarillo, por lo que todos los comercios, tiendas departamentales, plazas y centros comerciales operar\u00e1n todos los d\u00edas con un aforo del 50 por ciento, de lunes a domingo, hasta las 21:00 horas. Mientras que los restaurantes dar\u00e1n servicio con un aforo del 50 por ciento todos los d\u00edas, hasta las 12:00 de la noche.<\/p>\n<p>Adem\u00e1s, inform\u00f3 que los d\u00edas 8, 9 y 10 de mayo se suspender\u00e1 las visitas a panteones y cementerios municipales, a fin de evitar contagios. Tras se\u00f1alar que la entidad se mantendr\u00e1 la siguiente semana en Sem\u00e1foro Amarillo, el Gobernador del Estado de M\u00e9xico, Alfredo del Mazo Maza, agreg\u00f3 que se podr\u00e1n retomar los eventos deportivos con p\u00fablico, con un aforo del 25 por ciento.<\/p>\n<p>El Gobierno municipal mantiene en operaci\u00f3n el M\u00f3dulo Triage Unidad Temporal COVID-19 (UTC-19) en la explanada del Palacio Municipal, el cual brinda valoraci\u00f3n m\u00e9dica gratuita, en un horario de lunes a viernes de 9:00 a 16:00 horas, y s\u00e1bados y domingos, de 9:00 a 14:00 horas.<\/p>\n","protected":false},"excerpt":{"rendered":"<p>El gobierno de Naucalpan hizo un llamado a mantener las medidas sanitarias y de higiene para reducir el riesgo de contagio del virus SARS-CoV-2, en el marco de la celebraci\u00f3n del D\u00eda de las Madres.<\/p>\n","protected":false},"author":3,"featured_media":506358,"comment_status":"open","ping_status":"open","sticky":false,"template":"","format":"standard","meta":{"_monsterinsights_skip_tracking":false,"_monsterinsights_sitenote_active":false,"_monsterinsights_sitenote_note":"","_monsterinsights_sitenote_category":0,"footnotes":""},"categories":[5],"tags":[43675,970,91102],"class_list":["post-506202","post","type-post","status-publish","format-standard","has-post-thumbnail","hentry","category-estado-de-mexico","tag-estado-de-mexico","tag-naucalpan","tag-sars-cov-2"],"_links":{"self":[{"href":"https:\/\/www.diarioimagen.net\/index.php?rest_route=\/wp\/v2\/posts\/506202","targetHints":{"allow":["GET"]}}],"collection":[{"href":"https:\/\/www.diarioimagen.net\/index.php?rest_route=\/wp\/v2\/posts"}],"about":[{"href":"https:\/\/www.diarioimagen.net\/index.php?rest_route=\/wp\/v2\/types\/post"}],"author":[{"embeddable":true,"href":"https:\/\/www.diarioimagen.net\/index.php?rest_route=\/wp\/v2\/users\/3"}],"replies":[{"embeddable":true,"href":"https:\/\/www.diarioimagen.net\/index.php?rest_route=%2Fwp%2Fv2%2Fcomments&post=506202"}],"version-history":[{"count":0,"href":"https:\/\/www.diarioimagen.net\/index.php?rest_route=\/wp\/v2\/posts\/506202\/revisions"}],"wp:featuredmedia":[{"embeddable":true,"href":"https:\/\/www.diarioimagen.net\/index.php?rest_route=\/wp\/v2\/media\/506358"}],"wp:attachment":[{"href":"https:\/\/www.diarioimagen.net\/index.php?rest_route=%2Fwp%2Fv2%2Fmedia&parent=506202"}],"wp:term":[{"taxonomy":"category","embeddable":true,"href":"https:\/\/www.diarioimagen.net\/index.php?rest_route=%2Fwp%2Fv2%2Fcategories&post=506202"},{"taxonomy":"post_tag","embeddable":true,"href":"https:\/\/www.diarioimagen.net\/index.php?rest_route=%2Fwp%2Fv2%2Ftags&post=506202"}],"curies":[{"name":"wp","href":"https:\/\/api.w.org\/{rel}","templated":true}]}}