{"id":506211,"date":"2021-05-10T00:05:56","date_gmt":"2021-05-10T05:05:56","guid":{"rendered":"https:\/\/www.diarioimagen.net\/?p=506211"},"modified":"2021-05-10T23:52:56","modified_gmt":"2021-05-11T04:52:56","slug":"inicia-vacunacion-para-personas-de-50-a-59-anos-en-nezahualcoyotl-y-ecatepec","status":"publish","type":"post","link":"https:\/\/www.diarioimagen.net\/?p=506211","title":{"rendered":"Inicia vacunaci\u00f3n para personas de 50 a 59 a\u00f1os, en Nezahualc\u00f3yotl y Ecatepec"},"content":{"rendered":"<p>&nbsp;<\/p>\n<h3 style=\"text-align: center;\">Desde este martes<\/h3>\n<p>&nbsp;<\/p>\n<ul>\n<li><strong><em>Se realizar\u00e1 en las mismas sedes utilizadas para adultos de mayores de 60 a\u00f1os<\/em><\/strong><\/li>\n<\/ul>\n<p>&nbsp;<\/p>\n<div id=\"attachment_506315\" style=\"width: 470px\" class=\"wp-caption aligncenter\"><a href=\"https:\/\/www.diarioimagen.net\/?attachment_id=506315\" rel=\"attachment wp-att-506315\"><img loading=\"lazy\" decoding=\"async\" aria-describedby=\"caption-attachment-506315\" class=\"size-full wp-image-506315\" src=\"https:\/\/www.diarioimagen.net\/wp-content\/uploads\/2021\/05\/EDOMEX-5.jpg\" alt=\"\" width=\"460\" height=\"270\" \/><\/a><p id=\"caption-attachment-506315\" class=\"wp-caption-text\">Comienza en Nezahualc\u00f3yotl la inmunizaci\u00f3n para personas de 50 a 59 a\u00f1os, el mi\u00e9rcoles 12 de mayo, y en Ecatepec, el 13.<\/p><\/div>\n<p>&nbsp;<\/p>\n<p><strong>Toluca, Estado de M\u00e9xico.- <\/strong>Este mi\u00e9rcoles 12 de mayo inicia la aplicaci\u00f3n de la primera dosis de la vacuna contra Covid-19 a los adultos de 50 a 59 a\u00f1os de Nezahualc\u00f3yotl, y el jueves 13 en Ecatepec, los dos municipios m\u00e1s poblados de la entidad.<\/p>\n<p>As\u00ed lo informaron los gobierno federal, del Estado de M\u00e9xico y de dichos ayuntamientos, quienes agregaron que la aplicaci\u00f3n del biol\u00f3gico se realizar\u00e1 en las mismas sedes utilizadas para adultos mayores de 60 a\u00f1os.<\/p>\n<p>En Ecatepec se abrir\u00e1n 10 m\u00f3dulos peatonales ubicados es Chiconautl\u00e1n 3000, Albercas Las Am\u00e9ricas, Centro Cultural y Deportivo Las Am\u00e9ricas I y II, Centro C\u00edvico R\u00edo de la Luz, Centro C\u00edvico Benito Ju\u00e1rez (El Chamizal), Deportivo Ejidal Emiliano Zapata, Deportivo Bicentenario, Centro C\u00edvico Melchor M\u00fazquiz y Universidad Estatal del Valle de Ecatepec.<\/p>\n<p>En tanto que Nezahualc\u00f3yotl dispondr\u00e1 de seis sedes \u00fanicamente peatonales instaladas en la Unidad Administrativa Zona Norte, la Explanada de Palacio Municipal, el Deportivo Nezahualc\u00f3yotl, la Preparatoria Colegio de la Comunidad incorporada a la UAEM, la Facultad de Estudios Superiores FES-Arag\u00f3n y el Deportivo Ciudad Jard\u00edn Bicentenario.<\/p>\n<p>En dichas jornadas se vacunar\u00e1 a aquellas personas de entre 50 y 59 a\u00f1os de edad y a los que cumplan 50 a\u00f1os durante 2021, en un horario de 09:00 a 17:00 horas.<\/p>\n<p>Para poder recibir el biol\u00f3gico deber\u00e1n acreditar su edad y residencia en dichas demarcaciones con una identificaci\u00f3n oficial y comprobante de domicilio original a nombre de la persona que se vacuna, adem\u00e1s de presentar impreso el expediente de vacunaci\u00f3n que se genera al registrarse en el portal oficial <em>https:\/\/mivacuna.salud.gob.mx\/index.php<\/em><\/p>\n","protected":false},"excerpt":{"rendered":"<p>Este mi\u00e9rcoles 12 de mayo inicia la aplicaci\u00f3n de la primera dosis de la vacuna contra Covid-19 a los adultos de 50 a 59 a\u00f1os de Nezahualc\u00f3yotl, y el jueves 13 en Ecatepec, los dos municipios m\u00e1s poblados de la entidad.<\/p>\n","protected":false},"author":3,"featured_media":506315,"comment_status":"open","ping_status":"open","sticky":false,"template":"","format":"standard","meta":{"_monsterinsights_skip_tracking":false,"_monsterinsights_sitenote_active":false,"_monsterinsights_sitenote_note":"","_monsterinsights_sitenote_category":0,"footnotes":""},"categories":[5],"tags":[454,43675,1577,452,4713],"class_list":["post-506211","post","type-post","status-publish","format-standard","has-post-thumbnail","hentry","category-estado-de-mexico","tag-ecatepec","tag-estado-de-mexico","tag-nezahualcoyotl","tag-toluca","tag-vacuna"],"_links":{"self":[{"href":"https:\/\/www.diarioimagen.net\/index.php?rest_route=\/wp\/v2\/posts\/506211","targetHints":{"allow":["GET"]}}],"collection":[{"href":"https:\/\/www.diarioimagen.net\/index.php?rest_route=\/wp\/v2\/posts"}],"about":[{"href":"https:\/\/www.diarioimagen.net\/index.php?rest_route=\/wp\/v2\/types\/post"}],"author":[{"embeddable":true,"href":"https:\/\/www.diarioimagen.net\/index.php?rest_route=\/wp\/v2\/users\/3"}],"replies":[{"embeddable":true,"href":"https:\/\/www.diarioimagen.net\/index.php?rest_route=%2Fwp%2Fv2%2Fcomments&post=506211"}],"version-history":[{"count":0,"href":"https:\/\/www.diarioimagen.net\/index.php?rest_route=\/wp\/v2\/posts\/506211\/revisions"}],"wp:featuredmedia":[{"embeddable":true,"href":"https:\/\/www.diarioimagen.net\/index.php?rest_route=\/wp\/v2\/media\/506315"}],"wp:attachment":[{"href":"https:\/\/www.diarioimagen.net\/index.php?rest_route=%2Fwp%2Fv2%2Fmedia&parent=506211"}],"wp:term":[{"taxonomy":"category","embeddable":true,"href":"https:\/\/www.diarioimagen.net\/index.php?rest_route=%2Fwp%2Fv2%2Fcategories&post=506211"},{"taxonomy":"post_tag","embeddable":true,"href":"https:\/\/www.diarioimagen.net\/index.php?rest_route=%2Fwp%2Fv2%2Ftags&post=506211"}],"curies":[{"name":"wp","href":"https:\/\/api.w.org\/{rel}","templated":true}]}}