{"id":506224,"date":"2021-05-10T00:01:46","date_gmt":"2021-05-10T05:01:46","guid":{"rendered":"https:\/\/www.diarioimagen.net\/?p=506224"},"modified":"2021-05-10T00:25:24","modified_gmt":"2021-05-10T05:25:24","slug":"tlahuac-y-ebrard","status":"publish","type":"post","link":"https:\/\/www.diarioimagen.net\/?p=506224","title":{"rendered":"Tl\u00e1huac y Ebrard"},"content":{"rendered":"<h2>De pe a pa<\/h2>\n<h5>Alberto Vieyra G.<\/h5>\n<p>&nbsp;<\/p>\n<p>El 23 de noviembre de 2004, AMLO cobraba como jefe de Gobierno de la Ciudad de M\u00e9xico y Marcelo Ebrard era el jefe de la polic\u00eda capitalina con la que jam\u00e1s lleg\u00f3 a Tl\u00e1huac para rescatar a 3 malhechores que fueron linchados por <em>Fuente Ovejuna<\/em>. Ebrard alcanzar\u00eda triste fama como el hombre que jam\u00e1s llega a donde es su obligaci\u00f3n llegar. Por cierto, que tampoco lleg\u00f3 al lugar donde se necesitaba que llegara la se\u00f1ora Claudia Sheinbaum, en las horas negras del <em>metrazo<\/em> la noche del pasado lunes 3 de mayo.<\/p>\n<p>Cientos de voluntarios luchaban por rescatar a muertos y heridos, mientras la m\u00e1xima autoridad de la Ciudad de M\u00e9xico, incluyendo la polic\u00eda brillaba por su ausencia. AMLO tampoco tuvo la sensibilidad humana de quitarse la pijama y dejar la comodidad de Palacio Nacional para irse a Tl\u00e1huac a rescatar v\u00edctimas de entre los hierros retorcidos. La empat\u00eda nunca ha sido el fuerte del Presidente. Todo M\u00e9xico ya lo hab\u00eda visto que en las inundaciones de Tabasco no tuvo la empat\u00eda para arremangarse y meterse al agua para auxiliar a v\u00edctimas. Tuvo miedo al resfriado.<\/p>\n<p>F\u00edjese usted, que esa falta de sensibilidad humana y pol\u00edtica fue la tumba del PRI en las elecciones presidenciales de 1988, pues el entonces Presidente de M\u00e9xico, Miguel de la Madrid prefiri\u00f3 la comodidad de la Residencia Oficial de Los Pinos, en lugar de irse en mangas de camisa a rescatar muertos y heridos en los lugares siniestrados por el macabro terremoto de 1985. El pueblo se la cobr\u00f3 al PRI, como seguramente ahora se las cobrar\u00e1 a Morena y a su dizque l\u00edder, Andr\u00e9s Manuel L\u00f3pez Obrador.<\/p>\n<p>Pero la cuesti\u00f3n es que esa falta de insensibilidad pol\u00edtica y humana desgasta a cualquier politicastro y a cualquier partido. Hoy vemos a AMLO y a sus achichincles insensibles a las demandas del pueblo, que seguramente jam\u00e1s llegar\u00e1n a ser candidatos a la Presidencia de la Rep\u00fablica. La tragedia en la L-12 del Metro desenmascara quienes son los politicastros de la llamada izquierda mexicana, que hoy lucran con el poder o a la mafia del poder<\/p>\n<p>Siempre han simulado pol\u00edticamente ser luchadores sociales por el solo hecho de criticar al gobierno en el poder o como en el caso de AMLO, de haberse rasgu\u00f1ado cuando protestaba en un pozo petrolero tabasque\u00f1o, lo que motiv\u00f3 que con dos hilos de sangre lucrara con el poder haci\u00e9ndose pasar como un luchador social o como el tan esperado Quetzalc\u00f3atl sexenal hasta llegar a la Presidencia.<\/p>\n<p>A un mes de las elecciones federales del 6 de junio, el <em>metrazo<\/em> del pasado lunes exhibe a un gobierno bueno para nada, insensible al que se le viene el mundo encima, que busca culpables, pero no entre los culpables, pues ha trascendido que la empresa noruega <em>Det Norske Veritas<\/em> (<strong>DNV-GL<\/strong>) fue sacada de la chistera de AMLO y se presume que el peritaje que realizar\u00e1 en la L-12 del Metro no hallar\u00e1 culpables, pues se pretende responsabilizar al terremoto de 2017 o bien a las innumerables fallas geol\u00f3gica que abundan en la zona, donde ocurri\u00f3 el siniestro. Pero que chistoso, se sabe tambi\u00e9n que esa empresa noruega es cliente de AMLO y de la titular de energ\u00eda, Roc\u00edo Nahle quienes le han otorgado contratos millonarios en Pemex y otras \u00e1reas gubernamentales para cuestiones de riesgos y siniestros.<\/p>\n<p>Yo le pregunto: \u00bfUsted cree que la empresa noruega ser\u00eda capaz de matar a la gallina de los huevos de oro y encontrar culpables entre un Carlos Slim y sus empresas constructoras, entre Ebrard, una Claudia Sheinbaum, un Mario Delgado, que era secretario de finanzas de Marcelo Ebrard en el gobierno chilango o del hoy canciller, quien a menudo realiza misteriosas y sospechosas visitas al gobierno ruso, so pretexto de arreglar asuntos de vacunas? Pero f\u00edjese usted que en Estados Unidos ya se encendieron los focos rojos ante una intromisi\u00f3n de Rusia.<\/p>\n<p>No me lo tome a mal. Pero aqu\u00ed entre nos, le adelanto que, as\u00ed como en este pueblo no hay ladrones, tampoco habr\u00e1 culpables en <em>el metrazo<\/em>. \u00bfAcaso AMLO culpar\u00eda a los conservadores fif\u00eds?<\/p>\n<p><a href=\"mailto:info@agenciamn.com\" target=\"_blank\" rel=\"noopener noreferrer\"><em>info@agenciamn.com<\/em><\/a><\/p>\n","protected":false},"excerpt":{"rendered":"<p><span style=\"color: #005497;\"><strong>Alberto Vieyra G.<\/strong><\/span><\/p>\n","protected":false},"author":3,"featured_media":0,"comment_status":"open","ping_status":"open","sticky":false,"template":"","format":"standard","meta":{"_monsterinsights_skip_tracking":false,"_monsterinsights_sitenote_active":false,"_monsterinsights_sitenote_note":"","_monsterinsights_sitenote_category":0,"footnotes":""},"categories":[4596],"tags":[43697,4597,43674],"class_list":["post-506224","post","type-post","status-publish","format-standard","hentry","category-alberto-vieyra-g","tag-alberto-vieyra-g","tag-de-pe-a-pa","tag-opinion"],"_links":{"self":[{"href":"https:\/\/www.diarioimagen.net\/index.php?rest_route=\/wp\/v2\/posts\/506224","targetHints":{"allow":["GET"]}}],"collection":[{"href":"https:\/\/www.diarioimagen.net\/index.php?rest_route=\/wp\/v2\/posts"}],"about":[{"href":"https:\/\/www.diarioimagen.net\/index.php?rest_route=\/wp\/v2\/types\/post"}],"author":[{"embeddable":true,"href":"https:\/\/www.diarioimagen.net\/index.php?rest_route=\/wp\/v2\/users\/3"}],"replies":[{"embeddable":true,"href":"https:\/\/www.diarioimagen.net\/index.php?rest_route=%2Fwp%2Fv2%2Fcomments&post=506224"}],"version-history":[{"count":0,"href":"https:\/\/www.diarioimagen.net\/index.php?rest_route=\/wp\/v2\/posts\/506224\/revisions"}],"wp:attachment":[{"href":"https:\/\/www.diarioimagen.net\/index.php?rest_route=%2Fwp%2Fv2%2Fmedia&parent=506224"}],"wp:term":[{"taxonomy":"category","embeddable":true,"href":"https:\/\/www.diarioimagen.net\/index.php?rest_route=%2Fwp%2Fv2%2Fcategories&post=506224"},{"taxonomy":"post_tag","embeddable":true,"href":"https:\/\/www.diarioimagen.net\/index.php?rest_route=%2Fwp%2Fv2%2Ftags&post=506224"}],"curies":[{"name":"wp","href":"https:\/\/api.w.org\/{rel}","templated":true}]}}