{"id":506225,"date":"2021-05-10T00:02:49","date_gmt":"2021-05-10T05:02:49","guid":{"rendered":"https:\/\/www.diarioimagen.net\/?p=506225"},"modified":"2021-05-11T00:50:58","modified_gmt":"2021-05-11T05:50:58","slug":"lopez-obrador-sin-valor-para-dar-la-cara-a-los-afectados-por-la-tragedia-en-linea-12","status":"publish","type":"post","link":"https:\/\/www.diarioimagen.net\/?p=506225","title":{"rendered":"L\u00f3pez Obrador, sin valor para dar la cara a los afectados por la tragedia en L\u00ednea 12"},"content":{"rendered":"<h2>La Retaguardia<\/h2>\n<h5>Adriana Moreno Cordero<\/h5>\n<p>&nbsp;<\/p>\n<ul>\n<li><strong><em>Laura Beristain convoca a la unidad<\/em><\/strong><\/li>\n<\/ul>\n<p>&nbsp;<\/p>\n<p>El presidente <strong>Andr\u00e9s Manuel L\u00f3pez Obrador<\/strong> no se reuni\u00f3 con familiares de las v\u00edctimas de la peor tragedia vivida en el Sistema de Transporte Colectivo, hace justo una semana, ni tampoco se dign\u00f3 visitar a los alrededor de 70 heridos, distribuidos en diversos Hospitales de la CDMX, no porque no fuera \u201csu estilo\u201d o porque \u00e9l no forma parte del pasado neoliberal (que s\u00ed forma, hay que aclararlo), sino porque no se atrevi\u00f3 a dar la cara a la gente que se vio afectada por este \u201cincidente\u201d, como califica la flamante jefa de Gobierno, <strong>Claudia Sheinbaum,<\/strong> a la terrible desgracia, producto de ilegalidades e ineptitudes de algunos \u201ceficientes\u201d servidores de esta llamada cuarta transformaci\u00f3n.<\/p>\n<p>Sin duda, se requiere tener valor para dar la cara, afrontar una situaci\u00f3n de tan grave magnitud, aceptar culpabilidades y deslindar responsabilidades para que paguen los que tengan que pagar, independientemente de su filiaci\u00f3n pol\u00edtica, pero definitivamente, de dicho valor y sensatez carece el inquilino de Palacio Nacional.<\/p>\n<p>Como prueba de lo anterior, ah\u00ed est\u00e1 que lo primero que hizo fue poner tierra de por medio entre \u00e9l y los vecinos de Tl\u00e1huac que se han dedicado a hacer memorial en honor a las v\u00edctimas de ese desafortunado y terrible hecho y ayer, desde Salina Cruz, Oaxaca, el tabasque\u00f1o se atrevi\u00f3 a asegurar que su gobierno cuenta con el\u00a0presupuesto\u00a0para diferentes rubros porque\u00a0ya no hay corrupci\u00f3n e hizo hincapi\u00e9 en que no se recurre al financiamiento, \u201cporque ya no hay lujos y se est\u00e1 ahorrando\u201d.<\/p>\n<p>Que no se le olvide a L\u00f3pez Obrador que desde que implement\u00f3 su llamado \u201caustericidio\u201d en el pa\u00eds, \u00e9ste, d\u00eda a d\u00eda, se desmorona y gracias a esa inservible pr\u00e1ctica, se ha dejado a muchos sectores de la poblaci\u00f3n desamparados y a su suerte. Uno de los ejemplos que m\u00e1s duele, es que los ni\u00f1os que padecen c\u00e1ncer, no tienen medicinas ni tratamientos.<\/p>\n<p>Y en cuanto a la corrupci\u00f3n, si algo puso al descubierto la tragedia en la L\u00ednea 12 del Metro, es que en esta llamada Cuarta Transformaci\u00f3n, hay una corrupci\u00f3n de cuarta, es decir, tanto el gabinete lopezobradorista como quien lo encabeza, tienen manga ancha para cometer todo tipo de irregularidades para luego en el discurso -preferentemente en las gustad\u00edsimas ma\u00f1aneras-, justificarlas. Por ejemplo, el flamante secretario de Relaciones Exteriores, <strong>Marcelo Ebrard<\/strong>, muchas explicaciones tendr\u00eda que dar respecto a este hecho, e igualmente lo tendr\u00eda que hacer el hoy carism\u00e1tico dirigente de Morena, <strong>Mario Mart\u00edn Delgado<\/strong>; por lo menos, ambos personajes deber\u00edan echarle \u201cuna manita\u201d a la siempre eficiente jefa de Gobierno de la CDMX, que ya no atina qu\u00e9 hacer con la tragedia de la L\u00ednea 12.<\/p>\n<p>En cuanto a la actitud de enojo, que en los \u00faltimos d\u00edas ha manifestado el presidente L\u00f3pez Obrador, en la que manda todo \u201cal carajo\u201d, en t\u00e9rminos deportivos eso se conoce como demostraciones de impotencia. Adem\u00e1s, por las \u201cex benditas redes sociales\u201d corre el rumor de que le ha mostrado al inquilino de Palacio Nacional, como su partido va perdiendo preferencias a poco menos de un mes de las elecciones del ya pr\u00f3ximo 6 de junio.<\/p>\n<p>\u00a1Qui\u00e9n lo dir\u00eda!, como se recordar\u00e1, el tabasque\u00f1o dijo hace un a\u00f1o que la pandemia de la Covid-19, le hab\u00eda venido \u201ccomo anillo al dedo\u201d, mientras que la tragedia de la tristemente famosa \u201cL\u00ednea Dorada\u201d al parecer no, y eso se lo cobrar\u00e1n en las urnas.<\/p>\n<p style=\"text-align: center;\"><strong>Municiones<\/strong><\/p>\n<p>*** La tarde del s\u00e1bado se reunieron en este municipio las dirigencia estatales de Morena, Partido Verde, PT y M\u00c1S en Quintana Roo; las candidatas y candidatos a presidentes municipales; y candidatos a diputado federal, como por ejemplo, <strong>Luis Gamero, Mara Lezama<\/strong> y <strong>Laura Fern\u00e1ndez<\/strong>, entre otros para signar el \u201cAcuerdo por la Esperanza y Transformaci\u00f3n de Quintana Roo\u201d, en favor de la gente que vive en todos los municipios del estado. <strong>Humberto Aldana<\/strong>, presidente estatal de Morena se\u00f1al\u00f3: \u201cme da un gran gusto ver c\u00f3mo la voluntad se impone a la divisi\u00f3n y el encono. En esta reuni\u00f3n prevalece el deseo firme de trabajo en unidad y la concordia. Acordamos caminar juntos sin regateos ni simulaci\u00f3n\u201d. Por ello, agradecieron a la alcaldesa de Playa del Carmen, <strong>Laura Beristain<\/strong> por su gran poder de convocatoria, iniciativa y anfitriona.\u00a0En su oportunidad, quien busca ser la presidenta municipal de Solidaridad, coment\u00f3 que \u201cjuntos\u00a0 tenemos que hacer historia el pr\u00f3ximo 6 de junio. Solidaridad es territorio Morena. Vamos a consolidar los trabajos que se han llevado a cabo en los \u00faltimos dos a\u00f1os y medio\u201d. Tanto la propia Laura Beristain, como los candidatos y dirigencias estatales refrendaron su compromiso de trabajar juntos para ganar la elecci\u00f3n del pr\u00f3ximo 6 de junio, \u201cestaremos comunicando a nuestras dirigencias nacionales, que nos manifestamos listos y afinando detalles para la elecci\u00f3n que tenemos en puerta, asegur\u00f3 Berinstain y agreg\u00f3:\u00a0\u201cDecirles que en Solidaridad seguiremos sumando a m\u00e1s cuadros pol\u00edticos progresistas, a empresarios, las militancias y simpatizantes de los partidos que conforman nuestra coalici\u00f3n\u201d.<\/p>\n<p>*** Desde Culiac\u00e1n, Sinaloa, al presentar su libro, <em>Nulidades y procedimientos sancionadores en materia electoral<\/em>, el coordinador de Morena en el Senado de la Rep\u00fablica, <strong>Ricardo Monreal \u00c1vila<\/strong>, adelant\u00f3 que ya prepara el proyecto para una reforma electoral profunda, que establezca una racionalidad en el uso de los recursos p\u00fablicos para organizar los comicios y someta a los \u00f3rganos electorales al principio de legalidad.\u00a0\u00a0Dijo que, tras la cancelaci\u00f3n del registro de 49 candidatos de Morena a cargos de elecci\u00f3n popular, \u201cun gran porcentaje de ciudadanos cree que el Instituto Nacional Electoral (INE) y el Tribunal Electoral del Poder Judicial de la Federaci\u00f3n (TEPJF) son contraparte, no son \u00e1rbitros ni est\u00e1n actuando con imparcialidad, certeza y objetividad\u201d.\u00a0Se trat\u00f3, reiter\u00f3, de sanciones desproporcionadas, excesivas e irracionales, que demuestran que el INE y el TEPJF \u201cest\u00e1n actuando con parcialidad, con incertidumbre y con una gran subjetividad\u201d.<\/p>\n<p>*** En mi gobierno se terminar\u00e1n de una vez por todas \u201clos aviadores\u201d, ya que ejercer\u00e9 una administraci\u00f3n ordenada, honesta y transparente, asever\u00f3 el candidato de Movimiento Ciudadano (MC) a la presidencia municipal de Naucalpan, <strong>Jos\u00e9 Adolfo Murta Mac\u00edas<\/strong>. En di\u00e1logo abierto con vecinos y comerciantes de la colonia La Concordia, Murat Mac\u00edas asegur\u00f3 que se rodear\u00e1 de trabajadores honestos que devenguen un salario digno con su trabajo, a fin de evitar los cl\u00e1sicos empleados \u201crecomendados\u201d quienes s\u00f3lo se presentaban en la quincena a cobrar\u201d. Dio a conocer que de obtener el triunfo, en el primer a\u00f1o de su mandato habr\u00e1 exenciones de impuestos a peque\u00f1os comerciantes para fortalecer su econom\u00eda familiar, afectada durante esta pandemia.<\/p>\n<p><u><a href=\"mailto:morcora@gmail.com\" target=\"_blank\" rel=\"noopener noreferrer\"><em>morcora@gmail.com<\/em><\/a><\/u><\/p>\n","protected":false},"excerpt":{"rendered":"<p><span style=\"color: #005497;\"><strong>Adriana Moreno Cordero<\/strong><\/span><\/p>\n","protected":false},"author":3,"featured_media":0,"comment_status":"open","ping_status":"open","sticky":false,"template":"","format":"standard","meta":{"_monsterinsights_skip_tracking":false,"_monsterinsights_sitenote_active":false,"_monsterinsights_sitenote_note":"","_monsterinsights_sitenote_category":0,"footnotes":""},"categories":[69370],"tags":[69369,69368,43674],"class_list":["post-506225","post","type-post","status-publish","format-standard","hentry","category-adriana-moreno-cordero","tag-adriana-moreno-cordero","tag-la-retaguardia","tag-opinion"],"_links":{"self":[{"href":"https:\/\/www.diarioimagen.net\/index.php?rest_route=\/wp\/v2\/posts\/506225","targetHints":{"allow":["GET"]}}],"collection":[{"href":"https:\/\/www.diarioimagen.net\/index.php?rest_route=\/wp\/v2\/posts"}],"about":[{"href":"https:\/\/www.diarioimagen.net\/index.php?rest_route=\/wp\/v2\/types\/post"}],"author":[{"embeddable":true,"href":"https:\/\/www.diarioimagen.net\/index.php?rest_route=\/wp\/v2\/users\/3"}],"replies":[{"embeddable":true,"href":"https:\/\/www.diarioimagen.net\/index.php?rest_route=%2Fwp%2Fv2%2Fcomments&post=506225"}],"version-history":[{"count":0,"href":"https:\/\/www.diarioimagen.net\/index.php?rest_route=\/wp\/v2\/posts\/506225\/revisions"}],"wp:attachment":[{"href":"https:\/\/www.diarioimagen.net\/index.php?rest_route=%2Fwp%2Fv2%2Fmedia&parent=506225"}],"wp:term":[{"taxonomy":"category","embeddable":true,"href":"https:\/\/www.diarioimagen.net\/index.php?rest_route=%2Fwp%2Fv2%2Fcategories&post=506225"},{"taxonomy":"post_tag","embeddable":true,"href":"https:\/\/www.diarioimagen.net\/index.php?rest_route=%2Fwp%2Fv2%2Ftags&post=506225"}],"curies":[{"name":"wp","href":"https:\/\/api.w.org\/{rel}","templated":true}]}}