{"id":506372,"date":"2021-05-11T00:07:24","date_gmt":"2021-05-11T05:07:24","guid":{"rendered":"https:\/\/www.diarioimagen.net\/?p=506372"},"modified":"2021-05-11T23:59:10","modified_gmt":"2021-05-12T04:59:10","slug":"alfredo-barrera-baca-entrego-infraestructura-en-el-iitca-y-prepa-3","status":"publish","type":"post","link":"https:\/\/www.diarioimagen.net\/?p=506372","title":{"rendered":"Alfredo Barrera Baca entreg\u00f3 infraestructura en el IITCA y Prepa 3"},"content":{"rendered":"<p><em>\u00a0<\/em><\/p>\n<ul>\n<li><strong><em>El rector de la UAEM entreg\u00f3 la remodelaci\u00f3n del Laboratorio de Calidad del Agua del Instituto Interamericano de Tecnolog\u00eda y Ciencias del Agua y del Edificio \u201cB\u201d del Plantel \u201cCuauht\u00e9moc\u201d de la Escuela Preparatoria<\/em><\/strong><\/li>\n<\/ul>\n<p>&nbsp;<\/p>\n<div id=\"attachment_506413\" style=\"width: 470px\" class=\"wp-caption aligncenter\"><a href=\"https:\/\/www.diarioimagen.net\/?attachment_id=506413\" rel=\"attachment wp-att-506413\"><img loading=\"lazy\" decoding=\"async\" aria-describedby=\"caption-attachment-506413\" class=\"size-full wp-image-506413\" src=\"https:\/\/www.diarioimagen.net\/wp-content\/uploads\/2021\/05\/uaem-1.jpg\" alt=\"\" width=\"460\" height=\"270\" \/><\/a><p id=\"caption-attachment-506413\" class=\"wp-caption-text\">El rector Alfredo Barrera visit\u00f3 el IITCA, donde entregu\u00f3 la remodelaci\u00f3n y ampliaci\u00f3n del Laboratorio de la Calidad del Agua.<\/p><\/div>\n<p>&nbsp;<\/p>\n<p><strong>Toluca, Estado de M\u00e9xico.\u2013 <\/strong>El rector de la Universidad Aut\u00f3noma del Estado de M\u00e9xico, Alfredo Barrera Baca, entreg\u00f3 infraestructura en el Instituto Interamericano de Tecnolog\u00eda y Ciencias del Agua (IITCA) y el Plantel \u201cCuauht\u00e9moc\u201d de la Escuela Preparatoria.<\/p>\n<p>En el IITCA entreg\u00f3 la remodelaci\u00f3n del Laboratorio de Calidad del Agua, con una inversi\u00f3n cercana a los 12 millones de pesos, que contempl\u00f3 tambi\u00e9n la construcci\u00f3n de un edificio adicional de dos plantas para este espacio de investigaci\u00f3n.<\/p>\n<p>Acompa\u00f1ado del director de este organismo acad\u00e9mico, Daury Garc\u00eda Pulido, precis\u00f3 que los trabajos se realizaron en una superficie de alrededor de 500 metros cuadrados.<\/p>\n<p>El Laboratorio de Calidad del Agua, puntualiz\u00f3 el rector Alfredo Barrera, cuenta con \u00e1reas de gravimetr\u00eda, cromatograf\u00eda de gases y microbiolog\u00eda para el tratamiento y potabilizaci\u00f3n de aguas residuales.<\/p>\n<p>En este espacio, coment\u00f3, se llevar\u00e1n a cabo tareas de investigaci\u00f3n y docencia, las cuales permitir\u00e1n atender a usuarios externos y, con ello, fortalecer la proyecci\u00f3n internacional de la instituci\u00f3n.<\/p>\n<p>Esta remodelaci\u00f3n, enfatiz\u00f3 Alfredo Barrera Baca, dotar\u00e1 al IITCA de una mayor competitividad frente a laboratorios de otras universidades y centros de investigaci\u00f3n; adem\u00e1s, permitir\u00e1 que m\u00e1s estudiantes realicen pr\u00e1cticas profesionales y contin\u00faen con sus proyectos acad\u00e9micos.<\/p>\n<p>Por otro lado, en el Plantel \u201cCuauht\u00e9moc\u201d de la Escuela Preparatoria el servidor universitario entreg\u00f3 la remodelaci\u00f3n del Edificio \u201cB\u201d, as\u00ed como la reubicaci\u00f3n de la biblioteca, con 12 cub\u00edculos para profesores, sanitarios, salas de asesor\u00eda, tutor\u00eda y talleres.<\/p>\n<p>Ante el director de este espacio universitario, Mart\u00edn Jos\u00e9 Chong Campuzano, hizo entrega de la remodelaci\u00f3n del Edificio \u201cC\u201d, donde se colocaron pupitres y pizarrones nuevos en dos aulas.<\/p>\n","protected":false},"excerpt":{"rendered":"<p>El rector de la Universidad Aut\u00f3noma del Estado de M\u00e9xico, Alfredo Barrera Baca, entreg\u00f3 infraestructura en el Instituto Interamericano de Tecnolog\u00eda y Ciencias del Agua (IITCA) y el Plantel \u201cCuauht\u00e9moc\u201d de la Escuela Preparatoria.\u00a0<\/p>\n","protected":false},"author":3,"featured_media":506413,"comment_status":"open","ping_status":"open","sticky":false,"template":"","format":"standard","meta":{"_monsterinsights_skip_tracking":false,"_monsterinsights_sitenote_active":false,"_monsterinsights_sitenote_note":"","_monsterinsights_sitenote_category":0,"footnotes":""},"categories":[5],"tags":[43675,92941,452],"class_list":["post-506372","post","type-post","status-publish","format-standard","has-post-thumbnail","hentry","category-estado-de-mexico","tag-estado-de-mexico","tag-iitca","tag-toluca"],"_links":{"self":[{"href":"https:\/\/www.diarioimagen.net\/index.php?rest_route=\/wp\/v2\/posts\/506372","targetHints":{"allow":["GET"]}}],"collection":[{"href":"https:\/\/www.diarioimagen.net\/index.php?rest_route=\/wp\/v2\/posts"}],"about":[{"href":"https:\/\/www.diarioimagen.net\/index.php?rest_route=\/wp\/v2\/types\/post"}],"author":[{"embeddable":true,"href":"https:\/\/www.diarioimagen.net\/index.php?rest_route=\/wp\/v2\/users\/3"}],"replies":[{"embeddable":true,"href":"https:\/\/www.diarioimagen.net\/index.php?rest_route=%2Fwp%2Fv2%2Fcomments&post=506372"}],"version-history":[{"count":0,"href":"https:\/\/www.diarioimagen.net\/index.php?rest_route=\/wp\/v2\/posts\/506372\/revisions"}],"wp:featuredmedia":[{"embeddable":true,"href":"https:\/\/www.diarioimagen.net\/index.php?rest_route=\/wp\/v2\/media\/506413"}],"wp:attachment":[{"href":"https:\/\/www.diarioimagen.net\/index.php?rest_route=%2Fwp%2Fv2%2Fmedia&parent=506372"}],"wp:term":[{"taxonomy":"category","embeddable":true,"href":"https:\/\/www.diarioimagen.net\/index.php?rest_route=%2Fwp%2Fv2%2Fcategories&post=506372"},{"taxonomy":"post_tag","embeddable":true,"href":"https:\/\/www.diarioimagen.net\/index.php?rest_route=%2Fwp%2Fv2%2Ftags&post=506372"}],"curies":[{"name":"wp","href":"https:\/\/api.w.org\/{rel}","templated":true}]}}