{"id":506385,"date":"2021-05-11T00:02:11","date_gmt":"2021-05-11T05:02:11","guid":{"rendered":"https:\/\/www.diarioimagen.net\/?p=506385"},"modified":"2021-05-11T00:36:22","modified_gmt":"2021-05-11T05:36:22","slug":"este-6-de-junio-demos-nuevo-rumbo-a-mexico-exhorta-la-candidata-a-diputada-ana-balderas","status":"publish","type":"post","link":"https:\/\/www.diarioimagen.net\/?p=506385","title":{"rendered":"Este 6 de junio demos nuevo rumbo a M\u00e9xico, exhorta la candidata a diputada, Ana Balderas"},"content":{"rendered":"<p>&nbsp;<\/p>\n<ul>\n<li><strong><em>Campa\u00f1a en el Distrito Electoral 14 del Edomex<\/em><\/strong><\/li>\n<\/ul>\n<p>&nbsp;<\/p>\n<div id=\"attachment_506433\" style=\"width: 470px\" class=\"wp-caption aligncenter\"><a href=\"https:\/\/www.diarioimagen.net\/?attachment_id=506433\" rel=\"attachment wp-att-506433\"><img loading=\"lazy\" decoding=\"async\" aria-describedby=\"caption-attachment-506433\" class=\"size-full wp-image-506433\" src=\"https:\/\/www.diarioimagen.net\/wp-content\/uploads\/2021\/05\/atizapan.jpg\" alt=\"\" width=\"460\" height=\"270\" \/><\/a><p id=\"caption-attachment-506433\" class=\"wp-caption-text\">La candidata de la coalici\u00f3n Va por M\u00e9xico, Ana Balderas, constat\u00f3 su nivel de aceptaci\u00f3n en los municipios de Atizap\u00e1n de Zaragoza, Tlalnepantla de Baz y Cuautitl\u00e1n Izcalli.<\/p><\/div>\n<p>&nbsp;<\/p>\n<p><strong>Atizap\u00e1n, Estado de M\u00e9xico<\/strong>. \u2013 A seis semanas de que arranc\u00f3 su campa\u00f1a hacia la diputaci\u00f3n federal por el Distrito Electoral 14 del Estado de M\u00e9xico, la candidata de la coalici\u00f3n Va por M\u00e9xico, Ana Balderas, constat\u00f3 durante la semana c\u00f3mo va en aumento su nivel de aceptaci\u00f3n en los municipios de Atizap\u00e1n de Zaragoza, Tlalnepantla de Baz y Cuautitl\u00e1n Izcalli.<\/p>\n<p>Y, claro, ese incremento se refleja en la seguridad de la abanderada de la alianza PAN-PRI-PRD. \u201cLas personas se dan cuenta quienes somos los que proponemos, los que trabajamos, los que estamos comprometidos, los que caminamos y estamos cercanos a la ciudadan\u00eda.<\/p>\n<p>\u201cEste 6 de junio le daremos un nuevo rumbo a #CuautitlanIzcalli y a M\u00e9xico por #ElIzcalliQueMereces. #AnaBalderas\u00a0 #VaPorM\u00e9xico\u201d, apunt\u00f3 en su cuenta oficial de Facebook, al cabo de una semana en la que recorri\u00f3 los tres municipios por cuyos pobladores velar\u00e1 desde el Congreso federal.<\/p>\n<p>Balderas Trejo no dej\u00f3 puerta sin tocaren las zonas de La Quebrada (Cuautitl\u00e1n Izcalli), San Lucas\u00a0 Tepetlacalco, la colonia 21 de Marzo, San Andr\u00e9s Atenco (Tlanepantla de Baz), Lomas de San Lorenzo (Atizap\u00e1n de Zaragoza).<\/p>\n<p>Escuch\u00f3 las demandas de amas de casa y jefes de familia, madres solteras, adultos mayores, comerciantes y diferentes sectores de la sociedad que le han depositado su confianza, lo mismo que de los sectores comercio formal e informal, transporte y empresarial, cuyos l\u00edderes se han sumado al reclamo de un cambio verdadero y palpable.<\/p>\n<p>Sobre todo en este pre\u00e1mbulo para el cierre de campa\u00f1a, la candidata de Va por M\u00e9xico ha encontrado quejas por las ruinas en que han dejado los gobiernos morenistas las calles del Distrito 14, la carencia de programas sociales o la falta de servicios p\u00fablicos.<\/p>\n<p>Por eso, Ana Balderas reitera el llamado a razonar bien su voto el pr\u00f3ximo 6 de junio. \u201cPor la unidad, por el compromiso, por ser parte de este nuevo rumbo para M\u00e9xico\u201d, es su exhorto.<\/p>\n","protected":false},"excerpt":{"rendered":"<p>A seis semanas de que arranc\u00f3 su campa\u00f1a hacia la diputaci\u00f3n federal por el Distrito Electoral 14 del Estado de M\u00e9xico, la candidata de la coalici\u00f3n Va por M\u00e9xico, Ana Balderas, constat\u00f3 durante la semana c\u00f3mo va en aumento su nivel de aceptaci\u00f3n en los municipios de Atizap\u00e1n de Zaragoza, Tlalnepantla de Baz y Cuautitl\u00e1n Izcalli.<\/p>\n","protected":false},"author":3,"featured_media":506433,"comment_status":"open","ping_status":"open","sticky":false,"template":"","format":"standard","meta":{"_monsterinsights_skip_tracking":false,"_monsterinsights_sitenote_active":false,"_monsterinsights_sitenote_note":"","_monsterinsights_sitenote_category":0,"footnotes":""},"categories":[5],"tags":[74232,969,43675],"class_list":["post-506385","post","type-post","status-publish","format-standard","has-post-thumbnail","hentry","category-estado-de-mexico","tag-ana-balderas","tag-atizapan","tag-estado-de-mexico"],"_links":{"self":[{"href":"https:\/\/www.diarioimagen.net\/index.php?rest_route=\/wp\/v2\/posts\/506385","targetHints":{"allow":["GET"]}}],"collection":[{"href":"https:\/\/www.diarioimagen.net\/index.php?rest_route=\/wp\/v2\/posts"}],"about":[{"href":"https:\/\/www.diarioimagen.net\/index.php?rest_route=\/wp\/v2\/types\/post"}],"author":[{"embeddable":true,"href":"https:\/\/www.diarioimagen.net\/index.php?rest_route=\/wp\/v2\/users\/3"}],"replies":[{"embeddable":true,"href":"https:\/\/www.diarioimagen.net\/index.php?rest_route=%2Fwp%2Fv2%2Fcomments&post=506385"}],"version-history":[{"count":0,"href":"https:\/\/www.diarioimagen.net\/index.php?rest_route=\/wp\/v2\/posts\/506385\/revisions"}],"wp:featuredmedia":[{"embeddable":true,"href":"https:\/\/www.diarioimagen.net\/index.php?rest_route=\/wp\/v2\/media\/506433"}],"wp:attachment":[{"href":"https:\/\/www.diarioimagen.net\/index.php?rest_route=%2Fwp%2Fv2%2Fmedia&parent=506385"}],"wp:term":[{"taxonomy":"category","embeddable":true,"href":"https:\/\/www.diarioimagen.net\/index.php?rest_route=%2Fwp%2Fv2%2Fcategories&post=506385"},{"taxonomy":"post_tag","embeddable":true,"href":"https:\/\/www.diarioimagen.net\/index.php?rest_route=%2Fwp%2Fv2%2Ftags&post=506385"}],"curies":[{"name":"wp","href":"https:\/\/api.w.org\/{rel}","templated":true}]}}