{"id":506389,"date":"2021-05-11T00:04:18","date_gmt":"2021-05-11T05:04:18","guid":{"rendered":"https:\/\/www.diarioimagen.net\/?p=506389"},"modified":"2021-05-11T00:39:04","modified_gmt":"2021-05-11T05:39:04","slug":"siempre-he-sido-un-hombre-congruente-con-mis-palabras-y-mis-acciones-david-parra","status":"publish","type":"post","link":"https:\/\/www.diarioimagen.net\/?p=506389","title":{"rendered":"Siempre he sido un hombre congruente con mis palabras y mis acciones: David Parra"},"content":{"rendered":"<p><strong>\u00a0<\/strong><\/p>\n<p><a href=\"https:\/\/www.diarioimagen.net\/?attachment_id=506438\" rel=\"attachment wp-att-506438\"><img loading=\"lazy\" decoding=\"async\" class=\"aligncenter size-full wp-image-506438\" src=\"https:\/\/www.diarioimagen.net\/wp-content\/uploads\/2021\/05\/naucalpan-2.jpg\" alt=\"\" width=\"460\" height=\"270\" \/><\/a><\/p>\n<p>&nbsp;<\/p>\n<p><strong>Naucalpan, Estado de M\u00e9xico.\u2013<\/strong> Recorrer las calles de mi querido Naucalpan ha sido parte de mi vida y de mi gesti\u00f3n social, con tu apoyo y tu voto, como tu diputado tambi\u00e9n propondr\u00e9 leyes para que tu y los tuyos vivan mejor Promover\u00e9\u0301 a rango Constitucional la tarjeta que d\u00e9 impulso a las mujeres y aumentar los apoyos a adultos mayores, con capacitaci\u00f3n para el trabajo, afirm\u00f3 David Parra. Las necesidades son muchas y hoy estoy refrendado mi compromiso con todo el Distrito 32 de estar presente y cumplir como ustedes lo merecen, se\u00f1al\u00f3.<\/p>\n","protected":false},"excerpt":{"rendered":"<p>Recorrer las calles de mi querido Naucalpan ha sido parte de mi vida y de mi gesti\u00f3n social, con tu apoyo y tu voto, como tu diputado tambi\u00e9n propondr\u00e9 leyes para que tu y los tuyos vivan mejor Promover\u00e9\u0301 a rango Constitucional la tarjeta que d\u00e9 impulso a las mujeres y aumentar los apoyos a adultos mayores, con capacitaci\u00f3n para el trabajo, afirm\u00f3 David Parra. Las necesidades son muchas y hoy estoy refrendado mi compromiso con todo el Distrito 32 de estar presente y cumplir como ustedes lo merecen, se\u00f1al\u00f3.<\/p>\n","protected":false},"author":3,"featured_media":506438,"comment_status":"open","ping_status":"open","sticky":false,"template":"","format":"standard","meta":{"_monsterinsights_skip_tracking":false,"_monsterinsights_sitenote_active":false,"_monsterinsights_sitenote_note":"","_monsterinsights_sitenote_category":0,"footnotes":""},"categories":[5],"tags":[91497,43675,970],"class_list":["post-506389","post","type-post","status-publish","format-standard","has-post-thumbnail","hentry","category-estado-de-mexico","tag-david-parra","tag-estado-de-mexico","tag-naucalpan"],"_links":{"self":[{"href":"https:\/\/www.diarioimagen.net\/index.php?rest_route=\/wp\/v2\/posts\/506389","targetHints":{"allow":["GET"]}}],"collection":[{"href":"https:\/\/www.diarioimagen.net\/index.php?rest_route=\/wp\/v2\/posts"}],"about":[{"href":"https:\/\/www.diarioimagen.net\/index.php?rest_route=\/wp\/v2\/types\/post"}],"author":[{"embeddable":true,"href":"https:\/\/www.diarioimagen.net\/index.php?rest_route=\/wp\/v2\/users\/3"}],"replies":[{"embeddable":true,"href":"https:\/\/www.diarioimagen.net\/index.php?rest_route=%2Fwp%2Fv2%2Fcomments&post=506389"}],"version-history":[{"count":0,"href":"https:\/\/www.diarioimagen.net\/index.php?rest_route=\/wp\/v2\/posts\/506389\/revisions"}],"wp:featuredmedia":[{"embeddable":true,"href":"https:\/\/www.diarioimagen.net\/index.php?rest_route=\/wp\/v2\/media\/506438"}],"wp:attachment":[{"href":"https:\/\/www.diarioimagen.net\/index.php?rest_route=%2Fwp%2Fv2%2Fmedia&parent=506389"}],"wp:term":[{"taxonomy":"category","embeddable":true,"href":"https:\/\/www.diarioimagen.net\/index.php?rest_route=%2Fwp%2Fv2%2Fcategories&post=506389"},{"taxonomy":"post_tag","embeddable":true,"href":"https:\/\/www.diarioimagen.net\/index.php?rest_route=%2Fwp%2Fv2%2Ftags&post=506389"}],"curies":[{"name":"wp","href":"https:\/\/api.w.org\/{rel}","templated":true}]}}