{"id":506522,"date":"2021-05-12T00:01:34","date_gmt":"2021-05-12T05:01:34","guid":{"rendered":"https:\/\/www.diarioimagen.net\/?p=506522"},"modified":"2021-05-12T05:57:04","modified_gmt":"2021-05-12T10:57:04","slug":"eu-podria-liberar-mas-vacunas-astrazeneca-a-mexico-dice-amlo","status":"publish","type":"post","link":"https:\/\/www.diarioimagen.net\/?p=506522","title":{"rendered":"EU podr\u00eda liberar m\u00e1s vacunas AstraZeneca a M\u00e9xico, dice AMLO"},"content":{"rendered":"<p>&nbsp;<\/p>\n<h3 style=\"text-align: center;\">Busca acelerar campa\u00f1a de inmunizaci\u00f3n<\/h3>\n<p>&nbsp;<\/p>\n<div id=\"attachment_506625\" style=\"width: 470px\" class=\"wp-caption aligncenter\"><a href=\"https:\/\/www.diarioimagen.net\/?attachment_id=506625\" rel=\"attachment wp-att-506625\"><img loading=\"lazy\" decoding=\"async\" aria-describedby=\"caption-attachment-506625\" class=\"size-full wp-image-506625\" src=\"https:\/\/www.diarioimagen.net\/wp-content\/uploads\/2021\/05\/amlo-2.jpg\" alt=\"\" width=\"460\" height=\"270\" \/><\/a><p id=\"caption-attachment-506625\" class=\"wp-caption-text\">El presidente Andr\u00e9s Manuel L\u00f3pez Obrador anunci\u00f3 que es probable que EU libere m\u00e1s vacunas AstraZeneca para M\u00e9xico.<\/p><\/div>\n<p>&nbsp;<\/p>\n<p>Es posible que Estados Unidos libere m\u00e1s vacunas contra Covid-19 de AstraZeneca a M\u00e9xico, anunci\u00f3 el presidente Andr\u00e9s Manuel L\u00f3pez Obrador en su conferencia ma\u00f1anera.<\/p>\n<p>Esto, luego de hacerle la petici\u00f3n a la vicepresidenta Kamala Harris durante su reuni\u00f3n virtual, la semana pasada,con lo que se busca acelerar la aplicaci\u00f3n de dosis a los mexicanos de 50 a\u00f1os en adelante.<\/p>\n<p>\u201cInformarles que en la pl\u00e1tica que sostuvimos con la vicepresidenta Kamala Harris le solicitamos el que se pudieran prestar, adelantarnos, vacunas de AstraZeneca que ellos no han autorizado para ser aplicadas en Estados Unidos\u201d, mencion\u00f3.<\/p>\n<p>Desde Palacio Nacional, detall\u00f3 que Estados Unidos tiene \u201cuna cantidad considerable\u201d de vacunas contra Covid-19, por lo que la respuesta de la vicepresidenta fue favorable y muy responsable.<\/p>\n<p>\u201cNos dijo que est\u00e1n ellos en la mejor disposici\u00f3n de entregar a pa\u00edses que no tienen vacunas lo que se ha acumulado de la vacuna AstraZeneca, pero que antes de hacer esos env\u00edos est\u00e1n haciendo pruebas a la vacuna porque no quieren mandar algo que no est\u00e9 en buen estado, que no sean vacunas caducas, sino que sean efectivas\u201d, a\u00f1adi\u00f3.<\/p>\n<p>El mandatario adelant\u00f3 que de llevarse a cabo el env\u00edo, entonces se podr\u00eda concluir la vacunaci\u00f3n de personas mayores de 50 a\u00f1os a finales de mayo, \u201ccon eso podr\u00edamos, a finales de este mes, tener pr\u00e1cticamente vacunados a todos los adultos mayores de 50 a\u00f1os si tenemos este env\u00edo adicional y ser\u00eda muy favorable\u201d.<\/p>\n<p>Tambi\u00e9n, anunci\u00f3 que Pfizer ya empez\u00f3 a enviar vacunas desde Estados Unidos a M\u00e9xico, pues antes llegaban de Europa. Record\u00f3 que si se vacuna al 20 por ciento de la poblaci\u00f3n, se podr\u00eda reducir la mortalidad en 80 por ciento.<\/p>\n<p style=\"text-align: center;\"><strong>\u201cPor conservadurismo o por dinero, freno a Ley de Hidrocarburos\u201d<\/strong><\/p>\n<p>En otro tema, el Presidente asegur\u00f3 que es entendible la suspensi\u00f3n que otorg\u00f3 el juez Juan Pablo G\u00f3mez Fierro a la Ley de Hidrocarburos, debido a que defiende a grupos de intereses creados \u201cunos lo hacen por conservadurismo y otros por dinero\u201d.<\/p>\n<p>\u201cEs entendible porque son jueces que defienden a los grupos de intereses creados. Unos lo hacen por conservadurismo y otros por dinero, pero a m\u00ed no me toca investigar por qu\u00e9 lo hacen, nosotros lo que tenemos que hacer es defender siempre los intereses de la naci\u00f3n\u201d, se\u00f1al\u00f3.<\/p>\n<p>En el caso de la industria el\u00e9ctrica, el Presidente remarc\u00f3 que se est\u00e1n llevando a cabo reformas porque estaban saqueando al pa\u00eds, y aprovech\u00f3 para criticar nuevamente a la empresa espa\u00f1ola Iberdrola.<\/p>\n<p>\u201cEnga\u00f1an al pueblo de que nos \u00edbamos a quedar sin luz y que hab\u00eda que abrir el mercado para que participaran inversionistas extranjeros, esto desde Salinas, violan la Constituci\u00f3n y empiezan a dar permisos para que particulares generen energ\u00eda el\u00e9ctrica con contratos, para que la Comisi\u00f3n Federal de Electricidad les compre la energ\u00eda el\u00e9ctrica a precios elevad\u00edsimos, con subsidio\u201d, critic\u00f3.<\/p>\n<p>De acuerdo con L\u00f3pez Obrador, la gran excusa era producir energ\u00edas limpias para enfrentar el problema del cambio clim\u00e1tico. De esta manera, todas las plantas de combust\u00f3leo y carb\u00f3n de la Comisi\u00f3n Federal de Electricidad (CFE) estaban cerradas para dejarles libre el mercado a los particulares.<\/p>\n<p style=\"text-align: center;\"><strong>Es mi obligaci\u00f3n denunciar el fraude electoral, asegura<\/strong><\/p>\n<p>Sobre las campa\u00f1as, L\u00f3pez Obrador asegur\u00f3 que es su obligaci\u00f3n como ciudadano mexicano denunciar los fraudes durante el proceso electoral y apunt\u00f3 que no viola la ley al exponer a los candidatos.<\/p>\n<p>\u201c\u00bfC\u00f3mo no voy a tener que ver? Claro que s\u00ed. Aqu\u00ed lo di a conocer, es de dominio p\u00fablico, lo estoy diciendo: no podemos ser c\u00f3mplices del fraude. (\u2026) Esto lo tenemos que hacer todos en los municipios, en los estados\u201d, destac\u00f3.<\/p>\n<p>El mandatario se\u00f1al\u00f3 que denunciar\u00e1 este tipo de delitos sin importar de qui\u00e9n se trate, y como prueba resalt\u00f3 el caso de una activista desaparecida en Nochixtl\u00e1n, Oaxaca, que de acuerdo con las investigaciones, fue asesinada bajo las \u00f3rdenes de la presidenta municipal, que pertenece a Morena. \u201cFue muy doloroso (\u2026) y la instrucci\u00f3n es sea quien sea\u201d, dijo.<\/p>\n<p>Sostuvo que su gobierno lucha contra la corrupci\u00f3n y la impunidad, incluso, record\u00f3 que convoc\u00f3 a los gobernadores a firmar una carta para que se comprometieran a cuidar que se garantizara la democracia en los comicios y que las elecciones fuesen limpias y libres, \u201ceso va a ser algo excepcional, in\u00e9dito en la historia de M\u00e9xico\u201d, apunt\u00f3.<\/p>\n<p>\u201cSoy un dirigente que ha luchado por la democracia, he padecido de fraudes, \u00bfc\u00f3mo siendo Presidente me voy a callar y voy a ser c\u00f3mplice del fraude? \u00a1De ninguna manera! Todos los ciudadanos tenemos que ayudar para dejar a nuestros hijos un sistema aut\u00e9nticamente democr\u00e1tico\u201d, coment\u00f3.<\/p>\n<p>Explic\u00f3 que al denunciar este tipo de casos se genera \u201cun h\u00e1bito\u201d para el respeto de la voluntad popular y las decisiones del pueblo, lo cual es fundamental para el desarrollo social. Sobre las posibles implicaciones legales que podr\u00eda conllevar sus declaraciones, el Presidente decidi\u00f3 dejarlo a consideraci\u00f3n de las autoridades electorales.<\/p>\n<p>\u201cQue ellos lo decidan, yo creo que no (viola la ley), yo creo que es mi obligaci\u00f3n denunciar el fraude y de todos los ciudadanos. Es un mal que aqueja a la naci\u00f3n, el del fraude electoral\u201d, concluy\u00f3.<\/p>\n","protected":false},"excerpt":{"rendered":"<p>Es posible que Estados Unidos libere m\u00e1s vacunas contra Covid-19 de AstraZeneca a M\u00e9xico, anunci\u00f3 el presidente Andr\u00e9s Manuel L\u00f3pez Obrador en su conferencia ma\u00f1anera.<\/p>\n","protected":false},"author":3,"featured_media":506625,"comment_status":"open","ping_status":"open","sticky":false,"template":"","format":"standard","meta":{"_monsterinsights_skip_tracking":false,"_monsterinsights_sitenote_active":false,"_monsterinsights_sitenote_note":"","_monsterinsights_sitenote_category":0,"footnotes":""},"categories":[3],"tags":[2545,90946,43673,43692],"class_list":["post-506522","post","type-post","status-publish","format-standard","has-post-thumbnail","hentry","category-nacional","tag-amlo","tag-astrazeneca","tag-nacional","tag-salud"],"_links":{"self":[{"href":"https:\/\/www.diarioimagen.net\/index.php?rest_route=\/wp\/v2\/posts\/506522","targetHints":{"allow":["GET"]}}],"collection":[{"href":"https:\/\/www.diarioimagen.net\/index.php?rest_route=\/wp\/v2\/posts"}],"about":[{"href":"https:\/\/www.diarioimagen.net\/index.php?rest_route=\/wp\/v2\/types\/post"}],"author":[{"embeddable":true,"href":"https:\/\/www.diarioimagen.net\/index.php?rest_route=\/wp\/v2\/users\/3"}],"replies":[{"embeddable":true,"href":"https:\/\/www.diarioimagen.net\/index.php?rest_route=%2Fwp%2Fv2%2Fcomments&post=506522"}],"version-history":[{"count":0,"href":"https:\/\/www.diarioimagen.net\/index.php?rest_route=\/wp\/v2\/posts\/506522\/revisions"}],"wp:featuredmedia":[{"embeddable":true,"href":"https:\/\/www.diarioimagen.net\/index.php?rest_route=\/wp\/v2\/media\/506625"}],"wp:attachment":[{"href":"https:\/\/www.diarioimagen.net\/index.php?rest_route=%2Fwp%2Fv2%2Fmedia&parent=506522"}],"wp:term":[{"taxonomy":"category","embeddable":true,"href":"https:\/\/www.diarioimagen.net\/index.php?rest_route=%2Fwp%2Fv2%2Fcategories&post=506522"},{"taxonomy":"post_tag","embeddable":true,"href":"https:\/\/www.diarioimagen.net\/index.php?rest_route=%2Fwp%2Fv2%2Ftags&post=506522"}],"curies":[{"name":"wp","href":"https:\/\/api.w.org\/{rel}","templated":true}]}}