{"id":506524,"date":"2021-05-12T00:02:47","date_gmt":"2021-05-12T05:02:47","guid":{"rendered":"https:\/\/www.diarioimagen.net\/?p=506524"},"modified":"2021-05-12T23:35:25","modified_gmt":"2021-05-13T04:35:25","slug":"alistan-regreso-a-las-aulas-en-coahuila-chiapas-veracruz-nayarit-y-tamaulipas","status":"publish","type":"post","link":"https:\/\/www.diarioimagen.net\/?p=506524","title":{"rendered":"Alistan regreso a las aulas en Coahuila, Chiapas, Veracruz, Nayarit y Tamaulipas"},"content":{"rendered":"<p>&nbsp;<\/p>\n<ul>\n<li><strong><em>Ante avance en proceso de vacunaci\u00f3n a docentes: SEP<\/em><\/strong><\/li>\n<\/ul>\n<p>&nbsp;<\/p>\n<div id=\"attachment_506655\" style=\"width: 470px\" class=\"wp-caption aligncenter\"><a href=\"https:\/\/www.diarioimagen.net\/?attachment_id=506655\" rel=\"attachment wp-att-506655\"><img loading=\"lazy\" decoding=\"async\" aria-describedby=\"caption-attachment-506655\" class=\"size-full wp-image-506655\" src=\"https:\/\/www.diarioimagen.net\/wp-content\/uploads\/2021\/05\/CLASES-PRESENCIALES.jpg\" alt=\"\" width=\"460\" height=\"270\" \/><\/a><p id=\"caption-attachment-506655\" class=\"wp-caption-text\">La SEP alista regreso a las escuelas en los estados de Chiapas, Veracruz, Nayarit y Tamaulipas.<\/p><\/div>\n<p>&nbsp;<\/p>\n<p>La Secretar\u00eda de Educaci\u00f3n P\u00fablica (SEP) alista el regreso a las aulas en las pr\u00f3ximas semanas en m\u00e1s estados como Coahuila, Chiapas, Veracruz, Nayarit y Tamaulipas.<\/p>\n<p>Delfina G\u00f3mez, titular de la SEP, inform\u00f3 en la conferencia de Andr\u00e9s Manuel L\u00f3pez Obrador, sobre el avance en la jornada de vacunaci\u00f3n en personal educativo.<\/p>\n<p>Al respecto, mencion\u00f3 que en las primeras tres etapas de vacunaci\u00f3n a maestras, maestros, personal administrativo y de apoyo de escuelas p\u00fablicas y privadas, en 17 estados del pa\u00eds han sido vacunados un mill\u00f3n 384 mil 19 personas. En la cuarta etapa, que comenzar\u00e1 el 14 de mayo, se prev\u00e9 aplicar 770 mil 922 vacunas en los estados de Baja California Sur, Estado de M\u00e9xico, Guerrero, Hidalgo, Sinaloa, Sonora, Tabasco y Zacatecas.<\/p>\n<p>Inform\u00f3 que la quinta y \u00faltima etapa iniciar\u00e1 el pr\u00f3ximo 18 de mayo y se aplicar\u00e1n 747 mil 438 vacunas a docentes, personal administrativo y de apoyo educativo en los estados de Chihuahua, Ciudad de M\u00e9xico, Puebla, Quer\u00e9taro, Quintana Roo, Tlaxcala y Yucat\u00e1n. Esta etapa concluye el 21 de mayo.<\/p>\n<p style=\"text-align: center;\"><strong>Retorno a las clases presenciales <\/strong><\/p>\n<p>La secretaria de Educaci\u00f3n tambi\u00e9n destac\u00f3 que debido al avance en el proceso de vacunaci\u00f3n a docentes, alistan el regreso a clases presenciales en cinco estados m\u00e1s.<\/p>\n<p>Coment\u00f3 que Campeche ya inici\u00f3 con el proceso del regreso a clases presenciales, y lo mismo har\u00e1 Coahuila a partir del pr\u00f3ximo 17 de mayo, mientras que el 24 se prev\u00e9 que inicien el proceso de regreso a las escuelas en los estados de Chiapas, Veracruz, Nayarit y Tamaulipas.<\/p>\n","protected":false},"excerpt":{"rendered":"<p>La Secretar\u00eda de Educaci\u00f3n P\u00fablica (SEP) alista el regreso a las aulas en las pr\u00f3ximas semanas en m\u00e1s estados como Coahuila, Chiapas, Veracruz, Nayarit y Tamaulipas.<\/p>\n","protected":false},"author":3,"featured_media":506655,"comment_status":"open","ping_status":"open","sticky":false,"template":"","format":"standard","meta":{"_monsterinsights_skip_tracking":false,"_monsterinsights_sitenote_active":false,"_monsterinsights_sitenote_note":"","_monsterinsights_sitenote_category":0,"footnotes":""},"categories":[5],"tags":[2269,92645,38,2663,459,50,52],"class_list":["post-506524","post","type-post","status-publish","format-standard","has-post-thumbnail","hentry","category-estado-de-mexico","tag-chiapas","tag-clases-presenciales","tag-coahuila","tag-nayarit","tag-sep","tag-tamaulipas","tag-veracruz"],"_links":{"self":[{"href":"https:\/\/www.diarioimagen.net\/index.php?rest_route=\/wp\/v2\/posts\/506524","targetHints":{"allow":["GET"]}}],"collection":[{"href":"https:\/\/www.diarioimagen.net\/index.php?rest_route=\/wp\/v2\/posts"}],"about":[{"href":"https:\/\/www.diarioimagen.net\/index.php?rest_route=\/wp\/v2\/types\/post"}],"author":[{"embeddable":true,"href":"https:\/\/www.diarioimagen.net\/index.php?rest_route=\/wp\/v2\/users\/3"}],"replies":[{"embeddable":true,"href":"https:\/\/www.diarioimagen.net\/index.php?rest_route=%2Fwp%2Fv2%2Fcomments&post=506524"}],"version-history":[{"count":0,"href":"https:\/\/www.diarioimagen.net\/index.php?rest_route=\/wp\/v2\/posts\/506524\/revisions"}],"wp:featuredmedia":[{"embeddable":true,"href":"https:\/\/www.diarioimagen.net\/index.php?rest_route=\/wp\/v2\/media\/506655"}],"wp:attachment":[{"href":"https:\/\/www.diarioimagen.net\/index.php?rest_route=%2Fwp%2Fv2%2Fmedia&parent=506524"}],"wp:term":[{"taxonomy":"category","embeddable":true,"href":"https:\/\/www.diarioimagen.net\/index.php?rest_route=%2Fwp%2Fv2%2Fcategories&post=506524"},{"taxonomy":"post_tag","embeddable":true,"href":"https:\/\/www.diarioimagen.net\/index.php?rest_route=%2Fwp%2Fv2%2Ftags&post=506524"}],"curies":[{"name":"wp","href":"https:\/\/api.w.org\/{rel}","templated":true}]}}