{"id":506530,"date":"2021-05-12T00:06:26","date_gmt":"2021-05-12T05:06:26","guid":{"rendered":"https:\/\/www.diarioimagen.net\/?p=506530"},"modified":"2021-05-12T23:34:02","modified_gmt":"2021-05-13T04:34:02","slug":"las-campanas-electorales-no-son-para-comprar-votos-ruth-olvera-nieto","status":"publish","type":"post","link":"https:\/\/www.diarioimagen.net\/?p=506530","title":{"rendered":"Las campa\u00f1as electorales no son para comprar votos: Ruth Olvera Nieto"},"content":{"rendered":"<p>&nbsp;<\/p>\n<ul>\n<li><strong><em>La candidata se compromete a frenar la deserci\u00f3n escolar en Atizap\u00e1n<\/em><\/strong><\/li>\n<\/ul>\n<p>&nbsp;<\/p>\n<div id=\"attachment_506613\" style=\"width: 470px\" class=\"wp-caption aligncenter\"><a href=\"https:\/\/www.diarioimagen.net\/?attachment_id=506613\" rel=\"attachment wp-att-506613\"><img loading=\"lazy\" decoding=\"async\" aria-describedby=\"caption-attachment-506613\" class=\"size-full wp-image-506613\" src=\"https:\/\/www.diarioimagen.net\/wp-content\/uploads\/2021\/05\/Ruth2.jpg\" alt=\"\" width=\"460\" height=\"270\" \/><\/a><p id=\"caption-attachment-506613\" class=\"wp-caption-text\">Ruth Olvera Nieto dijo que las campa\u00f1as electorales no deben ser utilizadas para comprar votos o lanzar promesas al aire y mucho menos para no cumplirle a la poblaci\u00f3n una vez que se alcanz\u00f3 el triunfo electoral<\/p><\/div>\n<p>&nbsp;<\/p>\n<p><strong>Atizap\u00e1n, Estado de Mexico.-<\/strong> Las campa\u00f1as electorales no deben ser utilizadas para comprar votos o lanzar promesas al aire y mucho menos para no cumplirle a la poblaci\u00f3n una vez que se alcanz\u00f3 el triunfo electoral, afirm\u00f3 la candidata de la Coalici\u00f3n Juntos Haremos Historia en el estado de M\u00e9xico a la Presidencia Municipal de Atizap\u00e1n de Zaragoza, Ruth Olvera Nieto<strong>.<\/strong><\/p>\n<p>Ante padres y madres de familia, la candidata se comprometi\u00f3 a frenar la deserci\u00f3n escolar en el municipio y para ello continuar\u00e1 con la entrega de dispositivos electr\u00f3nicos para la reducci\u00f3n de la brecha tecnol\u00f3gica, se reacondicionar\u00e1n bibliotecas para m\u00e1s de 137 mil alumnos, ni\u00f1os y j\u00f3venes, que regresar\u00e1n a las aulas pr\u00f3ximamente, adem\u00e1s se implementar\u00e1n apoyos alimentarios y desayunos escolares.<\/p>\n<p><em>\u201c<\/em>Nosotros caminamos calles, tocamos puertas, porque sabemos que gobernar no es una aventura, no es una haza\u00f1a, es un deber gobernar bien y cumplir todos los d\u00edas a favor de los que menos tienen<em>\u201d<\/em>, expres\u00f3 Olvera Nieto, Candidata a Presidenta Municipal por la Coalici\u00f3n Juntos Haremos Historia en el estado de M\u00e9xico, al garantizar que cuenta con una propuesta contundente en materia social.<\/p>\n<p>Los atizapenses merecen ser una sociedad con acceso igualitario a los servicios de salud; a oportunidades y permanencia escolar, as\u00ed como a actividades deportivas y de recreaci\u00f3n para dinamizar la econom\u00eda, reducir la desigualdad y avanzar en sus derechos constitucionales.<\/p>\n<p>Con fundamento en lo anterior, expuso que todas las clases sociales tienen relevancia para hacer de Atizap\u00e1n de Zaragoza un Municipio que concrete acciones realistas y no suntuosas, de ah\u00ed que \u201ccuento con proyectos viables como el brindar mantenimiento adecuado a la infraestructura existente y mejorar el equipamiento de los consultorios perif\u00e9ricos y unidades m\u00f3viles del Sistema Municipal DIF\u201d<em>.<\/em> Tambi\u00e9n trabajaremos en campa\u00f1as de concientizaci\u00f3n para el cuidado de la salud y prevenci\u00f3n de enfermedades cr\u00f3nico-degenerativas, a\u00f1adi\u00f3.<\/p>\n<p>En materia de cultura f\u00edsica y el deporte se implementar\u00e1n pol\u00edticas p\u00fablicas encaminadas a incorporar, promover y facilitar que todas las personas, sin distinci\u00f3n alguna, tengan igualdad de acceso a la realizaci\u00f3n de estas actividades, dijo.<\/p>\n<p>Para ello, continu\u00f3, se ampliar\u00e1, habilitar\u00e1 y\/o rehabilitar\u00e1 la infraestructura deportiva y recreativa municipal; se implementar\u00e1 un semillero deportivo con ni\u00f1os y j\u00f3venes, orientado a impulsar la formaci\u00f3n deportiva, y al mismo tiempo, a prevenir conductas antisociales y delictivas.<\/p>\n<p>Tambi\u00e9n se actualizar\u00e1 el padr\u00f3n de organizaciones e instituciones deportivas locales con las que se puedan entablar alianzas estrat\u00e9gicas para la promoci\u00f3n del deporte y se apoyar\u00e1 econ\u00f3micamente a los atletas de alto rendimiento.<\/p>\n","protected":false},"excerpt":{"rendered":"<p>Las campa\u00f1as electorales no deben ser utilizadas para comprar votos o lanzar promesas al aire y mucho menos para no cumplirle a la poblaci\u00f3n una vez que se alcanz\u00f3 el triunfo electoral, afirm\u00f3 la candidata de la Coalici\u00f3n Juntos Haremos Historia en el estado de M\u00e9xico a la Presidencia Municipal de Atizap\u00e1n de Zaragoza, Ruth Olvera Nieto.<\/p>\n","protected":false},"author":3,"featured_media":506613,"comment_status":"open","ping_status":"open","sticky":false,"template":"","format":"standard","meta":{"_monsterinsights_skip_tracking":false,"_monsterinsights_sitenote_active":false,"_monsterinsights_sitenote_note":"","_monsterinsights_sitenote_category":0,"footnotes":""},"categories":[5],"tags":[969,43675,80963],"class_list":["post-506530","post","type-post","status-publish","format-standard","has-post-thumbnail","hentry","category-estado-de-mexico","tag-atizapan","tag-estado-de-mexico","tag-ruth-olvera-nieto"],"_links":{"self":[{"href":"https:\/\/www.diarioimagen.net\/index.php?rest_route=\/wp\/v2\/posts\/506530","targetHints":{"allow":["GET"]}}],"collection":[{"href":"https:\/\/www.diarioimagen.net\/index.php?rest_route=\/wp\/v2\/posts"}],"about":[{"href":"https:\/\/www.diarioimagen.net\/index.php?rest_route=\/wp\/v2\/types\/post"}],"author":[{"embeddable":true,"href":"https:\/\/www.diarioimagen.net\/index.php?rest_route=\/wp\/v2\/users\/3"}],"replies":[{"embeddable":true,"href":"https:\/\/www.diarioimagen.net\/index.php?rest_route=%2Fwp%2Fv2%2Fcomments&post=506530"}],"version-history":[{"count":0,"href":"https:\/\/www.diarioimagen.net\/index.php?rest_route=\/wp\/v2\/posts\/506530\/revisions"}],"wp:featuredmedia":[{"embeddable":true,"href":"https:\/\/www.diarioimagen.net\/index.php?rest_route=\/wp\/v2\/media\/506613"}],"wp:attachment":[{"href":"https:\/\/www.diarioimagen.net\/index.php?rest_route=%2Fwp%2Fv2%2Fmedia&parent=506530"}],"wp:term":[{"taxonomy":"category","embeddable":true,"href":"https:\/\/www.diarioimagen.net\/index.php?rest_route=%2Fwp%2Fv2%2Fcategories&post=506530"},{"taxonomy":"post_tag","embeddable":true,"href":"https:\/\/www.diarioimagen.net\/index.php?rest_route=%2Fwp%2Fv2%2Ftags&post=506530"}],"curies":[{"name":"wp","href":"https:\/\/api.w.org\/{rel}","templated":true}]}}