{"id":506532,"date":"2021-05-12T00:05:51","date_gmt":"2021-05-12T05:05:51","guid":{"rendered":"https:\/\/www.diarioimagen.net\/?p=506532"},"modified":"2021-05-12T23:35:42","modified_gmt":"2021-05-13T04:35:42","slug":"avanza-campana-de-vacunacion-contra-covid-19-en-edomex","status":"publish","type":"post","link":"https:\/\/www.diarioimagen.net\/?p=506532","title":{"rendered":"Avanza campa\u00f1a de vacunaci\u00f3n contra Covid-19 en Edom\u00e9x"},"content":{"rendered":"<p>&nbsp;<\/p>\n<h3 style=\"text-align: center;\">Se aplica la segunda dosis en m\u00e1s de 64 municipios<\/h3>\n<p><em>\u00a0<\/em><\/p>\n<ul>\n<li><em><strong>Arranca inmunizaci\u00f3n para docentes mexiquenses, este mi\u00e9rcoles<\/strong> <\/em><\/li>\n<\/ul>\n<p><strong>\u00a0<\/strong><\/p>\n<div id=\"attachment_506657\" style=\"width: 470px\" class=\"wp-caption aligncenter\"><a href=\"https:\/\/www.diarioimagen.net\/?attachment_id=506657\" rel=\"attachment wp-att-506657\"><img loading=\"lazy\" decoding=\"async\" aria-describedby=\"caption-attachment-506657\" class=\"size-full wp-image-506657\" src=\"https:\/\/www.diarioimagen.net\/wp-content\/uploads\/2021\/05\/DEL-MAZO1.jpg\" alt=\"\" width=\"460\" height=\"270\" \/><\/a><p id=\"caption-attachment-506657\" class=\"wp-caption-text\">El gobernador del Estado de M\u00e9xico reconoci\u00f3 el trabajo de los m\u00e1s de 3 mil voluntarios y 800 colaboradores que forman parte de la delegaci\u00f3n de la Cruz Roja Estado de M\u00e9xico.<\/p><\/div>\n<p>&nbsp;<\/p>\n<p><strong>Toluca, Estado de M\u00e9xico.- <\/strong>En el Estado de M\u00e9xico la vacunaci\u00f3n contra la Covid-19 avanza, pues en adultos mayores de m\u00e1s de 64 municipios se aplica la segunda dosis, mientras que ya dio inicio la aplicaci\u00f3n del biol\u00f3gico para la poblaci\u00f3n de 50 a 59 a\u00f1os y este mi\u00e9rcoles comienza para los docentes mexiquenses.<\/p>\n<p>El gobernador del Estado de M\u00e9xico inform\u00f3 que los adultos mayores de los 125 municipios mexiquenses que decidieron vacunarse de manera voluntaria ya cuentan con al menos la primera dosis de la vacuna, y en m\u00e1s de 64 municipios ya se aplica la segunda dosis.<\/p>\n<p>Dio a conocer que en Toluca, Metepec y Huixquilucan inici\u00f3 la vacunaci\u00f3n de mayores de 50 a\u00f1os, y este mi\u00e9rcoles comenzar\u00e1 en Nezahualc\u00f3yotl y el jueves en Ecatepec.<\/p>\n<p>Record\u00f3 que tambi\u00e9n este 12 de mayo da inicio la vacunaci\u00f3n de las maestras y maestros de escuelas p\u00fablicas y privadas del Estado de M\u00e9xico, lo cual permitir\u00e1 plantear un regreso a clases seguro para docentes, alumnos y padres de familia, lo que a su vez conducir\u00e1 a la reactivaci\u00f3n econ\u00f3mica.<\/p>\n<p>Destac\u00f3 que ser\u00e1n 375 mil maestras y maestros que forman parte del sector educativo a quienes se les estar\u00e1 vacunando.<\/p>\n<p>En el Centro Nacional de Capacitaci\u00f3n y Adiestramiento de Cruz Roja, donde se donaron ambulancias a esta instituci\u00f3n, el mandatario mexiquense indic\u00f3 que en este espacio se brinda capacitaci\u00f3n para las \u00e1reas de Protecci\u00f3n Civil del Estado de M\u00e9xico, de los municipios y de otras entidades del pa\u00eds.<\/p>\n<p>Asimismo, reconoci\u00f3 y agradeci\u00f3 al Presidente Nacional de la Cruz Roja Mexicana, Fernando Suinaga C\u00e1rdenas, a Jorge Forasteri, delegado estatal de esta instituci\u00f3n, as\u00ed como a los m\u00e1s de 3 mil voluntarios y 800 colaboradores que forman parte de la delegaci\u00f3n Estado de M\u00e9xico, por la labor social que hacen por las familias mexiquenses.<\/p>\n<p>En este sentido, invit\u00f3 a la poblaci\u00f3n a sumarse a la colecta 2021 de Cruz Roja, la cual termina el 31 de mayo, y con ello agradecer a esta instituci\u00f3n que ayuda en momentos dif\u00edciles, como lo ha sido durante la pandemia por COVID-19, donde sus integrantes han arriesgado su salud y su vida para atender a los mexiquenses.<\/p>\n","protected":false},"excerpt":{"rendered":"<p>En el Estado de M\u00e9xico la vacunaci\u00f3n contra la Covid-19 avanza, pues en adultos mayores de m\u00e1s de 64 municipios se aplica la segunda dosis, mientras que ya dio inicio la aplicaci\u00f3n del biol\u00f3gico para la poblaci\u00f3n de 50 a 59 a\u00f1os y este mi\u00e9rcoles comienza para los docentes mexiquenses.<\/p>\n","protected":false},"author":3,"featured_media":506657,"comment_status":"open","ping_status":"open","sticky":false,"template":"","format":"standard","meta":{"_monsterinsights_skip_tracking":false,"_monsterinsights_sitenote_active":false,"_monsterinsights_sitenote_note":"","_monsterinsights_sitenote_category":0,"footnotes":""},"categories":[5],"tags":[47414,43675,452,2643],"class_list":["post-506532","post","type-post","status-publish","format-standard","has-post-thumbnail","hentry","category-estado-de-mexico","tag-avanza","tag-estado-de-mexico","tag-toluca","tag-vacunacion"],"_links":{"self":[{"href":"https:\/\/www.diarioimagen.net\/index.php?rest_route=\/wp\/v2\/posts\/506532","targetHints":{"allow":["GET"]}}],"collection":[{"href":"https:\/\/www.diarioimagen.net\/index.php?rest_route=\/wp\/v2\/posts"}],"about":[{"href":"https:\/\/www.diarioimagen.net\/index.php?rest_route=\/wp\/v2\/types\/post"}],"author":[{"embeddable":true,"href":"https:\/\/www.diarioimagen.net\/index.php?rest_route=\/wp\/v2\/users\/3"}],"replies":[{"embeddable":true,"href":"https:\/\/www.diarioimagen.net\/index.php?rest_route=%2Fwp%2Fv2%2Fcomments&post=506532"}],"version-history":[{"count":0,"href":"https:\/\/www.diarioimagen.net\/index.php?rest_route=\/wp\/v2\/posts\/506532\/revisions"}],"wp:featuredmedia":[{"embeddable":true,"href":"https:\/\/www.diarioimagen.net\/index.php?rest_route=\/wp\/v2\/media\/506657"}],"wp:attachment":[{"href":"https:\/\/www.diarioimagen.net\/index.php?rest_route=%2Fwp%2Fv2%2Fmedia&parent=506532"}],"wp:term":[{"taxonomy":"category","embeddable":true,"href":"https:\/\/www.diarioimagen.net\/index.php?rest_route=%2Fwp%2Fv2%2Fcategories&post=506532"},{"taxonomy":"post_tag","embeddable":true,"href":"https:\/\/www.diarioimagen.net\/index.php?rest_route=%2Fwp%2Fv2%2Ftags&post=506532"}],"curies":[{"name":"wp","href":"https:\/\/api.w.org\/{rel}","templated":true}]}}