{"id":506539,"date":"2021-05-12T00:03:53","date_gmt":"2021-05-12T05:03:53","guid":{"rendered":"https:\/\/www.diarioimagen.net\/?p=506539"},"modified":"2021-05-12T07:25:09","modified_gmt":"2021-05-12T12:25:09","slug":"adrian-juarez-jimenez-invita-a-la-gente-a-construir-el-tlanepantla-que-queremos","status":"publish","type":"post","link":"https:\/\/www.diarioimagen.net\/?p=506539","title":{"rendered":"Adri\u00e1n Ju\u00e1rez Jim\u00e9nez invita a la gente a construir el Tlanepantla que queremos"},"content":{"rendered":"<p>&nbsp;<\/p>\n<ul>\n<li><strong><em>Candidato a diputado por el Distrito 18<\/em><\/strong><\/li>\n<\/ul>\n<p>&nbsp;<\/p>\n<div id=\"attachment_506667\" style=\"width: 470px\" class=\"wp-caption aligncenter\"><a href=\"https:\/\/www.diarioimagen.net\/?attachment_id=506667\" rel=\"attachment wp-att-506667\"><img loading=\"lazy\" decoding=\"async\" aria-describedby=\"caption-attachment-506667\" class=\"size-full wp-image-506667\" src=\"https:\/\/www.diarioimagen.net\/wp-content\/uploads\/2021\/05\/CAMACHO12-b.jpg\" alt=\"\" width=\"460\" height=\"270\" \/><\/a><p id=\"caption-attachment-506667\" class=\"wp-caption-text\">Durante los recorridos por diversas colonias del municipio, Adri\u00e1n Ju\u00e1rez Jim\u00e9nez, abanderado por coalici\u00f3n Va por M\u00e9xico,\u00a0 comparte con la ciudadan\u00eda sus propuestas.<\/p><\/div>\n<p>&nbsp;<\/p>\n<p><strong>Tlanepantla, Estado de M\u00e9xico<\/strong>.- La gente merece que sus representantes alcen la voz, defiendan sus intereses y luchen por aquello que les pertenece, as\u00ed ser\u00e1 mi paso por la diputaci\u00f3n por el Distrito 18 de la mano de las y los Tlalnepantlenses expres\u00f3 Adri\u00e1n Ju\u00e1rez Jim\u00e9nez abanderado por coalici\u00f3n va por M\u00e9xico.<\/p>\n<p>Durante los recorridos por diversas colonias del municipio comparte con la ciudadan\u00eda sus propuestas, una de ellas es para madres trabajadoras con la reapertura de estancias infantiles.<\/p>\n<p>Asimismo me reun\u00ed con representantes de las Organizaciones de la Sociedad Civil, a quienes les reiter\u00e9 mi disposici\u00f3n para trabajar conjuntamente desde el Congreso Mexiquense en favor de las y los tlalnepantlenses que m\u00e1s lo necesitan.<\/p>\n","protected":false},"excerpt":{"rendered":"<p>La gente merece que sus representantes alcen la voz, defiendan sus intereses y luchen por aquello que les pertenece, as\u00ed ser\u00e1 mi paso por la diputaci\u00f3n por el Distrito 18 de la mano de las y los Tlalnepantlenses expres\u00f3 Adri\u00e1n Ju\u00e1rez Jim\u00e9nez abanderado por coalici\u00f3n va por M\u00e9xico.<\/p>\n","protected":false},"author":3,"featured_media":506667,"comment_status":"open","ping_status":"open","sticky":false,"template":"","format":"standard","meta":{"_monsterinsights_skip_tracking":false,"_monsterinsights_sitenote_active":false,"_monsterinsights_sitenote_note":"","_monsterinsights_sitenote_category":0,"footnotes":""},"categories":[5],"tags":[92953,43675,10627],"class_list":["post-506539","post","type-post","status-publish","format-standard","has-post-thumbnail","hentry","category-estado-de-mexico","tag-adrian-juarez-jimenez","tag-estado-de-mexico","tag-tlanepantla"],"_links":{"self":[{"href":"https:\/\/www.diarioimagen.net\/index.php?rest_route=\/wp\/v2\/posts\/506539","targetHints":{"allow":["GET"]}}],"collection":[{"href":"https:\/\/www.diarioimagen.net\/index.php?rest_route=\/wp\/v2\/posts"}],"about":[{"href":"https:\/\/www.diarioimagen.net\/index.php?rest_route=\/wp\/v2\/types\/post"}],"author":[{"embeddable":true,"href":"https:\/\/www.diarioimagen.net\/index.php?rest_route=\/wp\/v2\/users\/3"}],"replies":[{"embeddable":true,"href":"https:\/\/www.diarioimagen.net\/index.php?rest_route=%2Fwp%2Fv2%2Fcomments&post=506539"}],"version-history":[{"count":0,"href":"https:\/\/www.diarioimagen.net\/index.php?rest_route=\/wp\/v2\/posts\/506539\/revisions"}],"wp:featuredmedia":[{"embeddable":true,"href":"https:\/\/www.diarioimagen.net\/index.php?rest_route=\/wp\/v2\/media\/506667"}],"wp:attachment":[{"href":"https:\/\/www.diarioimagen.net\/index.php?rest_route=%2Fwp%2Fv2%2Fmedia&parent=506539"}],"wp:term":[{"taxonomy":"category","embeddable":true,"href":"https:\/\/www.diarioimagen.net\/index.php?rest_route=%2Fwp%2Fv2%2Fcategories&post=506539"},{"taxonomy":"post_tag","embeddable":true,"href":"https:\/\/www.diarioimagen.net\/index.php?rest_route=%2Fwp%2Fv2%2Ftags&post=506539"}],"curies":[{"name":"wp","href":"https:\/\/api.w.org\/{rel}","templated":true}]}}