{"id":506541,"date":"2021-05-12T00:04:12","date_gmt":"2021-05-12T05:04:12","guid":{"rendered":"https:\/\/www.diarioimagen.net\/?p=506541"},"modified":"2021-05-12T07:25:40","modified_gmt":"2021-05-12T12:25:40","slug":"ya-comence-a-trabajar-por-el-cuautitlan-izcalli-que-mereces-afirma-karla-fiesco","status":"publish","type":"post","link":"https:\/\/www.diarioimagen.net\/?p=506541","title":{"rendered":"Ya comenc\u00e9 a trabajar por el Cuautitl\u00e1n Izcalli que mereces, afirma Karla Fiesco"},"content":{"rendered":"<p><strong>\u00a0<\/strong><\/p>\n<p><a href=\"https:\/\/www.diarioimagen.net\/?attachment_id=506669\" rel=\"attachment wp-att-506669\"><img loading=\"lazy\" decoding=\"async\" class=\"aligncenter size-full wp-image-506669\" src=\"https:\/\/www.diarioimagen.net\/wp-content\/uploads\/2021\/05\/CAMACHO12-d.jpg\" alt=\"\" width=\"460\" height=\"270\" \/><\/a><\/p>\n<p>&nbsp;<\/p>\n<p><strong>Cuautitl\u00e1n Izcalli, Estado de M\u00e9xico.-<\/strong> Karla Fiesco firm\u00f3 un convenio con el objetivo de impulsar las gestiones necesarias para culminar lo m\u00e1s pronto posible el Hospital Regional de Segundo Nivel de Cuautitl\u00e1n Izcalli, en presencia y con ayuda del Consejo Municipal de Participaci\u00f3n Ciudadana Izcalli Unido (COMPAC) y en compa\u00f1\u00eda de los candidatos a diputado, Paco Rojas y Paco Santos.<\/p>\n<p>\u201cCaminemos juntos y con una \u00fanica meta, darte la calidad de vida que mereces\u201d, se\u00f1ala.<\/p>\n<p>&nbsp;<\/p>\n","protected":false},"excerpt":{"rendered":"<p>Karla Fiesco firm\u00f3 un convenio con el objetivo de impulsar las gestiones necesarias para culminar lo m\u00e1s pronto posible el Hospital Regional de Segundo Nivel de Cuautitl\u00e1n Izcalli, en presencia y con ayuda del Consejo Municipal de Participaci\u00f3n Ciudadana Izcalli Unido (COMPAC) y en compa\u00f1\u00eda de los candidatos a diputado, Paco Rojas y Paco Santos.<\/p>\n","protected":false},"author":3,"featured_media":506669,"comment_status":"open","ping_status":"open","sticky":false,"template":"","format":"standard","meta":{"_monsterinsights_skip_tracking":false,"_monsterinsights_sitenote_active":false,"_monsterinsights_sitenote_note":"","_monsterinsights_sitenote_category":0,"footnotes":""},"categories":[5],"tags":[971,43675,92915],"class_list":["post-506541","post","type-post","status-publish","format-standard","has-post-thumbnail","hentry","category-estado-de-mexico","tag-cuautitlan-izcalli","tag-estado-de-mexico","tag-karla-fiesco"],"_links":{"self":[{"href":"https:\/\/www.diarioimagen.net\/index.php?rest_route=\/wp\/v2\/posts\/506541","targetHints":{"allow":["GET"]}}],"collection":[{"href":"https:\/\/www.diarioimagen.net\/index.php?rest_route=\/wp\/v2\/posts"}],"about":[{"href":"https:\/\/www.diarioimagen.net\/index.php?rest_route=\/wp\/v2\/types\/post"}],"author":[{"embeddable":true,"href":"https:\/\/www.diarioimagen.net\/index.php?rest_route=\/wp\/v2\/users\/3"}],"replies":[{"embeddable":true,"href":"https:\/\/www.diarioimagen.net\/index.php?rest_route=%2Fwp%2Fv2%2Fcomments&post=506541"}],"version-history":[{"count":0,"href":"https:\/\/www.diarioimagen.net\/index.php?rest_route=\/wp\/v2\/posts\/506541\/revisions"}],"wp:featuredmedia":[{"embeddable":true,"href":"https:\/\/www.diarioimagen.net\/index.php?rest_route=\/wp\/v2\/media\/506669"}],"wp:attachment":[{"href":"https:\/\/www.diarioimagen.net\/index.php?rest_route=%2Fwp%2Fv2%2Fmedia&parent=506541"}],"wp:term":[{"taxonomy":"category","embeddable":true,"href":"https:\/\/www.diarioimagen.net\/index.php?rest_route=%2Fwp%2Fv2%2Fcategories&post=506541"},{"taxonomy":"post_tag","embeddable":true,"href":"https:\/\/www.diarioimagen.net\/index.php?rest_route=%2Fwp%2Fv2%2Ftags&post=506541"}],"curies":[{"name":"wp","href":"https:\/\/api.w.org\/{rel}","templated":true}]}}