{"id":506567,"date":"2021-05-12T00:04:59","date_gmt":"2021-05-12T05:04:59","guid":{"rendered":"https:\/\/www.diarioimagen.net\/?p=506567"},"modified":"2021-05-12T01:37:24","modified_gmt":"2021-05-12T06:37:24","slug":"politica-y-delincuencia","status":"publish","type":"post","link":"https:\/\/www.diarioimagen.net\/?p=506567","title":{"rendered":"Pol\u00edtica y delincuencia"},"content":{"rendered":"<h2>Punto por punto<\/h2>\n<h5>Augusto Corro<\/h5>\n<p>&nbsp;<\/p>\n<p>Pol\u00edtica y delincuencia van de la mano en esta campa\u00f1a electoral intermedia, la m\u00e1s importante en los \u00faltimos sexenios. Como se sabe el pr\u00f3ximo 6 de junio se votar\u00e1 por candidatos a la C\u00e1mara de Diputados.<\/p>\n<p>La C\u00e1mara de Diputados federal se integra con 500 legisladores de diferentes partidos. Tambi\u00e9n se elegir\u00e1n a quince gobernadores.<\/p>\n<p>Seg\u00fan las estad\u00edsticas, van 139 pol\u00edticos y funcionarios sin militancia asesinados desde que comenz\u00f3 el proceso electoral el 7 de septiembre de 2020.<\/p>\n<p>Las actividades pol\u00edticas se incrementaron y en un sinn\u00famero de hechos se cay\u00f3 en hechos delictivos variados. Alrededor de 234 candidatos solicitaron protecci\u00f3n.<\/p>\n<p>Pero la delincuencia en materia electoral no se limit\u00f3 a los atentados contra los adversarios: intensific\u00f3 actos ilegales, como el de invertir dinero sucio en las campa\u00f1as y continu\u00f3 con la compra del voto.<\/p>\n<p>En los \u00faltimos casos se pronostican esc\u00e1ndalos may\u00fasculos por los dos candidatos que son investigados por las autoridades encabezan la lista de preferencias electorales.<\/p>\n<p>Hablamos de Samuel Garc\u00eda, candidato de Movimiento Ciudadano (MC) a la gubernatura de Nuevo Le\u00f3n, acusado de inyectar dinero del \u201cnarco\u201d a su campa\u00f1a pol\u00edtica.<\/p>\n<p>El otro aspirante al gobierno de Nuevo Le\u00f3n es Adri\u00e1n de la Garza, de la alianza PRI-PRD, es acusado de solicitar el voto femenino a trav\u00e9s de una \u201ctarjeta rosa\u201d que permite obtener dinero, una vez que el candidato gane las elecciones.<\/p>\n<p>El panorama pol\u00edtico en NL se contempla incierto. Las acusaciones contra los candidatos punteros surgieron cuando la candidata de Morena a la gubernatura, Clara Luz Flores, est\u00e1 en los \u00faltimos lugares de la competencia.<\/p>\n<p style=\"text-align: center;\"><strong>El caso de Claudia<\/strong><\/p>\n<p>Ayer, en este espacio le informamos de la desaparici\u00f3n forzada de la activista Claudia Uruchurtu Cruz, de 48 a\u00f1os. Como presunta responsable intelectual del hecho se menciona a Lizbeth Victoria Huerta, presidenta municipal morenista de Nochixtl\u00e1n, Oaxaca.<\/p>\n<p>Un testigo protegido manifest\u00f3 que fueron las autoridades municipales las encargadas de desaparecer a Claudia, quien tiene la doble nacionalidad brit\u00e1nica-mexicana.<\/p>\n<p>Hayde, Elizabeth y Sara dijeron que no saben nada de su hermana Claudia desde hace m\u00e1s de 45 d\u00edas. No dejaron de denunciar el hecho y exigieron una amplia investigaci\u00f3n del caso.<\/p>\n<p>El viernes pasado, fue detenida la presidencia municipal de Nochixtl\u00e1n y otras dos personas. Seg\u00fan los familiares las acciones contra Claudia se derivaron de las denuncias de corrupci\u00f3n contra la alcaldesa.<\/p>\n<p>Por su parte, la Fiscal\u00eda General del Estado de Oaxaca supone que Claudia pudo ser asesinada y su cuerpo enterrado clandestinamente.<\/p>\n<p>Las autoridades efectuaron operativos en varios parajes y ladrilleras de Nochixtl\u00e1n en busca del cuerpo sin vida de Claudia.\u00a0 La alcaldesa se encuentra en prisi\u00f3n. Entre sus pretensiones pol\u00edticas se encontraba la de continuar en el poder. Es decir, reelegirse por tres a\u00f1os m\u00e1s en la alcald\u00eda.<\/p>\n<p style=\"text-align: center;\"><strong>M\u00e1s acusaciones contra gobernador<\/strong><\/p>\n<p>Sigue en el aire el desafuero contra el gobernador panista de Tamaulipas, Francisco Javier Garc\u00eda Cabeza de Vaca. Alguien tendr\u00e1 que decidir el futuro del mandatario, que es defendido por la C\u00e1mara de Diputados estatal contra el desafuero aprobado por los legisladores de San L\u00e1zaro.<\/p>\n<p>La Fiscal\u00eda General de la Rep\u00fablica (FGR) acus\u00f3 al gobernador por los delitos de delincuencia organizada, lavado de dinero y defraudaci\u00f3n fiscal.<\/p>\n<p>Garc\u00eda Cabeza de Vaca tiene suficientes cargos en contra que lo llevar\u00e1n a ventilarlos ante la justicia.<\/p>\n<p>Si con lo anterior no bastara, el Departamento de Justicia del Gobierno de los Estados Unidos investiga al citado mandatario Garc\u00eda Cabeza de Vaca y a integrantes de su familia por presunto lavado de dinero.<\/p>\n<p>Dijo la FGR que las autoridades estadounidenses notificaron al gobierno mexicano de nuevas pruebas contra Garc\u00eda Cabeza de Vaca, varias personas m\u00e1s, as\u00ed como diversas empresas comerciales, desarrolladoras e industriales, vinculadas con irregularidades bancarias, transferencias monetarias ilegales y operaciones il\u00edcitas.<\/p>\n<p>A todo esto, \u00bfd\u00f3nde se encuentra Garc\u00eda Cabeza de Vaca? \u00bfSe escondi\u00f3? Ya le informaremos. \u00bfUsted qu\u00e9 opina amable lector?<\/p>\n<p><a href=\"mailto:aco2742@hotmail.com\" target=\"_blank\" rel=\"noopener noreferrer\"><em>aco2742@hotmail.com<\/em><\/a><\/p>\n","protected":false},"excerpt":{"rendered":"<p><span style=\"color: #005497;\"><strong>Augusto Corro<\/strong><\/span><\/p>\n","protected":false},"author":3,"featured_media":0,"comment_status":"open","ping_status":"open","sticky":false,"template":"","format":"standard","meta":{"_monsterinsights_skip_tracking":false,"_monsterinsights_sitenote_active":false,"_monsterinsights_sitenote_note":"","_monsterinsights_sitenote_category":0,"footnotes":""},"categories":[157],"tags":[43686,43674,11515],"class_list":["post-506567","post","type-post","status-publish","format-standard","hentry","category-augusto-corro","tag-augusto-corro","tag-opinion","tag-punto-por-punto"],"_links":{"self":[{"href":"https:\/\/www.diarioimagen.net\/index.php?rest_route=\/wp\/v2\/posts\/506567","targetHints":{"allow":["GET"]}}],"collection":[{"href":"https:\/\/www.diarioimagen.net\/index.php?rest_route=\/wp\/v2\/posts"}],"about":[{"href":"https:\/\/www.diarioimagen.net\/index.php?rest_route=\/wp\/v2\/types\/post"}],"author":[{"embeddable":true,"href":"https:\/\/www.diarioimagen.net\/index.php?rest_route=\/wp\/v2\/users\/3"}],"replies":[{"embeddable":true,"href":"https:\/\/www.diarioimagen.net\/index.php?rest_route=%2Fwp%2Fv2%2Fcomments&post=506567"}],"version-history":[{"count":0,"href":"https:\/\/www.diarioimagen.net\/index.php?rest_route=\/wp\/v2\/posts\/506567\/revisions"}],"wp:attachment":[{"href":"https:\/\/www.diarioimagen.net\/index.php?rest_route=%2Fwp%2Fv2%2Fmedia&parent=506567"}],"wp:term":[{"taxonomy":"category","embeddable":true,"href":"https:\/\/www.diarioimagen.net\/index.php?rest_route=%2Fwp%2Fv2%2Fcategories&post=506567"},{"taxonomy":"post_tag","embeddable":true,"href":"https:\/\/www.diarioimagen.net\/index.php?rest_route=%2Fwp%2Fv2%2Ftags&post=506567"}],"curies":[{"name":"wp","href":"https:\/\/api.w.org\/{rel}","templated":true}]}}