{"id":506573,"date":"2021-05-12T00:08:17","date_gmt":"2021-05-12T05:08:17","guid":{"rendered":"https:\/\/www.diarioimagen.net\/?p=506573"},"modified":"2021-05-12T01:42:51","modified_gmt":"2021-05-12T06:42:51","slug":"que-adversario-merece-su-respeto","status":"publish","type":"post","link":"https:\/\/www.diarioimagen.net\/?p=506573","title":{"rendered":"\u00bfQu\u00e9 adversario merece su respeto?"},"content":{"rendered":"<h2>Detr\u00e1s del Poder<\/h2>\n<h5>Jos\u00e9 Antonio L\u00f3pez Sosa<\/h5>\n<p>&nbsp;<\/p>\n<p><strong>Puerto Pe\u00f1asco, Sonora.-<\/strong> El presidente L\u00f3pez Obrador una vez m\u00e1s -como es cotidiano- arremete contra periodistas, intelectuales, medios de informaci\u00f3n, en fin, contra todo aquel que se manifieste en contra de sus decisiones con relaci\u00f3n al manejo de la Cuarta Transformaci\u00f3n.<\/p>\n<p>El Presidente los mete en un solo saco a todos: conservadores, vividores del Estado, gente que pone en venta su palabra, traidores, en fin, una serie de calificativos que los ubica en el lado incorrecto de la historia, desde la visi\u00f3n del Presidente.<\/p>\n<p>Habla mucho L\u00f3pez Obrador de la democracia, dice que no exist\u00eda la democracia en M\u00e9xico hasta su llegada, sin embargo, se contradice cuando acusa a quienes no piensan como \u00e9l. \u00bfQu\u00e9 no la democracia permite coexistir entre personas con distintas ideolog\u00edas pol\u00edticas y econ\u00f3micas?<\/p>\n<p>Mi pregunta es \u00bfa qu\u00e9 adversario respeta L\u00f3pez Obrador?, en otras palabras, \u00bfa qu\u00e9 persona que no piensa como \u00e9l la puede respetar y considerar un ente valioso en la condici\u00f3n democr\u00e1tica del pa\u00eds?, la democracia no debe convertirse en un pensamiento \u00fanico, la democracia no se trata de descalificar a todo el que no piensa como el gobernante, la democracia no son blancos y negros, son precisamente tonos grises que se logran a trav\u00e9s de la negociaci\u00f3n y los acuerdos.<\/p>\n<p>La pol\u00edtica es negociar, contraponer posiciones de poder y lograr acuerdos en beneficio de las mayor\u00edas, la pol\u00edtica no tiene por objeto imponer un pensamiento \u00fanico y perseguir al que piensa diferente.<\/p>\n<p>En este punto es donde me pregunto por la percepci\u00f3n ideol\u00f3gica del Presidente, d\u00f3nde pone en el discurso esa parte de la democracia donde debemos caber todos, donde las distintas formas de ver al pa\u00eds, la econom\u00eda y la pol\u00edtica (incluso desde la visi\u00f3n que \u00e9l denomina como conservadora) deber\u00edan cohabitar para hacer crecer al pa\u00eds.<\/p>\n<p>Entre m\u00e1s se acerca la elecci\u00f3n, m\u00e1s iracundas son las respuestas del Presidente con relaci\u00f3n a su oposici\u00f3n, la trata de vestir como enemigo de M\u00e9xico cuando no es as\u00ed.<\/p>\n<p>S\u00ed, la alianza PRI-PAN-PRD representa la prostituci\u00f3n total de los partidos pol\u00edticos en M\u00e9xico y el pretexto de su unidad me parece pueril, no han tenido por separado la capacidad de generar cuadros y liderazgos, sin embargo, es su derecho participar y crear contrapesos al poder absoluto que hoy, Morena tiene. Y no est\u00e1 mal.<\/p>\n<p><em><a href=\"http:\/\/www.lopezsosa.com\" target=\"_blank\" rel=\"noopener\">www.lopezsosa.com<\/a><\/em><br \/>\n<em><a href=\"mailto:joseantonio@lopezsosa.com\" target=\"_blank\" rel=\"noopener\">joseantonio@lopezsosa.com<\/a><\/em><br \/>\n<em><a href=\"http:\/\/twitter.com\/joseantonio1977\" target=\"_blank\" rel=\"noopener\">@joseantonio197<\/a><\/em><\/p>\n","protected":false},"excerpt":{"rendered":"<p><span style=\"color: #005497;\"><strong>Jos\u00e9 Antonio L\u00f3pez Sosa<\/strong><\/span><\/p>\n","protected":false},"author":3,"featured_media":0,"comment_status":"open","ping_status":"open","sticky":false,"template":"","format":"standard","meta":{"_monsterinsights_skip_tracking":false,"_monsterinsights_sitenote_active":false,"_monsterinsights_sitenote_note":"","_monsterinsights_sitenote_category":0,"footnotes":""},"categories":[637],"tags":[638,43690,43674],"class_list":["post-506573","post","type-post","status-publish","format-standard","hentry","category-jose-antonio-lopez-sosa","tag-detras-del-poder","tag-jose-antonio-lopez-sosa","tag-opinion"],"_links":{"self":[{"href":"https:\/\/www.diarioimagen.net\/index.php?rest_route=\/wp\/v2\/posts\/506573","targetHints":{"allow":["GET"]}}],"collection":[{"href":"https:\/\/www.diarioimagen.net\/index.php?rest_route=\/wp\/v2\/posts"}],"about":[{"href":"https:\/\/www.diarioimagen.net\/index.php?rest_route=\/wp\/v2\/types\/post"}],"author":[{"embeddable":true,"href":"https:\/\/www.diarioimagen.net\/index.php?rest_route=\/wp\/v2\/users\/3"}],"replies":[{"embeddable":true,"href":"https:\/\/www.diarioimagen.net\/index.php?rest_route=%2Fwp%2Fv2%2Fcomments&post=506573"}],"version-history":[{"count":0,"href":"https:\/\/www.diarioimagen.net\/index.php?rest_route=\/wp\/v2\/posts\/506573\/revisions"}],"wp:attachment":[{"href":"https:\/\/www.diarioimagen.net\/index.php?rest_route=%2Fwp%2Fv2%2Fmedia&parent=506573"}],"wp:term":[{"taxonomy":"category","embeddable":true,"href":"https:\/\/www.diarioimagen.net\/index.php?rest_route=%2Fwp%2Fv2%2Fcategories&post=506573"},{"taxonomy":"post_tag","embeddable":true,"href":"https:\/\/www.diarioimagen.net\/index.php?rest_route=%2Fwp%2Fv2%2Ftags&post=506573"}],"curies":[{"name":"wp","href":"https:\/\/api.w.org\/{rel}","templated":true}]}}