{"id":506581,"date":"2021-05-12T00:12:00","date_gmt":"2021-05-12T05:12:00","guid":{"rendered":"https:\/\/www.diarioimagen.net\/?p=506581"},"modified":"2021-05-12T01:49:54","modified_gmt":"2021-05-12T06:49:54","slug":"derrotado-intenta-amlo-descarrilar-y-desconocer-el-proceso-electoral","status":"publish","type":"post","link":"https:\/\/www.diarioimagen.net\/?p=506581","title":{"rendered":"\u00bfDerrotado, intenta AMLO descarrilar y desconocer el proceso electoral?"},"content":{"rendered":"<h2>Tras la puerta del poder<\/h2>\n<h5>Roberto Vizca\u00edno<\/h5>\n<p>&nbsp;<\/p>\n<p>La duda \u2014que entre no pocos comienza ya a ser ya a una clara certeza\u2014 de que <strong>Andr\u00e9s Manuel L\u00f3pez Obrador<\/strong> se prepara para desconocer el proceso electoral cobra cada vez mayor fuerza.<\/p>\n<p>Entre intelectuales, acad\u00e9micos, pol\u00edticos, l\u00edderes empresariales y del capital, periodistas y observadores nacionales e internacionales hay la percepci\u00f3n de que el Presidente tiene mediciones e informes internos que le indican que ya perdi\u00f3 la mayor\u00eda de los cargos esenciales de esta elecci\u00f3n.<\/p>\n<p>No tendr\u00e1 la mayor\u00eda en San L\u00e1zaro para poder gobernar sin consultas ni negociaciones con la oposici\u00f3n. No para avanzar con los presupuestos que quisiera. No sin una rendici\u00f3n a fondo y con sanciones de los siguientes ejercicios presupuestales.<\/p>\n<p>De ah\u00ed que ha lanzado sin pudor alguno y contra toda \u00e9tica de Estado a su viejo aliado y ex colaborador <strong>Agust\u00edn Ortiz Pinchetti<\/strong>, titular de la Fiscal\u00eda Especializada en Delitos Electorales, a iniciar una acci\u00f3n penal contra los dos candidatos punteros en Nuevo Le\u00f3n: al pri\u00edsta <strong>Adri\u00e1n de la Garza<\/strong> y al emecista y senador <strong>Samuel Garc\u00eda<\/strong>.<\/p>\n<p>Lo hace a 25 d\u00edas del d\u00eda de la votaci\u00f3n y a sabiendas de que ello levantar\u00eda tal reacci\u00f3n que meter\u00eda al pa\u00eds en una vor\u00e1gine pol\u00edtica y muy \u00b4posiblemente social que nadie sabe c\u00f3mo podr\u00eda terminar.<\/p>\n<p>Ya por lo pronto, ayer mismo el senador <strong>Dante Delgado<\/strong>, ex aliado de AMLO en 2 campa\u00f1as presidenciales, creador y l\u00edder natural de Movimiento Ciudadano le exigi\u00f3 salirse del proceso en curso.<\/p>\n<p>\u201c&#8230; lo que est\u00e1s haciendo es abuso de poder, est\u00e1s interviniendo en un campo que te est\u00e1 vedado&#8230; S\u00e9 que est\u00e1s desesperado por la ca\u00edda de Morena en las preferencias electorales y que est\u00e1s profundamente mortificado por el crecimiento acelerado de Movimiento Ciudadano, porque te estamos arrebatando elecciones como en Nuevo Le\u00f3n, Jalisco o Campeche, que en tu cabeza ya dabas por ganadas.<\/p>\n<p>\u201cEst\u00e1s desesperado, aturdido y desquiciado ante la falta de resultados de Morena, aqu\u00ed en Nuevo Le\u00f3n y en todos lados. Est\u00e1s actuando facciosamente, como jefe de grupo, de pandilla\u201d, subray\u00f3 Delgado para colocar ante la opini\u00f3n p\u00fablica el tema de que <strong>AMLO<\/strong> puede ir a la descalificaci\u00f3n del proceso electoral.<\/p>\n<p>El Presidente sabe que la FGR y la Fiscal\u00eda Electoral no tienen tiempo de actuar contra los dos candidatos punteros de Nuevo Le\u00f3n por supuestos delitos que otros muchos candidatos de Morena est\u00e1n tambi\u00e9n acusados.<\/p>\n<p>Es obvio que <strong>L\u00f3pez Obrador<\/strong> pretende dar un golpe medi\u00e1tico que genere reacciones pol\u00edticas y sociales que a su vez construyan un escenario de conflicto pre y post electoral sin precedentes en M\u00e9xico.\u00a0 Luego quiz\u00e1 buscar\u00eda ir a un nuevo proceso electoral bajo condiciones distintas.\u00a0 Eso es lo que creen y piensan hoy muchos en y fuera de M\u00e9xico.<\/p>\n<p style=\"text-align: center;\"><strong>Monreal analiza las redes sociales y los medios<\/strong><\/p>\n<p>El l\u00edder de la mayor\u00eda de Morena en el Senado, el senador <strong>Ricardo Monreal<\/strong> se ha significado por ser un pol\u00edtico altamente medi\u00e1tico.<\/p>\n<p>Participa activamente a trav\u00e9s de sus cuentas en Twitter y otras redes, usa las herramientas digitales para la realizaci\u00f3n de encuentros virtuales y ha sido el presidente de la Junta de Coordinaci\u00f3n Pol\u00edtica de la c\u00e1mara alta que ha instaurado legal y ampliamente las sesiones a distancia de comisiones y plenos.<\/p>\n<p>El ha jalado a la mayor\u00eda de sus compa\u00f1eros de C\u00e1mara, de su partido y de la oposici\u00f3n, a meterse de lleno en redes sociales como instrumentos de comunicaci\u00f3n y trabajo legislativo.<\/p>\n<p>Para todo eso <strong>Monreal<\/strong> ha tenido que meterse a comprender y a operar esos instrumentos. De ah\u00ed ha nacido su idea de impulsar una iniciativa legislativa para acotar y ordenar la operaci\u00f3n de plataformas digitales en M\u00e9xico.<\/p>\n<p>Y adem\u00e1s ha generado art\u00edculos period\u00edsticos como el de ayer en <strong><em>Milenio<\/em><\/strong>, donde el zacatecano analiza el impacto de las nuevas tecnolog\u00edas de la informaci\u00f3n y de las redes sociales en las tareas de comunicaci\u00f3n social, y en la funci\u00f3n de los medios.<\/p>\n<p>Su conclusi\u00f3n es valiosa. Advierte que, dentro de la ola digital creada por las redes sociales, cada propietario de un celular, una tables o una computadora puede convertirse en un generador de informaci\u00f3n que contribuye a la proliferaci\u00f3n de \u201cmemes, trols y (a) la jungla de <em>fake news<\/em> (que a su vez) son le\u00f1os para encender la hoguera de los linchamientos y juicios medi\u00e1ticos, en que las pasiones y los prejuicios desplazan a las razones y a los juicios. En esta selva digital no hay garant\u00eda de audiencia, ni posibilidad de r\u00e9plica ni derecho a la privacidad o al olvido\u201d.<\/p>\n<p>Apenas un esbozo de lo que representa hoy el mundo de las redes sociales, desde la visi\u00f3n de uno de los pol\u00edticos m\u00e1s influyentes en M\u00e9xico.<\/p>\n<p><em><a href=\"mailto:rvizcainoa@gmail.com\" target=\"_blank\" rel=\"noopener noreferrer\">rvizcainoa@gmail.com<\/a><br \/>\n<u><a href=\"http:\/\/endirecto.mx\" target=\"_blank\" rel=\"noopener noreferrer\">www.endirecto.mx<\/a><br \/>\n<a href=\"https:\/\/twitter.com\/_rvizcaino\" target=\"_blank\" rel=\"noopener noreferrer\">@_RVizcaino<\/a><br \/>\n<a href=\"https:\/\/www.facebook.com\/rvizcainoa\" target=\"_blank\" rel=\"noopener noreferrer\">facebook.com\/rvizcainoa<\/a><\/u><\/em><\/p>\n","protected":false},"excerpt":{"rendered":"<p><span style=\"color: #005497;\"><strong>Roberto Vizca\u00edno<\/strong><\/span><br \/>\n<br \/>\nLa duda \u2014que entre no pocos comienza ya a ser ya a una clara certeza\u2014 de que <strong>Andr\u00e9s Manuel L\u00f3pez Obrador<\/strong> se prepara para desconocer el proceso electoral cobra cada vez mayor fuerza.<\/p>\n","protected":false},"author":3,"featured_media":0,"comment_status":"open","ping_status":"open","sticky":false,"template":"","format":"standard","meta":{"_monsterinsights_skip_tracking":false,"_monsterinsights_sitenote_active":false,"_monsterinsights_sitenote_note":"","_monsterinsights_sitenote_category":0,"footnotes":""},"categories":[136],"tags":[43674,93,94],"class_list":["post-506581","post","type-post","status-publish","format-standard","hentry","category-roberto-vizcaino-opinion","tag-opinion","tag-roberto-vizcaino","tag-tras-la-puerta-del-poder"],"_links":{"self":[{"href":"https:\/\/www.diarioimagen.net\/index.php?rest_route=\/wp\/v2\/posts\/506581","targetHints":{"allow":["GET"]}}],"collection":[{"href":"https:\/\/www.diarioimagen.net\/index.php?rest_route=\/wp\/v2\/posts"}],"about":[{"href":"https:\/\/www.diarioimagen.net\/index.php?rest_route=\/wp\/v2\/types\/post"}],"author":[{"embeddable":true,"href":"https:\/\/www.diarioimagen.net\/index.php?rest_route=\/wp\/v2\/users\/3"}],"replies":[{"embeddable":true,"href":"https:\/\/www.diarioimagen.net\/index.php?rest_route=%2Fwp%2Fv2%2Fcomments&post=506581"}],"version-history":[{"count":0,"href":"https:\/\/www.diarioimagen.net\/index.php?rest_route=\/wp\/v2\/posts\/506581\/revisions"}],"wp:attachment":[{"href":"https:\/\/www.diarioimagen.net\/index.php?rest_route=%2Fwp%2Fv2%2Fmedia&parent=506581"}],"wp:term":[{"taxonomy":"category","embeddable":true,"href":"https:\/\/www.diarioimagen.net\/index.php?rest_route=%2Fwp%2Fv2%2Fcategories&post=506581"},{"taxonomy":"post_tag","embeddable":true,"href":"https:\/\/www.diarioimagen.net\/index.php?rest_route=%2Fwp%2Fv2%2Ftags&post=506581"}],"curies":[{"name":"wp","href":"https:\/\/api.w.org\/{rel}","templated":true}]}}