{"id":506690,"date":"2021-05-13T00:13:14","date_gmt":"2021-05-13T05:13:14","guid":{"rendered":"https:\/\/www.diarioimagen.net\/?p=506690"},"modified":"2021-05-13T23:49:39","modified_gmt":"2021-05-14T04:49:39","slug":"reactivaran-las-carpas-en-el-hospital-general-de-cancun-por-repunte-de-covid","status":"publish","type":"post","link":"https:\/\/www.diarioimagen.net\/?p=506690","title":{"rendered":"Reactivar\u00e1n las carpas en el Hospital General de Canc\u00fan por repunte de Covid"},"content":{"rendered":"<h2>Derecho de r\u00e9plica<\/h2>\n<h5>Jos\u00e9 Luis Monta\u00f1ez<\/h5>\n<p>&nbsp;<\/p>\n<ul>\n<li><strong><em>Hay m\u00e1s de una decena de pacientes intubados y temen que la cifra suba<\/em><\/strong><\/li>\n<\/ul>\n<p>&nbsp;<\/p>\n<div id=\"attachment_506788\" style=\"width: 470px\" class=\"wp-caption aligncenter\"><a href=\"https:\/\/www.diarioimagen.net\/?attachment_id=506788\" rel=\"attachment wp-att-506788\"><img loading=\"lazy\" decoding=\"async\" aria-describedby=\"caption-attachment-506788\" class=\"size-full wp-image-506788\" src=\"https:\/\/www.diarioimagen.net\/wp-content\/uploads\/2021\/05\/DERECHO01.jpg\" alt=\"\" width=\"460\" height=\"270\" \/><\/a><p id=\"caption-attachment-506788\" class=\"wp-caption-text\">El Hospital General de Canc\u00fan tiene alrededor de 30 camas en uso para pacientes con SARS-CoV-2 y se preparan para reactivar las carpas anexas.<\/p><\/div>\n<p>&nbsp;<\/p>\n<p>El comportamiento de la pandemia por Covid-19 ha sido intermitente en Quintana Roo, pues al ser un estado que congrega a personas de pr\u00e1cticamente todo el mundo y que recibe miles de turistas internacionales, el combate al virus ha sido, por mucho, m\u00e1s complicado que en otras entidades, es por ello que mientras en todo el pa\u00eds la tendencia es a la baja, en el Caribe mexicano los casos siguen subiendo, llevando, en el caso particular del Hospital General de Canc\u00fan, a pensar en reactivar las carpas adicionales al nosocomio para atender a m\u00e1s enfermos.<\/p>\n<p>El Hospital General en esta ciudad, actualmente, tiene alrededor de 30 camas en uso para pacientes con SARS-CoV2, de ellos m\u00e1s de una decena han tenido que ser intubados y el personal del lugar refiere que la cifra podr\u00eda crecer, por lo que ya est\u00e1n comenzando a tomar previsiones.<\/p>\n<p>Aurelio Espinosa Rojas, director del nosocomio, explic\u00f3: \u201cLa semana anterior la ocupaci\u00f3n todav\u00eda se reportaba estable, con el ingreso de 10 o 12 pacientes en \u00e1reas Covid-19, pero a partir del jueves 6 de mayo este n\u00famero increment\u00f3 considerablemente y hemos llegado a tener cerca de 40 pacientes, ahorita tenemos intubados casi a 12, entonces es algo que nos inquieta, ya que en caso de seguir a la alza el n\u00famero de ingresos vamos a tener que empezar a reconvertir nuevamente \u00e1reas del hospital\u201d.<\/p>\n<p>A\u00f1adi\u00f3 que actualmente, el nosocomio tiene dos unidades de cuidados intensivos para Covid-19, en las cuales cuentan con ocho camas, m\u00e1s un espacio adicional de 38 y se espera abrir uno m\u00e1s con 16 camas extras en estos d\u00edas, esperando con fervor que no tengan que ser utilizadas, porque de ser as\u00ed. \u201cEn caso que llegue a rebasarse esta capacidad, entonces si vamos a tener que reconvertir completamente la hospitalizaci\u00f3n\u201d, advirti\u00f3.<\/p>\n<p>Pues cuando el n\u00famero de personas hospitalizadas llega a m\u00e1s de 50, el centro comenzar\u00e1 a cerrar \u00e1reas destinadas para la atenci\u00f3n general y habilitar nuevos espacios para los pacientes infectados con el virus, como se hizo en la etapa mas cr\u00edtica de la enfermedad en Canc\u00fan. \u201cEn este caso, las personas que necesiten atenci\u00f3n por otras causas tendr\u00e1n que ser canalizados a las unidades externas y los pacientes que se encuentren ingresados en cirug\u00eda, medicina interna y traumatolog\u00eda, pasar\u00edan a una de las carpas\u201d, adelant\u00f3.<\/p>\n<p>En este escenario, el m\u00e9dico advierte que de no tener un control adecuado, las acciones de emergencia antes citadas tendr\u00edan que ser implementadas muy pronto, \u201ccomo lo ha se\u00f1alado el gobierno federal, la entidad lleva cinco semanas en franco ascenso, lo cual es alarmante y con el reciente D\u00eda de las Madres en el que muchos aprovecharon para reunirse, las cosas podr\u00edan empeorar\u201d.<\/p>\n<p>Recordemos que esta misma semana, Hugo L\u00f3pez-Gatell Ram\u00edrez, subsecretario de Prevenci\u00f3n y Promoci\u00f3n a la Salud advirti\u00f3: \u201cEn este momento, 31 de las 32 entidades federativas mantienen la tendencia a la reducci\u00f3n, pero tenemos una que tiene lo contrario, tiene un periodo de cinco semanas de aumento de la pandemia y es Quintana Roo. Estaremos trabajando con el gobierno, como lo hemos hecho anteriormente, para dar la asesor\u00eda t\u00e9cnica correspondiente y que se ejecuten las medidas sanitarias necesarias para revertir la tendencia\u201d.<\/p>\n<p style=\"text-align: center;\"><strong>Refuerzan medidas en hoteles y descartan cierre de actividad tur\u00edstica\u00a0<\/strong><\/p>\n<p>Quintana Roo es la \u00fanica entidad en todo el territorio mexicano que ha presentado alza en el n\u00famero de contagios del nuevo Coronavirus en las \u00faltimas cinco semanas, sin embargo, el gobernador, Carlos Joaqu\u00edn Gonz\u00e1lez, descart\u00f3 el cierre de la actividad tur\u00edstica y puntualiz\u00f3 que se reforzar\u00e1n medidas sanitarias en hoteles y restaurantes.<\/p>\n<p>\u201cTenemos alrededor de 55-70 por ciento de ocupaci\u00f3n hotelera, una cantidad importante de turistas de todo el mundo, por supuesto esto eleva las posibilidades de contagio y obliga que los protocolos en hoteles, en los restaurantes, tengan que incrementarse, mejorarse inclusive para evitar el mayor n\u00famero de contagios\u201d, asever\u00f3.<\/p>\n<p>Durante una entrevista con medios de comunicaci\u00f3n realizada en Palacio Nacional, luego de sostener una reuni\u00f3n privada con Julio Scherer, consejero jur\u00eddico de la Presidencia, el mandatario estatal recalc\u00f3 \u201cS\u00ed (se descarta cerrar la actividad tur\u00edstica), vamos a seguir, siempre con las medidas que se tomaron desde el principio, desde junio del a\u00f1o pasado\u201d,<\/p>\n<p>Y aunque reconoci\u00f3 que s\u00ed se registran m\u00e1s casos positivos, no ha incrementado la ocupaci\u00f3n hospitalaria de manera significativa. \u201cHemos tenido un incremento en el n\u00famero de casos positivos, pero no incrementos fuertes en ocupaci\u00f3n hospitalaria ni tampoco en defunciones. Se han aplicado medidas m\u00e1s estrictas, burbujas sanitarias en algunos lugares, con lo que esperamos contener pronto este nuevo brote de la enfermedad\u201d, asegur\u00f3.<\/p>\n<p>Y es que desde la \u00f3ptica del gobernador, la actividad tur\u00edstica en la entidad es tan esencial como la actividad econ\u00f3mica, por lo que se sigue en pl\u00e1ticas con el gobierno federal para que se considere al sector como grupo prioritario en vacunaci\u00f3n \u201cEstamos terminando ahorita aplicaci\u00f3n de vacunas de 50 a 59 a\u00f1os, en 10 de los 11 municipios, fatal Canc\u00fan, debe ser a partir del pr\u00f3ximo fin de semana. Entre el 19 de mayo vacunaci\u00f3n para maestros y posiblemente despu\u00e9s de eso exista la posibilidad de lograr que al sector tur\u00edstico se le pueda apoyar, eso ayudar\u00eda mucho sobre todo para el verano\u201d.<\/p>\n<p>L\u00f3pez Gatell coment\u00f3 que el pa\u00eds suma 16 semanas con descenso de contagios, con excepci\u00f3n\u00a0 de Quintana Roo, por lo que se trabajar\u00e1 con la autoridad estatal para revertir la tendencia.<\/p>\n<p>En cuanto a la reuni\u00f3n con el consejero jur\u00eddico, y el secretario de Desarrollo Agrario, Territorial y Urbano, Rom\u00e1n Meyer, el gobernador \u00fanicamente coment\u00f3 que abordaron el ordenamiento territorial de ciudades como Tulum, Playa del Carmen, Canc\u00fan y Bacalar, donde se pretenden obras pr\u00f3ximamente.<\/p>\n<p style=\"text-align: center;\"><strong>1 mil 700 mdp gastados por la pandemia en Quintana Roo<\/strong><\/p>\n<p>De acuerdo con estimaciones del Idaipqroo, el costo p\u00fablico del primer a\u00f1o de la pandemia en Quintana Roo fue de 1 mil 700 millones de pesos, ya sea en inversi\u00f3n en salud o en protecci\u00f3n social, mientras que en todo el territorio nacional la industria de seguros ha tenido que pagar mil 750 millones de d\u00f3lares por concepto de gastos m\u00e9dicos y de seguros de vida.<\/p>\n<p>Los datos publicados por el Instituto de Acceso a la Informaci\u00f3n y Protecci\u00f3n de Datos Personales de Quintana Roo (Idaipqroo) revelan que la mayor parte del gasto fue asignado a satisfacer las necesidades de equipo e infraestructura de los hospitales, as\u00ed como para la compra de despensas de alimentos para apoyar a la ciudadan\u00eda durante los d\u00edas de confinamiento.<\/p>\n<p>Es as\u00ed, que en ayuda alimentaria, durante los primeros meses de la contingencia sanitaria se adquirieron un mill\u00f3n 955 mil 599 despensas para las zonas con mayor rezago social del estado, adem\u00e1s de siete millones 771 mil 110 bienes, servicios y obra p\u00fablica, todo seg\u00fan lo que se detall\u00f3 en el documento del Idaipqroo.<\/p>\n<p>Los principales gastos en el rubro de equitaci\u00f3n medica corresponden a servicios de sanitizaci\u00f3n, pago de personal m\u00e9dico adicional, ventiladores-respiradores, art\u00edculos de limpieza, agua purificada, material hospitalario, guantes y cubrebocas, as\u00ed como desinfectantes, que fueron adquiridos y distribuidos en los centros de atenci\u00f3n Covid-19 de la entidad.<\/p>\n<p>Recordemos que la pandemia afect\u00f3 seriamente a Quintana Roo, al desplomar la operaci\u00f3n de sus dos principales industrias productivas que son: el turismo y la construcci\u00f3n, lo que signific\u00f3 la p\u00e9rdida de alrededor de 200 mil empleos formales e informales, seg\u00fan estimaciones del sindicato Confederaci\u00f3n Revolucionaria de Obreros y Campesinos (CROC).<\/p>\n<p>A esto hay que agregar que m\u00e1s de 24 mil 245 personas han enfermado de Covid 19 en el estado y m\u00e1s de dos mil 656 han fallecido por la misma raz\u00f3n, eso m\u00e1s los que se vayan sumando mientras no se controle la contingencia en el mundo.<\/p>\n<p>Asimismo, se revel\u00f3 que a nivel nacional, la industria de seguros report\u00f3 que la pandemia del Covid-19 se ha convertido en la segunda cat\u00e1strofe con mayores p\u00e9rdidas aseguradas, ascendiendo a un monto de mil 750 millones d\u00f3lares hasta abril de este a\u00f1o, es decir, que mientras no se termine esta crisis sanitaria, las p\u00e9rdidas continuar\u00e1n.<\/p>\n<p>El m\u00e1s reciente reporte de la Asociaci\u00f3n Mexicana de Instituciones de Seguros (AMIS), indica que desde que se declar\u00f3 la contingencia sanitaria las aseguradoras han pagado un total de 836 p\u00f3lizas de seguro de vida en Quintana Roo, cuyo costo promedio en el pa\u00eds es de 240 mil 715 pesos. De igual manera se han costeado 420 gastos m\u00e9dicos, con un costo promedio de 374 mil pesos.<\/p>\n<p><em>Escr\u00edbame a mi mail: <\/em><em><a href=\"mailto:montanezaguilar@gmail.com\" target=\"_blank\" rel=\"noopener noreferrer\">montanezaguilar@gmail.com<\/a><\/em><\/p>\n","protected":false},"excerpt":{"rendered":"<p><span style=\"color: #005497;\"><strong>Jos\u00e9 Luis Monta\u00f1ez<\/strong><\/span><br \/>\n<br \/>\nEl comportamiento de la pandemia por Covid-19 ha sido intermitente en Quintana Roo, pues al ser un estado que congrega a personas de pr\u00e1cticamente todo el mundo y que recibe miles de turistas internacionales, el combate al virus ha sido, por mucho, m\u00e1s complicado que en otras entidades, es por ello que mientras en todo el pa\u00eds la tendencia es a la baja, en el Caribe mexicano los casos siguen subiendo, llevando, en el caso particular del Hospital General de Canc\u00fan, a pensar en reactivar las carpas adicionales al nosocomio para atender a m\u00e1s enfermos.\u00a0<\/p>\n","protected":false},"author":3,"featured_media":506788,"comment_status":"open","ping_status":"open","sticky":false,"template":"","format":"standard","meta":{"_monsterinsights_skip_tracking":false,"_monsterinsights_sitenote_active":false,"_monsterinsights_sitenote_note":"","_monsterinsights_sitenote_category":0,"footnotes":""},"categories":[11622,25512],"tags":[47840,54579,43674],"class_list":["post-506690","post","type-post","status-publish","format-standard","has-post-thumbnail","hentry","category-jose-luis-montanez-aguilar","category-nacional-nacional","tag-derecho-de-replica","tag-jose-luis-montanez","tag-opinion"],"_links":{"self":[{"href":"https:\/\/www.diarioimagen.net\/index.php?rest_route=\/wp\/v2\/posts\/506690","targetHints":{"allow":["GET"]}}],"collection":[{"href":"https:\/\/www.diarioimagen.net\/index.php?rest_route=\/wp\/v2\/posts"}],"about":[{"href":"https:\/\/www.diarioimagen.net\/index.php?rest_route=\/wp\/v2\/types\/post"}],"author":[{"embeddable":true,"href":"https:\/\/www.diarioimagen.net\/index.php?rest_route=\/wp\/v2\/users\/3"}],"replies":[{"embeddable":true,"href":"https:\/\/www.diarioimagen.net\/index.php?rest_route=%2Fwp%2Fv2%2Fcomments&post=506690"}],"version-history":[{"count":0,"href":"https:\/\/www.diarioimagen.net\/index.php?rest_route=\/wp\/v2\/posts\/506690\/revisions"}],"wp:featuredmedia":[{"embeddable":true,"href":"https:\/\/www.diarioimagen.net\/index.php?rest_route=\/wp\/v2\/media\/506788"}],"wp:attachment":[{"href":"https:\/\/www.diarioimagen.net\/index.php?rest_route=%2Fwp%2Fv2%2Fmedia&parent=506690"}],"wp:term":[{"taxonomy":"category","embeddable":true,"href":"https:\/\/www.diarioimagen.net\/index.php?rest_route=%2Fwp%2Fv2%2Fcategories&post=506690"},{"taxonomy":"post_tag","embeddable":true,"href":"https:\/\/www.diarioimagen.net\/index.php?rest_route=%2Fwp%2Fv2%2Ftags&post=506690"}],"curies":[{"name":"wp","href":"https:\/\/api.w.org\/{rel}","templated":true}]}}