{"id":506697,"date":"2021-05-13T00:03:21","date_gmt":"2021-05-13T05:03:21","guid":{"rendered":"https:\/\/www.diarioimagen.net\/?p=506697"},"modified":"2021-05-13T07:54:56","modified_gmt":"2021-05-13T12:54:56","slug":"ana-balderas-de-va-por-mexico-recibe-apoyo-de-la-mujeres-izcallenses","status":"publish","type":"post","link":"https:\/\/www.diarioimagen.net\/?p=506697","title":{"rendered":"Ana Balderas, de Va por M\u00e9xico, recibe apoyo de la mujeres izcallenses"},"content":{"rendered":"<p>&nbsp;<\/p>\n<ul>\n<li><strong><em>Aspirante a diputada por el Distrito 14<\/em><\/strong><\/li>\n<\/ul>\n<p>&nbsp;<\/p>\n<div id=\"attachment_506831\" style=\"width: 470px\" class=\"wp-caption aligncenter\"><a href=\"https:\/\/www.diarioimagen.net\/?attachment_id=506831\" rel=\"attachment wp-att-506831\"><img loading=\"lazy\" decoding=\"async\" aria-describedby=\"caption-attachment-506831\" class=\"size-full wp-image-506831\" src=\"https:\/\/www.diarioimagen.net\/wp-content\/uploads\/2021\/05\/cuautitlan.jpg\" alt=\"\" width=\"460\" height=\"270\" \/><\/a><p id=\"caption-attachment-506831\" class=\"wp-caption-text\">La candidata de Va por M\u00e9xico a diputada federal, por el Distrito 14 del Estado de M\u00e9xico, Ana Balderas, sostuvo reuniones en colonia Luis Echeverr\u00eda, en Cuautitl\u00e1n Izcalli.<\/p><\/div>\n<p>&nbsp;<\/p>\n<p><strong>Cuautitl\u00e1n, Estado de M\u00e9xico<\/strong>.- Predomin\u00f3 la comuni\u00f3n entre mujeres izcallenses y Ana Balderas, esta jornada en la que la candidata de Va por M\u00e9xico a diputada federal por el Distrito 14 del Estado de M\u00e9xico, sostuvo reuniones y realiz\u00f3 un recorrido a pie tierra por la colonia Luis Echeverr\u00eda, en Cuautitl\u00e1n Izcalli.<\/p>\n<p>Por la ma\u00f1ana, abri\u00f3 el d\u00eda en una reuni\u00f3n con un grupo de mujeres residentes del Distrito Electoral que re\u00fane a los municipios de Atizap\u00e1n de Zaragoza, Tlalnepantla de Baz y Cuautitl\u00e1n Izcalli.<\/p>\n<p>\u201cDeseo ser Diputada Federal para servirles con humildad, sencillez, honestidad, responsabilidad, eficiencia y transparencia\u201d, les dice con aplomo la abogada de profesi\u00f3n a las amas de casa y padres de familia que amablemente y ya con familiaridad le abren las puertas, lo que sucede en cualquiera de los tres territorios por los que legislar\u00e1.<\/p>\n<p>En la colonia Luis Echeverr\u00eda, donde uno de los principales problemas es la inseguridad y escases de agua, un cuantioso grupo de mujeres la abord\u00f3 en una esquina para manifestarle que creen en su proyecto de trabajo y brindarle todo su apoyo el pr\u00f3ximo 6 de junio.<\/p>\n<p>Las f\u00e9minas de todas las edades, incluso, se sumaron al grupo y la acompa\u00f1aron en el resto de su recorrido.<\/p>\n<p>\u201cEsta colonia est\u00e1 abandonada por el actual gobierno en materia de seguridad y falta de agua. Es preocupante, llegan personas que no son de aqu\u00ed a robarnos, golpearnos, golpear a nuestros hijos. Hasta ha habido homicidios\u201d, le cont\u00f3 un ciudadano exaltado que se trasladaba hacia su trabajo.<\/p>\n<p>En ese sentido, Ana Balderas puntualiz\u00f3 que \u201cquiero convertirme en el factor indispensable para mejorar la calidad y condiciones de vida de toda la poblaci\u00f3n\u201d.<\/p>\n<p>Despu\u00e9s del par de cap\u00edtulos que muestran el apoyo femenino a su candidata, Ana Balderas y su equipo se dirigieron a la colonia Francisco Villa, donde tomaron nota de las carencias que expusieron los vecinos reunidos.<\/p>\n<p>El \u00faltimo acto de este reconfortante d\u00eda se realiz\u00f3 en la comunidad de Ejidal San Isidro, donde aparte del regreso de programas sociales, servicios m\u00e9dicos, atenci\u00f3n a la mujer, seguridad y agua potable, las quejas m\u00e1s numerosas versaron en el sentido de las inundaciones que cada a\u00f1o da\u00f1an su patrimonio.<\/p>\n<p>Por \u00faltimo, la abanderada PAN-PRI-PRD reiter\u00f3 el exhorto a valorar el voto en las urnas, con el objetivo de dar un verdadero cambio a nuestro presente y el futuro de nuestros hijos. Este 6 de junio vamos con Va por M\u00e9xico.<\/p>\n","protected":false},"excerpt":{"rendered":"<p>Predomin\u00f3 la comuni\u00f3n entre mujeres izcallenses y Ana Balderas, esta jornada en la que la candidata de Va por M\u00e9xico a diputada federal por el Distrito 14 del Estado de M\u00e9xico, sostuvo reuniones y realiz\u00f3 un recorrido a pie tierra por la colonia Luis Echeverr\u00eda, en Cuautitl\u00e1n Izcalli.<\/p>\n","protected":false},"author":3,"featured_media":506831,"comment_status":"open","ping_status":"open","sticky":false,"template":"","format":"standard","meta":{"_monsterinsights_skip_tracking":false,"_monsterinsights_sitenote_active":false,"_monsterinsights_sitenote_note":"","_monsterinsights_sitenote_category":0,"footnotes":""},"categories":[5],"tags":[74232,681,43675],"class_list":["post-506697","post","type-post","status-publish","format-standard","has-post-thumbnail","hentry","category-estado-de-mexico","tag-ana-balderas","tag-cuautitlan","tag-estado-de-mexico"],"_links":{"self":[{"href":"https:\/\/www.diarioimagen.net\/index.php?rest_route=\/wp\/v2\/posts\/506697","targetHints":{"allow":["GET"]}}],"collection":[{"href":"https:\/\/www.diarioimagen.net\/index.php?rest_route=\/wp\/v2\/posts"}],"about":[{"href":"https:\/\/www.diarioimagen.net\/index.php?rest_route=\/wp\/v2\/types\/post"}],"author":[{"embeddable":true,"href":"https:\/\/www.diarioimagen.net\/index.php?rest_route=\/wp\/v2\/users\/3"}],"replies":[{"embeddable":true,"href":"https:\/\/www.diarioimagen.net\/index.php?rest_route=%2Fwp%2Fv2%2Fcomments&post=506697"}],"version-history":[{"count":0,"href":"https:\/\/www.diarioimagen.net\/index.php?rest_route=\/wp\/v2\/posts\/506697\/revisions"}],"wp:featuredmedia":[{"embeddable":true,"href":"https:\/\/www.diarioimagen.net\/index.php?rest_route=\/wp\/v2\/media\/506831"}],"wp:attachment":[{"href":"https:\/\/www.diarioimagen.net\/index.php?rest_route=%2Fwp%2Fv2%2Fmedia&parent=506697"}],"wp:term":[{"taxonomy":"category","embeddable":true,"href":"https:\/\/www.diarioimagen.net\/index.php?rest_route=%2Fwp%2Fv2%2Fcategories&post=506697"},{"taxonomy":"post_tag","embeddable":true,"href":"https:\/\/www.diarioimagen.net\/index.php?rest_route=%2Fwp%2Fv2%2Ftags&post=506697"}],"curies":[{"name":"wp","href":"https:\/\/api.w.org\/{rel}","templated":true}]}}