{"id":506701,"date":"2021-05-13T00:04:24","date_gmt":"2021-05-13T05:04:24","guid":{"rendered":"https:\/\/www.diarioimagen.net\/?p=506701"},"modified":"2021-05-13T07:53:19","modified_gmt":"2021-05-13T12:53:19","slug":"apoyo-a-los-comerciantes-de-tultitlan-prioridad-adan-barron","status":"publish","type":"post","link":"https:\/\/www.diarioimagen.net\/?p=506701","title":{"rendered":"Apoyo a los comerciantes de Tultitl\u00e1n, prioridad: Ad\u00e1n Barr\u00f3n"},"content":{"rendered":"<p>&nbsp;<\/p>\n<p>&nbsp;<\/p>\n<p><a href=\"https:\/\/www.diarioimagen.net\/?attachment_id=506825\" rel=\"attachment wp-att-506825\"><img loading=\"lazy\" decoding=\"async\" class=\"aligncenter size-full wp-image-506825\" src=\"https:\/\/www.diarioimagen.net\/wp-content\/uploads\/2021\/05\/tultitlan-3.jpg\" alt=\"\" width=\"460\" height=\"270\" \/><\/a><\/p>\n<p><strong>Tultitl\u00e1n, Estado de M\u00e9xico<\/strong><strong>.- <\/strong>Estamos a favor de la reactivaci\u00f3n econ\u00f3mica en el municipio y ser\u00e1 una de nuestras prioridades el apoyo a los comercios, as\u00ed como a peque\u00f1as y medianas empresas, afirm\u00f3 el candudato a la alcald\u00eda, Ad\u00e1n Barr\u00f3n.<\/p>\n<p>Nos reunimos con amigas y amigos Recicladores de Materiales Pl\u00e1sticos de la L\u00e1zaro C\u00e1rdenas, donde tuvimos la oportunidad de escucharlos y dar propuestas para la colonia y negocios, se\u00f1al\u00f3.<\/p>\n","protected":false},"excerpt":{"rendered":"<p>Estamos a favor de la reactivaci\u00f3n econ\u00f3mica en el municipio y ser\u00e1 una de nuestras prioridades el apoyo a los comercios, as\u00ed como a peque\u00f1as y medianas empresas, afirm\u00f3 el candudato a la alcald\u00eda, Ad\u00e1n Barr\u00f3n.<\/p>\n","protected":false},"author":3,"featured_media":506825,"comment_status":"open","ping_status":"open","sticky":false,"template":"","format":"standard","meta":{"_monsterinsights_skip_tracking":false,"_monsterinsights_sitenote_active":false,"_monsterinsights_sitenote_note":"","_monsterinsights_sitenote_category":0,"footnotes":""},"categories":[5],"tags":[43675,578],"class_list":["post-506701","post","type-post","status-publish","format-standard","has-post-thumbnail","hentry","category-estado-de-mexico","tag-estado-de-mexico","tag-tultitlan"],"_links":{"self":[{"href":"https:\/\/www.diarioimagen.net\/index.php?rest_route=\/wp\/v2\/posts\/506701","targetHints":{"allow":["GET"]}}],"collection":[{"href":"https:\/\/www.diarioimagen.net\/index.php?rest_route=\/wp\/v2\/posts"}],"about":[{"href":"https:\/\/www.diarioimagen.net\/index.php?rest_route=\/wp\/v2\/types\/post"}],"author":[{"embeddable":true,"href":"https:\/\/www.diarioimagen.net\/index.php?rest_route=\/wp\/v2\/users\/3"}],"replies":[{"embeddable":true,"href":"https:\/\/www.diarioimagen.net\/index.php?rest_route=%2Fwp%2Fv2%2Fcomments&post=506701"}],"version-history":[{"count":0,"href":"https:\/\/www.diarioimagen.net\/index.php?rest_route=\/wp\/v2\/posts\/506701\/revisions"}],"wp:featuredmedia":[{"embeddable":true,"href":"https:\/\/www.diarioimagen.net\/index.php?rest_route=\/wp\/v2\/media\/506825"}],"wp:attachment":[{"href":"https:\/\/www.diarioimagen.net\/index.php?rest_route=%2Fwp%2Fv2%2Fmedia&parent=506701"}],"wp:term":[{"taxonomy":"category","embeddable":true,"href":"https:\/\/www.diarioimagen.net\/index.php?rest_route=%2Fwp%2Fv2%2Fcategories&post=506701"},{"taxonomy":"post_tag","embeddable":true,"href":"https:\/\/www.diarioimagen.net\/index.php?rest_route=%2Fwp%2Fv2%2Ftags&post=506701"}],"curies":[{"name":"wp","href":"https:\/\/api.w.org\/{rel}","templated":true}]}}