{"id":506728,"date":"2021-05-13T00:04:32","date_gmt":"2021-05-13T05:04:32","guid":{"rendered":"https:\/\/www.diarioimagen.net\/?p=506728"},"modified":"2021-05-13T01:35:22","modified_gmt":"2021-05-13T06:35:22","slug":"campanas-vacias","status":"publish","type":"post","link":"https:\/\/www.diarioimagen.net\/?p=506728","title":{"rendered":"Campa\u00f1as vac\u00edas"},"content":{"rendered":"<h2>Punto por punto<\/h2>\n<h5>Augusto Corro<\/h5>\n<p>&nbsp;<\/p>\n<p>A menos de un mes de las elecciones intermedias, las campa\u00f1as pol\u00edticas contin\u00faan sumidas en la mediocridad. Sin ideolog\u00eda alguna lucen vac\u00edas. Se trata de una contienda en la que los candidatos solo buscan el poder.<\/p>\n<p>La lucha pol\u00edtica por los principios se dej\u00f3 de practicar hace varios sexenios, si es que la hubo. Los partidos nada ofrecen. Los cambios sociales se estancaron y en el presente los \u201cgrillos\u201d van por la realizaci\u00f3n de sus intereses personales.<\/p>\n<p>La pobreza de las campa\u00f1as desde un principio se reflej\u00f3 con la improvisaci\u00f3n de candidatos. Las organizaciones contaron con candidatos sobresalientes en sus ocupaciones, pero lejanos o ignorantes de la pol\u00edtica.<\/p>\n<p>En las listas de aspirantes a cargos de elecci\u00f3n popular, en las diferentes instituciones pol\u00edticas seleccionaron a personajes relacionados con la far\u00e1ndula y lucha libre; as\u00ed como ex futbolistas, payasos, etc.<\/p>\n<p>Esos candidatos llenaron las campa\u00f1as pol\u00edticas de frivolidad con actos que van desde besar el suelo, cantar, bailar y un sinn\u00famero de ocurrencias. Claro, la idea fue llamar la atenci\u00f3n para conseguir votos.<\/p>\n<p>A la frialdad de la contienda debe sumarse la supuesta vigilancia de las autoridades electorales para evitar fraudes o acciones ilegales por parte de los partidos pol\u00edticos; aunque parece que los candidatos no hacen caso a las reglas.<\/p>\n<p>Y son los esc\u00e1ndalos por las violaciones a las leyes electorales lo \u00fanico que llam\u00f3 la atenci\u00f3n de la lucha electoral en estos d\u00edas. Empez\u00f3 el desorden con los aspirantes a las gubernaturas de Guerrero y Michoac\u00e1n.<\/p>\n<p>Nos referimos al senador guerrerense con licencia F\u00e9lix Salgado Macedonio, de Guerrero, y el michoacano Ra\u00fal Mor\u00f3n. Ambos del partido Movimiento de Regeneraci\u00f3n Nacional (Morena).<\/p>\n<p>A Salgado Macedonio no lo pudieron detener las acusaciones de abuso sexual que denunciaron varias v\u00edctimas del guerrerense. Sin embargo, una falta leve, como la de no reportar sus gastos de campa\u00f1a lo baj\u00f3 de la candidatura.<\/p>\n<p>A Ra\u00fal Mor\u00f3n no cumplir con la ley electoral le cancel\u00f3 la oportunidad de competir en el proceso electoral.<\/p>\n<p>Al senador Salgado Macedonio le result\u00f3 favorable la cancelaci\u00f3n de su registro de candidato, pues nada perdi\u00f3. Su hija Evelyn Salgado Pineda se encargar\u00e1 de gobernar Guerrero, pues se convirti\u00f3 en la aspirante con m\u00e1s posibilidades de llevarse la victoria.<\/p>\n<p>El hecho refleja la poca o nula experiencia en la pol\u00edtica. Lo que les interesa es obtener el poder que ya gobernar\u00e1n conforme a sus ambiciones. El estado de Guerrero se encuentra sumido en la violencia.\u00a0 \u00bfCu\u00e1l es el proyecto o compromiso social para sacar a los guerrerenses de la pobreza y la violencia que padecen desde tiempos remotos? Sin ninguna idea de la pol\u00edtica, para Evelyn Salgado Pineda ser\u00e1 una pesadilla gobernar.<\/p>\n<p>Hace varios d\u00edas se recrudeci\u00f3 la pugna electoral en Nuevo Le\u00f3n. Tambi\u00e9n en esa entidad fue m\u00e1s importante el esc\u00e1ndalo que las ideolog\u00edas (\u00bfcu\u00e1les?) de los diferentes partidos pol\u00edticos: el candidato del PRI, Adri\u00e1n de la Garza, quiso continuar con la nefasta acci\u00f3n de la compra de votos.<\/p>\n<p>El aspirante Jaime Garc\u00eda, de Movimiento Ciudadano (MC), fue acusado de meter dinero sucio a la campa\u00f1a. Ambos contendientes se encuentran investigados por las autoridades. Del aspirante priista ya se sabe que har\u00e1 en caso de ganar; de Jaime Garc\u00eda lo que se espera es m\u00e1s frivolidad.<\/p>\n<p>Ahora falta lo que digan las autoridades electorales.<\/p>\n<p>En el asunto de Adri\u00e1n de la Garza, la ley tendr\u00e1 que aplicarse con todo el rigor posible. La compra del voto ahora es un delito castigado con toda severidad y el problema es que son innumerables los candidatos que practican esas transa pol\u00edtica.<\/p>\n<p>Como se\u00f1alamos l\u00edneas arriba, las campa\u00f1as electorales est\u00e1n vac\u00edas. \u00bfY los ideales? \u00bfDe que me hablan? Los \u201cgrillos\u201d optaron por continuar en la mediocridad. \u00bfUsted qu\u00e9 opina amable lector?<\/p>\n<p><a href=\"mailto:aco2742@hotmail.com\" target=\"_blank\" rel=\"noopener noreferrer\"><em>aco2742@hotmail.com<\/em><\/a><\/p>\n","protected":false},"excerpt":{"rendered":"<p><span style=\"color: #005497;\"><strong>Augusto Corro<\/strong><\/span><\/p>\n","protected":false},"author":3,"featured_media":0,"comment_status":"open","ping_status":"open","sticky":false,"template":"","format":"standard","meta":{"_monsterinsights_skip_tracking":false,"_monsterinsights_sitenote_active":false,"_monsterinsights_sitenote_note":"","_monsterinsights_sitenote_category":0,"footnotes":""},"categories":[157],"tags":[43686,43674,11515],"class_list":["post-506728","post","type-post","status-publish","format-standard","hentry","category-augusto-corro","tag-augusto-corro","tag-opinion","tag-punto-por-punto"],"_links":{"self":[{"href":"https:\/\/www.diarioimagen.net\/index.php?rest_route=\/wp\/v2\/posts\/506728","targetHints":{"allow":["GET"]}}],"collection":[{"href":"https:\/\/www.diarioimagen.net\/index.php?rest_route=\/wp\/v2\/posts"}],"about":[{"href":"https:\/\/www.diarioimagen.net\/index.php?rest_route=\/wp\/v2\/types\/post"}],"author":[{"embeddable":true,"href":"https:\/\/www.diarioimagen.net\/index.php?rest_route=\/wp\/v2\/users\/3"}],"replies":[{"embeddable":true,"href":"https:\/\/www.diarioimagen.net\/index.php?rest_route=%2Fwp%2Fv2%2Fcomments&post=506728"}],"version-history":[{"count":0,"href":"https:\/\/www.diarioimagen.net\/index.php?rest_route=\/wp\/v2\/posts\/506728\/revisions"}],"wp:attachment":[{"href":"https:\/\/www.diarioimagen.net\/index.php?rest_route=%2Fwp%2Fv2%2Fmedia&parent=506728"}],"wp:term":[{"taxonomy":"category","embeddable":true,"href":"https:\/\/www.diarioimagen.net\/index.php?rest_route=%2Fwp%2Fv2%2Fcategories&post=506728"},{"taxonomy":"post_tag","embeddable":true,"href":"https:\/\/www.diarioimagen.net\/index.php?rest_route=%2Fwp%2Fv2%2Ftags&post=506728"}],"curies":[{"name":"wp","href":"https:\/\/api.w.org\/{rel}","templated":true}]}}