{"id":506747,"date":"2021-05-13T00:08:07","date_gmt":"2021-05-13T05:08:07","guid":{"rendered":"https:\/\/www.diarioimagen.net\/?p=506747"},"modified":"2021-05-13T01:49:21","modified_gmt":"2021-05-13T06:49:21","slug":"legisladores-de-morena-protegen-a-los-suyos-y-amenazan-a-sus-rivales","status":"publish","type":"post","link":"https:\/\/www.diarioimagen.net\/?p=506747","title":{"rendered":"Legisladores de Morena protegen a los suyos y amenazan a sus rivales"},"content":{"rendered":"<h2>Clase Pol\u00edtica<\/h2>\n<h5>Miguel \u00c1ngel Rivera<\/h5>\n<p>&nbsp;<\/p>\n<p>La mayor\u00eda de Morena y asociados confirm\u00f3 ser muy juarista. Aplica el principio de que \u201ca los amigos, justicia y gracia; a los enemigos, justicia a secas\u201d.<\/p>\n<p>La amplia mayor\u00eda de Morena y \u201csat\u00e9lites\u201d rechaz\u00f3 una propuesta de punto de acuerdo presentada por la senadora del PAN, X\u00f3chitl G\u00e1lvez para pedir m\u00e1s informaci\u00f3n de las obras de construcci\u00f3n y de los trabajos de mantenimiento en la L\u00ednea 12 del Metro capitalino, donde recientemente se registr\u00f3 una tragedia que cost\u00f3 la vida de 26 personas y lesiones a unas 80 m\u00e1s.<\/p>\n<p>Hacer p\u00fablica esa informaci\u00f3n potencialmente podr\u00eda significar problemas para el ex jefe de Gobierno del entonces Distrito Federal, Marcelo Ebrard, y para la actual titular del gobierno capitalino, Claudia Sheinbaum, los dos considerados potenciales candidatos presidenciales de Morena para las elecciones de 2024. Por supuesto, ni morenos ni r\u00e9moras desean incomodar a tan distinguidos personajes.<\/p>\n<p>En cambio, a quien s\u00ed suponen tener al alcance y poderlo exhibir como presunto responsable de ese lamentable accidente es al tambi\u00e9n ex jefe de Gobierno de la ahora Ciudad de M\u00e9xico, el actual senador Miguel \u00c1ngel Mancera.<\/p>\n<p>La iniciativa la present\u00f3 a t\u00edtulo personal la diputada Mar\u00eda de los \u00c1ngeles Huerta, quien ha procurado distinguirse como una de las m\u00e1s convencidas defensoras del presidente Andr\u00e9s Manuel L\u00f3pez Obrador, pero seguramente tuvo el respaldo de otras figuras la llamada Cuarta Transformaci\u00f3n, pues su propuesta tuvo amplia difusi\u00f3n en los medios y apareci\u00f3 registrada en los asuntos a tratarse en la sesi\u00f3n de ayer de la Comisi\u00f3n Permanente del Congreso de la Uni\u00f3n.<\/p>\n<p>Como antecedente, cabe recordar que el pasado 6 de mayo en la Permanente, legisladores de Morena exculparon a Marcelo Ebrard de fallas en la L\u00ednea 12 del Metro e iniciaron la arremetida contra Mancera.<\/p>\n<p>En su documento, la legisladora de Morena acusa directamente a la administraci\u00f3n de Mancera de las fallas en la l\u00ednea 12 y mencionada como posible elemento de prueba que varios de los colaboradores del entonces jefe de Gobierno \u201cson perseguidos por la Interpol, no solo por corrupci\u00f3n sino por desfalcos a los fondos para la reconstrucci\u00f3n despu\u00e9s del sismo de 2017\u201d.<\/p>\n<p>El s\u00f3lo anuncio de la petici\u00f3n de desafuero gener\u00f3 un juicio medi\u00e1tico, al cual el presunto implicado, el senador Mancera respondi\u00f3 con un escueto mensaje a redes sociales:<\/p>\n<p>\u201cRespecto al punto de acuerdo solicitado por una legisladora federal de Morena, como lo dije antes: estar\u00e9 atento al resultado de los peritajes y lo que requieran las autoridades competentes para esclarecer los hechos. No es tener fuero, es si se hicieron las cosas bien o no\u201d.<\/p>\n<p>Adem\u00e1s, en conferencia de prensa, Mancera declar\u00f3 que no va \u201ca repartir culpas, no voy a caer en esa din\u00e1mica, no voy a repartir culpas, no voy a se\u00f1alar a nadie; y tampoco estamos eludiendo ning\u00fan tipo de responsabilidad\u201d.<\/p>\n<p>Tambi\u00e9n asegur\u00f3 confiar en las promesas de las autoridades en el sentido de que no van a fabricar culpables, hay que confiar en lo que est\u00e1n diciendo, agreg\u00f3.<\/p>\n<p style=\"text-align: center;\"><strong>Ricardo Monreal intervino para atemperar \u00e1nimos<\/strong><\/p>\n<p>A final de cuentas, la demanda de iniciar juicio pol\u00edtico contra Mancera no se trat\u00f3 en la Comisi\u00f3n Permanente y aunque no hubo informaci\u00f3n al respecto, se presume que el asunto fue retirado del orden del d\u00eda por intervenci\u00f3n del presidente de la Junta de Coordinaci\u00f3n Pol\u00edtica del Senado y coordinador de la fracci\u00f3n parlamentaria de Morena en ese \u00f3rgano legislativo, el zacatecano Ricardo Monreal \u00c1vila, quien siempre ha dado preferencia a la negociaci\u00f3n y no a la diatriba.<\/p>\n<p>Trascendi\u00f3 que el coordinador de la mayor\u00eda legislativa busc\u00f3 acuerdos con los dem\u00e1s grupos parlamentarios para no convertir a la Comisi\u00f3n Permanente en una \u201ctribuna de trifulca\u201d.<\/p>\n<p>El coordinador \u201cmoreno\u201d se\u00f1al\u00f3 que era preferible seguir los cauces institucionales, esperar los peritajes y no adelantar v\u00edsperas.<\/p>\n<p>\u201cEstoy pidiendo a los proponentes que desistan de cualquier solicitud de desafuero de cualquier gente\u201d, precis\u00f3 en su llamado el presidente de la Jucopo del Senado.<\/p>\n<p>Por los hechos se puede concluir que logr\u00f3 apaciguar \u00e1nimos y convencer a las partes de esperar el dictamen de los peritos.<\/p>\n<p>Lo que s\u00ed no pudo evitar Monreal fue que los legisladores de MC y del PRI hicieran un llamado al presidente L\u00f3pez Obrador para que ya no meta las manos en los procesos electorales, en particular en la elecci\u00f3n de gobernador de Nuevo Le\u00f3n, en donde los candidatos punteros, Samuel Garc\u00eda (MC) y Adri\u00e1n de la Garza (PRI) est\u00e1n sujetos a investigaciones judiciales, a cargo de la Fiscal\u00eda General de la Rep\u00fablica, inducidas por el primer mandatario.<\/p>\n<p>A nombre de la fracci\u00f3n parlamentaria del PRI, la diputada Claudia Pastor Badilla exhort\u00f3 al titular del Ejecutivo Federal para que \u201capegue su desempe\u00f1o a las reglas del modelo vigente de comunicaci\u00f3n pol\u00edtica y se abstenga de intervenir en el proceso electoral de Nuevo Le\u00f3n o en cualquier otro.<\/p>\n<p>\u201cLa propaganda p\u00fablica debe tener car\u00e1cter institucional y fines informativos, educativos o de orientaci\u00f3n social, por lo que no deben incluir nombres, im\u00e1genes, voces o s\u00edmbolos que impliquen promoci\u00f3n personalizada de cualquier servidor p\u00fablico\u201d, record\u00f3 la legisladora.<\/p>\n<p>\u201cEn Movimiento Ciudadano rechazamos, en\u00e9rgicamente, la inferencia indebida del presidente de la Rep\u00fablica en el proceso electoral y el claro uso faccioso de las instituciones para perjudicar al candidato a gobernador de Nuevo Le\u00f3n, Samuel Garc\u00eda\u201d, afirm\u00f3 el senador No\u00e9 Casta\u00f1\u00f3n, quien record\u00f3 que fue el propio primer mandatario el que, en una de sus conferencias ma\u00f1aneras, admiti\u00f3 estar metiendo las manos en las elecciones en curso.<\/p>\n<p>\u201cEsto es inaudito\u201d, a\u00f1adi\u00f3 el legislador de MC, quien indic\u00f3 que \u201cdesde el Congreso de la Uni\u00f3n no podemos permitir la contaminaci\u00f3n del proceso electoral y de la vida democr\u00e1tica del pa\u00eds\u201d.<\/p>\n<p style=\"text-align: center;\"><strong>Pemex culpa de aumentos en el gas a distribuidores<\/strong><\/p>\n<p>Apenas el pasado 21 de abril, el presidente L\u00f3pez Obrador reiter\u00f3 que El presidente Andr\u00e9s Manuel L\u00f3pez Obrador reiter\u00f3 que su administraci\u00f3n ha cumplido con el compromiso de que los precios de los combustibles no aumenten en t\u00e9rminos reales.<\/p>\n<p>En esa oportunidad el primer mandatario asegur\u00f3 que lo anterior puede comprobarse. \u201cEl compromiso de nosotros de no aumentar el precio de los combustibles se ha cumplido y podemos probar que desde que llegamos no han aumentado en t\u00e9rminos reales\u201d, dijo el mandatario.<\/p>\n<p>Menos de un mes despu\u00e9s, el director general de Petr\u00f3leos Mexicanos (Pemex), el ingeniero agr\u00f3nomo Octavio Romero Oropeza admiti\u00f3 que s\u00ed se han registrado aumentos en el precio del gas para uso dom\u00e9stico, pero neg\u00f3 que sea responsabilidad de esa empresa estatal y culp\u00f3 a los distribuidores particulares.<\/p>\n<p>Tambi\u00e9n en una de las conferencias ma\u00f1aneras desde Palacio Nacional, el titular de PEMEX lanz\u00f3 culpas contra otro de los enemigos favoritos de la llamada Cuarta Transformaci\u00f3n: los gobiernos anteriores, en particular a la reforma energ\u00e9tica del 2013.<\/p>\n<p>El funcionario asegur\u00f3 que Pemex vende el gas LP a los distribuidores en un estimado de 12.5 pesos por litro (al t\u00e9rmino de 2018 estaba por debajo de los 11 pesos), y \u00e9stos lo ofrecen a los usuarios en 19.6 pesos por litro en promedio.<\/p>\n<p>No obstante que Romero Oropeza insiste en que en donde Pemex tiene presencia el precio del gas LP es m\u00e1s barato, pero los reportes desde diversos puntos del pa\u00eds indican que no solo el gas se ha encarecido, sino tambi\u00e9n el precio de las gasolinas, aunque el presidente L\u00f3pez Obrador insiste en que no hay gasolinazos.<\/p>\n<p>Pero m\u00e1s que admitir aumentos en los combustibles, lo que seguramente m\u00e1s pesa al gobierno de la llamada Cuarta Transformaci\u00f3n es que su contrarreforma energ\u00e9tica no ha podido entrar en vigor.<\/p>\n<p>A los amparos concedidos con anterioridad por el repudiado juez federal Juan Pablo G\u00f3mez Fierro, se sum\u00f3 el titular del Juzgado Primero de Distrito en Materia Administrativa, Especializado en Competencia Econ\u00f3mica, Radiodifusi\u00f3n y Telecomunicaciones, Rodrigo de la Peza, que tambi\u00e9n fren\u00f3 por tiempo indefinido la Ley de Hidrocarburos promovida por el presidente L\u00f3pez Obrador, al conceder 18 suspensiones provisionales a otras tantas empresas.<\/p>\n<p>Los efectos de los amparos son de car\u00e1cter general, es decir, comprenden no solamente a los quejosos, sino a todos los permisionarios de los mercados de hidrocarburos, petrol\u00edferos y petroqu\u00edmicos.<\/p>\n<p><a href=\"mailto:riparcangel@hotmail.com\" target=\"_blank\" rel=\"noopener noreferrer\"><em>riparcangel@hotmail.com<\/em><\/a><\/p>\n","protected":false},"excerpt":{"rendered":"<p><span style=\"color: #005497;\"><strong>Miguel \u00c1ngel Rivera<\/strong><\/span><\/p>\n","protected":false},"author":3,"featured_media":0,"comment_status":"open","ping_status":"open","sticky":false,"template":"","format":"standard","meta":{"_monsterinsights_skip_tracking":false,"_monsterinsights_sitenote_active":false,"_monsterinsights_sitenote_note":"","_monsterinsights_sitenote_category":0,"footnotes":""},"categories":[84119],"tags":[84120,84121,43674],"class_list":["post-506747","post","type-post","status-publish","format-standard","hentry","category-miguel-angel-rivera","tag-clase-politica","tag-miguel-angel-rivera","tag-opinion"],"_links":{"self":[{"href":"https:\/\/www.diarioimagen.net\/index.php?rest_route=\/wp\/v2\/posts\/506747","targetHints":{"allow":["GET"]}}],"collection":[{"href":"https:\/\/www.diarioimagen.net\/index.php?rest_route=\/wp\/v2\/posts"}],"about":[{"href":"https:\/\/www.diarioimagen.net\/index.php?rest_route=\/wp\/v2\/types\/post"}],"author":[{"embeddable":true,"href":"https:\/\/www.diarioimagen.net\/index.php?rest_route=\/wp\/v2\/users\/3"}],"replies":[{"embeddable":true,"href":"https:\/\/www.diarioimagen.net\/index.php?rest_route=%2Fwp%2Fv2%2Fcomments&post=506747"}],"version-history":[{"count":0,"href":"https:\/\/www.diarioimagen.net\/index.php?rest_route=\/wp\/v2\/posts\/506747\/revisions"}],"wp:attachment":[{"href":"https:\/\/www.diarioimagen.net\/index.php?rest_route=%2Fwp%2Fv2%2Fmedia&parent=506747"}],"wp:term":[{"taxonomy":"category","embeddable":true,"href":"https:\/\/www.diarioimagen.net\/index.php?rest_route=%2Fwp%2Fv2%2Fcategories&post=506747"},{"taxonomy":"post_tag","embeddable":true,"href":"https:\/\/www.diarioimagen.net\/index.php?rest_route=%2Fwp%2Fv2%2Ftags&post=506747"}],"curies":[{"name":"wp","href":"https:\/\/api.w.org\/{rel}","templated":true}]}}