{"id":506873,"date":"2021-05-14T00:06:44","date_gmt":"2021-05-14T05:06:44","guid":{"rendered":"https:\/\/www.diarioimagen.net\/?p=506873"},"modified":"2021-05-17T00:45:12","modified_gmt":"2021-05-17T05:45:12","slug":"informan-que-se-cuenta-con-13-sedes-regionales-para-el-proceso-de-vacunacion-de-maestros-mexiquenses","status":"publish","type":"post","link":"https:\/\/www.diarioimagen.net\/?p=506873","title":{"rendered":"Informan que se cuenta con 13 sedes regionales para el proceso de vacunaci\u00f3n de maestros mexiquenses"},"content":{"rendered":"<p>&nbsp;<\/p>\n<h3 style=\"text-align: center;\">Da inicio inoculaci\u00f3n contra Covid-19 en Tejupilco<em>\u00a0<\/em><\/h3>\n<p>&nbsp;<\/p>\n<ul>\n<li><strong><em>Realizan recorrido de supervisi\u00f3n por el Centro de Salud \u201cOlimpiada 68\u201d, el cual atiende a la poblaci\u00f3n las 24 horas del d\u00eda<\/em><\/strong><\/li>\n<\/ul>\n<p><strong>\u00a0<\/strong><\/p>\n<div id=\"attachment_506966\" style=\"width: 470px\" class=\"wp-caption aligncenter\"><a href=\"https:\/\/www.diarioimagen.net\/?attachment_id=506966\" rel=\"attachment wp-att-506966\"><img loading=\"lazy\" decoding=\"async\" aria-describedby=\"caption-attachment-506966\" class=\"size-full wp-image-506966\" src=\"https:\/\/www.diarioimagen.net\/wp-content\/uploads\/2021\/05\/DelMazo.jpg\" alt=\"\" width=\"460\" height=\"270\" \/><\/a><p id=\"caption-attachment-506966\" class=\"wp-caption-text\">El gobernador del Estado de M\u00e9xico recorri\u00f3 el Centro de Salud Olimpiada 68.<\/p><\/div>\n<p>&nbsp;<\/p>\n<p><strong>Naucalpan, Estado de M\u00ebxico.-<\/strong> El Gobierno del Estado de M\u00e9xico informa a los docentes de instituciones educativas p\u00fablicas y privadas, que durante el proceso de vacunaci\u00f3n contra COVID-19 para este sector de la poblaci\u00f3n, se contar\u00e1 con 13 sedes regionales, y puntualiza que este d\u00eda se comenz\u00f3 a colocar la dosis del biol\u00f3gico en Tejupilco y ma\u00f1ana dar\u00e1n inicio otras tres sedes.<\/p>\n<p>El mandatario estatal record\u00f3 que el 12 de mayo dio inicio la vacunaci\u00f3n de maestros de escuelas p\u00fablicas y privadas en el municipio de Toluca, y precis\u00f3 que se tiene planteado terminar la aplicaci\u00f3n de la dosis a los docentes mexiquenses en una semana.<\/p>\n<p>Asimismo, se llev\u00f3 a cabo un recorrido de supervisi\u00f3n por el Centro de Salud \u201cOlimpiada 68\u201d, el cual brinda atenci\u00f3n m\u00e9dica para las familias las 24 horas del d\u00eda, los 365 d\u00edas del a\u00f1o, para tratar problemas de salud como diabetes, hipertensi\u00f3n; enfermedades respiratorias y gastrointestinales, entre otras.<\/p>\n<p>El gobernador del Estado de M\u00e9xico recorri\u00f3 este Centro de Salud, el cual tambi\u00e9n cuenta con \u00e1rea de planificaci\u00f3n familiar, medicina preventiva y odontolog\u00eda, y por la contingencia sanitaria se habilit\u00f3 un espacio para realizar toma de muestras de Covid-19 y un \u00e1rea de triage respiratorio.<\/p>\n<p>Los Centros de Salud garantizan que las familias tengan acceso a servicios de atenci\u00f3n primaria, para prevenir y atender enfermedades, ya que ocho de cada 10 problemas de salud, es decir, el 80 por ciento, son atendidos y tratados en estas unidades.<\/p>\n<p>Tambi\u00e9n brindan atenci\u00f3n psicol\u00f3gica, medicina preventiva, planificaci\u00f3n familiar, atenci\u00f3n bucal, y en algunos centros, obstetricia para las mujeres embarazadas, adem\u00e1s de realizar campa\u00f1as de vacunaci\u00f3n y canalizar a los pacientes que requieren atenci\u00f3n especializada.<\/p>\n","protected":false},"excerpt":{"rendered":"<p>El Gobierno del Estado de M\u00e9xico informa a los docentes de instituciones educativas p\u00fablicas y privadas, que durante el proceso de vacunaci\u00f3n contra COVID-19 para este sector de la poblaci\u00f3n, se contar\u00e1 con 13 sedes regionales, y puntualiza que este d\u00eda se comenz\u00f3 a colocar la dosis del biol\u00f3gico en Tejupilco y ma\u00f1ana dar\u00e1n inicio otras tres sedes.<\/p>\n","protected":false},"author":3,"featured_media":506966,"comment_status":"open","ping_status":"open","sticky":false,"template":"","format":"standard","meta":{"_monsterinsights_skip_tracking":false,"_monsterinsights_sitenote_active":false,"_monsterinsights_sitenote_note":"","_monsterinsights_sitenote_category":0,"footnotes":""},"categories":[5],"tags":[43675,2574,6609,970,2643],"class_list":["post-506873","post","type-post","status-publish","format-standard","has-post-thumbnail","hentry","category-estado-de-mexico","tag-estado-de-mexico","tag-maestros","tag-mexiquenses","tag-naucalpan","tag-vacunacion"],"_links":{"self":[{"href":"https:\/\/www.diarioimagen.net\/index.php?rest_route=\/wp\/v2\/posts\/506873","targetHints":{"allow":["GET"]}}],"collection":[{"href":"https:\/\/www.diarioimagen.net\/index.php?rest_route=\/wp\/v2\/posts"}],"about":[{"href":"https:\/\/www.diarioimagen.net\/index.php?rest_route=\/wp\/v2\/types\/post"}],"author":[{"embeddable":true,"href":"https:\/\/www.diarioimagen.net\/index.php?rest_route=\/wp\/v2\/users\/3"}],"replies":[{"embeddable":true,"href":"https:\/\/www.diarioimagen.net\/index.php?rest_route=%2Fwp%2Fv2%2Fcomments&post=506873"}],"version-history":[{"count":0,"href":"https:\/\/www.diarioimagen.net\/index.php?rest_route=\/wp\/v2\/posts\/506873\/revisions"}],"wp:featuredmedia":[{"embeddable":true,"href":"https:\/\/www.diarioimagen.net\/index.php?rest_route=\/wp\/v2\/media\/506966"}],"wp:attachment":[{"href":"https:\/\/www.diarioimagen.net\/index.php?rest_route=%2Fwp%2Fv2%2Fmedia&parent=506873"}],"wp:term":[{"taxonomy":"category","embeddable":true,"href":"https:\/\/www.diarioimagen.net\/index.php?rest_route=%2Fwp%2Fv2%2Fcategories&post=506873"},{"taxonomy":"post_tag","embeddable":true,"href":"https:\/\/www.diarioimagen.net\/index.php?rest_route=%2Fwp%2Fv2%2Ftags&post=506873"}],"curies":[{"name":"wp","href":"https:\/\/api.w.org\/{rel}","templated":true}]}}