{"id":506875,"date":"2021-05-14T00:05:04","date_gmt":"2021-05-14T05:05:04","guid":{"rendered":"https:\/\/www.diarioimagen.net\/?p=506875"},"modified":"2021-05-17T00:45:33","modified_gmt":"2021-05-17T05:45:33","slug":"crece-incidencia-de-obesidad-y-sobrepeso-durante-el-periodo-de-confinamiento","status":"publish","type":"post","link":"https:\/\/www.diarioimagen.net\/?p=506875","title":{"rendered":"Crece incidencia de obesidad y sobrepeso durante el periodo de confinamiento"},"content":{"rendered":"<p>&nbsp;<\/p>\n<ul>\n<li><strong><em>Presentan personas obesas menores de 40 a\u00f1os mayor riesgo de diabetes<\/em><\/strong><\/li>\n<\/ul>\n<p>&nbsp;<\/p>\n<div id=\"attachment_506962\" style=\"width: 470px\" class=\"wp-caption aligncenter\"><a href=\"https:\/\/www.diarioimagen.net\/?attachment_id=506962\" rel=\"attachment wp-att-506962\"><img loading=\"lazy\" decoding=\"async\" aria-describedby=\"caption-attachment-506962\" class=\"wp-image-506962 size-full\" src=\"https:\/\/www.diarioimagen.net\/wp-content\/uploads\/2021\/05\/Edomex.jpg\" alt=\"\" width=\"460\" height=\"270\" \/><\/a><p id=\"caption-attachment-506962\" class=\"wp-caption-text\">Est\u00e1 comprobado que la obesidad es un factor de riesgo para c\u00e1ncer de mama, de colon, pr\u00f3stata, ovario, endometrio, entre otros.<\/p><\/div>\n<p>&nbsp;<\/p>\n<p><strong>Toluca, Estado de M\u00e9xico.-<\/strong> La obesidad y el sobrepeso representan uno de los problemas m\u00e1s importantes de salud, al registrar un incremento en la incidencia y en la gravedad durante el periodo de confinamiento.<\/p>\n<p>De acuerdo con especialistas, el hecho que M\u00e9xico sea el pa\u00eds con mayor incidencia de obesidad infantil, ha condicionado la salud de muchos j\u00f3venes, que aunado al sedentarismo y al exceso en el consumo de calor\u00edas, da como resultado que personas menores de 40 a\u00f1os presenten mayor riesgo de tener diabetes, lo cual hace unas d\u00e9cadas s\u00f3lo se observaba a partir de 50 a\u00f1os.<\/p>\n<p>El Instituto de Seguridad Social del Estado de M\u00e9xico y Municipios (ISSEMyM) se\u00f1ala que, por otra parte, hace algunos a\u00f1os la diabetes juvenil se deb\u00eda a factores gen\u00e9ticos y no se consideraba una comorbilidad de la obesidad; sin embargo, hoy d\u00eda se ha demostrado que el exceso de tejido adiposo est\u00e1 intr\u00ednsecamente relacionado con la diabetes mellitus.<\/p>\n<p>Asimismo, alert\u00f3 que presentar obesidad condiciona otras enfermedades cr\u00f3nicas como hipertensi\u00f3n, c\u00e1ncer de mama, colon, pr\u00f3stata, ovario, endometrio y da\u00f1o en el sistema \u00f3seo en rodillas y v\u00e9rtebras, principalmente.<\/p>\n<p>En general, las personas con problemas de peso sufren cambios en su metabolismo provoc\u00e1ndoles apnea del sue\u00f1o, baja autoestima, infertilidad y en casos muy severos, al no poder realizar ejercicio para quemar las calor\u00edas excedidas, tienen que recurrir a tratamientos quir\u00fargicos de alto grado como lo es el bypass g\u00e1strico.<\/p>\n<p>Por tal motivo para reducir el riesgo de diabetes u obesidad se recomienda limitar el consumo de alimentos que sean ricos en az\u00facares, grasas y procesados, comer continuamente frutas y verduras durante el d\u00eda, realizar ejercicio frecuentemente y disminuir el consumo del alcohol y tabaco.<\/p>\n","protected":false},"excerpt":{"rendered":"<p>La obesidad y el sobrepeso representan uno de los problemas m\u00e1s importantes de salud, al registrar un incremento en la incidencia y en la gravedad durante el periodo de confinamiento.<\/p>\n","protected":false},"author":3,"featured_media":506962,"comment_status":"open","ping_status":"open","sticky":false,"template":"","format":"standard","meta":{"_monsterinsights_skip_tracking":false,"_monsterinsights_sitenote_active":false,"_monsterinsights_sitenote_note":"","_monsterinsights_sitenote_category":0,"footnotes":""},"categories":[5],"tags":[43675,452],"class_list":["post-506875","post","type-post","status-publish","format-standard","has-post-thumbnail","hentry","category-estado-de-mexico","tag-estado-de-mexico","tag-toluca"],"_links":{"self":[{"href":"https:\/\/www.diarioimagen.net\/index.php?rest_route=\/wp\/v2\/posts\/506875","targetHints":{"allow":["GET"]}}],"collection":[{"href":"https:\/\/www.diarioimagen.net\/index.php?rest_route=\/wp\/v2\/posts"}],"about":[{"href":"https:\/\/www.diarioimagen.net\/index.php?rest_route=\/wp\/v2\/types\/post"}],"author":[{"embeddable":true,"href":"https:\/\/www.diarioimagen.net\/index.php?rest_route=\/wp\/v2\/users\/3"}],"replies":[{"embeddable":true,"href":"https:\/\/www.diarioimagen.net\/index.php?rest_route=%2Fwp%2Fv2%2Fcomments&post=506875"}],"version-history":[{"count":0,"href":"https:\/\/www.diarioimagen.net\/index.php?rest_route=\/wp\/v2\/posts\/506875\/revisions"}],"wp:featuredmedia":[{"embeddable":true,"href":"https:\/\/www.diarioimagen.net\/index.php?rest_route=\/wp\/v2\/media\/506962"}],"wp:attachment":[{"href":"https:\/\/www.diarioimagen.net\/index.php?rest_route=%2Fwp%2Fv2%2Fmedia&parent=506875"}],"wp:term":[{"taxonomy":"category","embeddable":true,"href":"https:\/\/www.diarioimagen.net\/index.php?rest_route=%2Fwp%2Fv2%2Fcategories&post=506875"},{"taxonomy":"post_tag","embeddable":true,"href":"https:\/\/www.diarioimagen.net\/index.php?rest_route=%2Fwp%2Fv2%2Ftags&post=506875"}],"curies":[{"name":"wp","href":"https:\/\/api.w.org\/{rel}","templated":true}]}}