{"id":506913,"date":"2021-05-14T00:12:28","date_gmt":"2021-05-14T05:12:28","guid":{"rendered":"https:\/\/www.diarioimagen.net\/?p=506913"},"modified":"2021-05-14T02:38:06","modified_gmt":"2021-05-14T07:38:06","slug":"esto-ya-es-un-pleito-de-vecindad","status":"publish","type":"post","link":"https:\/\/www.diarioimagen.net\/?p=506913","title":{"rendered":"Esto ya es un pleito de vecindad"},"content":{"rendered":"<h2>Tras la puerta del poder<\/h2>\n<h5>Roberto Vizca\u00edno<\/h5>\n<p>&nbsp;<\/p>\n<blockquote>\n<p style=\"text-align: right;\"><em>Tiempos aciagos. Enorme abrazo a mi hermano <strong>Mois\u00e9s S\u00e1nchez Lim\u00f3n<\/strong><br \/>\nquien vuelve a ser <\/em><em>v\u00edctima de la irreparable p\u00e9rdida de un hijo<\/em><\/p>\n<\/blockquote>\n<p>&nbsp;<\/p>\n<p>Las viejas y muy movidas vecindades de la capital sol\u00edan tener port\u00f3n \u00fanico, que cerraba a las 10 de la noche y abr\u00eda a las 6 de la ma\u00f1ana, as\u00ed como varios patios con sus respectivos retretes comunales y sus filas de lavaderos y tendederos.<\/p>\n<p>El bullicio dentro y fuera de ellas se complementaba con pulquer\u00edas y estanquillos cercanos donde uno consegu\u00eda todo y a\u00fan m\u00e1s de lo que se despacha hoy en los supermercados.<\/p>\n<p>El proceso retro que vivimos hoy desde la presidencia de la Rep\u00fablica comienza a asemejarse mucho a aquellas viejas vecindades que se pueden ver todav\u00eda en las pel\u00edculas de <strong><em>Chachita<\/em> <\/strong>y <strong>Pedro Infante<\/strong>.<\/p>\n<p>El eje del regreso a los a\u00f1os 30, 50, 70 del siglo pasado es ya todos lo sabemos, las ma\u00f1aneras del mism\u00edsimo <strong>Andr\u00e9s Manuel L\u00f3pez Obrador<\/strong>. Con eso ni se extra\u00f1a al <strong>Gran Palillo<\/strong>. Bueno, hasta los mismos requiebros discursivos de <strong>Cantinflas <\/strong>alegran los nuevos <em>sketches<\/em> en los patios del hasta hace poco sobrio Palacio Nacional.<\/p>\n<p>Por estos d\u00edas, a la ola de nuevos shows palaciegos, se incorpor\u00f3 el estruendoso anuncio de que la Fiscal\u00eda General por instrucciones precisas del <em>Preciso<\/em> iba tras los dos candidatos punteros de la contienda por la gubernatura de Nuevo Le\u00f3n: el senador de MC <strong>Samuel Garc\u00eda<\/strong> y el pri\u00edsta y exalcalde, <strong>Adri\u00e1n de la Garza<\/strong>.<\/p>\n<p>Con una fuerte sospecha de que eso era solo una argucia medi\u00e1tica y electorera m\u00e1s del due\u00f1o del show ma\u00f1anero para desviar la atenci\u00f3n del derrumbe de un tramo elevado del Metro en Tl\u00e1huac -que seg\u00fan el embajador y periodista <strong>Agust\u00edn Guti\u00e9rrez Canet <\/strong>(t\u00edo directo de do\u00f1a <strong>Beatriz Guti\u00e9rrez M\u00fcller<\/strong>, esposa de <strong>AMLO<\/strong>), significa etimol\u00f3gicamente lugar de <em>caca seca<\/em>-, los procesos judiciales han derivado en cheques sin fondos, pues ni la FGR, ni la Fepade ni la Unidad de Inteligencia Financiera tienen expedientes abiertos de esos asuntos.<\/p>\n<p>Pa\u2019decirlo r\u00e1pido y claro: hasta hoy son puro <em>blof<\/em>.<\/p>\n<p>Pero no es blof ya el pleito vecinal al que se han incorporado contra <strong>L\u00f3pez Obrador<\/strong> el expresidente <strong>Vicente Fox<\/strong>, ni el excandidato presidencial panista <strong>Diego Fern\u00e1ndez de Cevallos<\/strong> ni el due\u00f1o y l\u00edder del partido Movimiento Ciudadano, el senador <strong>Dante Delgado <\/strong>junto otros muchos que se han sentido agraviados por las acciones y dichos del<strong> <em>showman<\/em> ma\u00f1anero.<\/strong><\/p>\n<p><strong>Diego <\/strong>hizo a un lado sus participaciones en redes sociales para enviarle una carta a <strong>L\u00f3pez Obrador<\/strong> en la que lo reta a un di\u00e1logo a la hora y el d\u00eda que \u00e9l diga. <strong>AMLO<\/strong> lo ret\u00f3, a su vez, a negar que particip\u00f3 en bisnes -por no decir transa- de una refresquera que le dej\u00f3 un gran <em>moche<\/em>.<\/p>\n<p>Dante Delgado en conferencia de prensa le exigi\u00f3 a AMLO salirse del proceso electoral y le advirti\u00f3 que no se meta con Samuel Garc\u00eda, candidato de MC en Nuevo Le\u00f3n, porque entonces si iba a salir chispas.<\/p>\n<p><strong>Fox<\/strong>, desde el lavadero de enfrente, se meti\u00f3 al griter\u00edo y ret\u00f3 a <strong>AMLO<\/strong> a \u201cno sacarle\u201d y entrarle al pleito con <strong>Diego<\/strong>.<\/p>\n<p>O sea, el lavadero de la vecindad nacional cobra fuerza. El puro chisme electorero, pues.<\/p>\n<p style=\"text-align: center;\"><strong>Monreal exige a consejeros no invadir funciones<\/strong><\/p>\n<p>En este contexto, el l\u00edder de los senadores de Morena, <strong>Ricardo Monreal<\/strong> exigi\u00f3 a su vez a los consejeros del INE paren y dejen de invadir funciones que no les corresponden.<\/p>\n<p>Les record\u00f3 que no tienen facultades para poder calificar o determinar si hay o no delitos en el proceso en curso pues no son agentes del ministerio p\u00fablico.<\/p>\n<p>Monreal dijo que hace apenas dos meses el Senado aprob\u00f3 considerar a los delitos electorales como delitos graves.<\/p>\n<p>Indic\u00f3 que le parece muy delicado que algunos de los consejeros del INE digan que el uso de tarjetas con beneficios a cambio de votos por parte de candidatos no amerita la cancelaci\u00f3n del registro cuando no s\u00f3lo amerita eso, sino la privaci\u00f3n de la libertad sin derecho a fianza.<\/p>\n<p>Igual les exigi\u00f3 dejar de actuar facciosamente en contra de Morena.<\/p>\n<p style=\"text-align: center;\"><strong>Hank afirma: quieren amedrentarnos<\/strong><\/p>\n<p>El pri\u00edsta <strong>Jorge Hank<\/strong>, candidato a la gubernatura de baja California por el PES, denunci\u00f3 ayer ante empresarios y comerciantes que el Instituto Estatal Electoral ha iniciado una campa\u00f1a de intimidaci\u00f3n que busca desalentar sus candidaturas.<\/p>\n<p>Los consejeros no han querido precisar los cambios de candidatos del PES y otros partidos, con lo cual mantienen en la indefinici\u00f3n gran parte del proceso electoral en el estado ya que los nombres en las boletas ya imprsas no son los que al final van a competir.<\/p>\n<p>\u201cEso es, sin duda un problema, pero como sea vamos a ganar\u201d, advirti\u00f3. Y denunci\u00f3 que, mientras el cumple con todos los requerimientos, \u201ca la candidata oficial no la supervisa nadie.<\/p>\n<p>\u201cNo es un secreto que desde hace semanas rebas\u00f3 los topes de campa\u00f1a y contin\u00faa public\u00e1ndose profusamente por todos los medios al grado de que, por cada spot m\u00edo, hay 10 de ella&#8230; pero no importa, la verdadera encuesta ser\u00e1 la del voto el domingo 6 de junio&#8230; nuestras preferencias van en aumento y eso no lo pueden modificar ya\u201d, indic\u00f3.<\/p>\n<p><em><a href=\"mailto:rvizcainoa@gmail.com\" target=\"_blank\" rel=\"noopener noreferrer\">rvizcainoa@gmail.com<\/a><br \/>\n<u><a href=\"http:\/\/endirecto.mx\" target=\"_blank\" rel=\"noopener noreferrer\">www.endirecto.mx<\/a><br \/>\n<a href=\"https:\/\/twitter.com\/_rvizcaino\" target=\"_blank\" rel=\"noopener noreferrer\">@_RVizcaino<\/a><br \/>\n<a href=\"https:\/\/www.facebook.com\/rvizcainoa\" target=\"_blank\" rel=\"noopener noreferrer\">facebook.com\/rvizcainoa<\/a><\/u><\/em><\/p>\n","protected":false},"excerpt":{"rendered":"<p><span style=\"color: #005497;\"><strong>Roberto Vizca\u00edno<\/strong><\/span><br \/>\n<br \/>\nLas viejas y muy movidas vecindades de la capital sol\u00edan tener port\u00f3n \u00fanico, que cerraba a las 10 de la noche y abr\u00eda a las 6 de la ma\u00f1ana, as\u00ed como varios patios con sus respectivos retretes comunales y sus filas de lavaderos y tendederos.<\/p>\n","protected":false},"author":3,"featured_media":0,"comment_status":"open","ping_status":"open","sticky":false,"template":"","format":"standard","meta":{"_monsterinsights_skip_tracking":false,"_monsterinsights_sitenote_active":false,"_monsterinsights_sitenote_note":"","_monsterinsights_sitenote_category":0,"footnotes":""},"categories":[136],"tags":[43674,93,94],"class_list":["post-506913","post","type-post","status-publish","format-standard","hentry","category-roberto-vizcaino-opinion","tag-opinion","tag-roberto-vizcaino","tag-tras-la-puerta-del-poder"],"_links":{"self":[{"href":"https:\/\/www.diarioimagen.net\/index.php?rest_route=\/wp\/v2\/posts\/506913","targetHints":{"allow":["GET"]}}],"collection":[{"href":"https:\/\/www.diarioimagen.net\/index.php?rest_route=\/wp\/v2\/posts"}],"about":[{"href":"https:\/\/www.diarioimagen.net\/index.php?rest_route=\/wp\/v2\/types\/post"}],"author":[{"embeddable":true,"href":"https:\/\/www.diarioimagen.net\/index.php?rest_route=\/wp\/v2\/users\/3"}],"replies":[{"embeddable":true,"href":"https:\/\/www.diarioimagen.net\/index.php?rest_route=%2Fwp%2Fv2%2Fcomments&post=506913"}],"version-history":[{"count":0,"href":"https:\/\/www.diarioimagen.net\/index.php?rest_route=\/wp\/v2\/posts\/506913\/revisions"}],"wp:attachment":[{"href":"https:\/\/www.diarioimagen.net\/index.php?rest_route=%2Fwp%2Fv2%2Fmedia&parent=506913"}],"wp:term":[{"taxonomy":"category","embeddable":true,"href":"https:\/\/www.diarioimagen.net\/index.php?rest_route=%2Fwp%2Fv2%2Fcategories&post=506913"},{"taxonomy":"post_tag","embeddable":true,"href":"https:\/\/www.diarioimagen.net\/index.php?rest_route=%2Fwp%2Fv2%2Ftags&post=506913"}],"curies":[{"name":"wp","href":"https:\/\/api.w.org\/{rel}","templated":true}]}}