{"id":507028,"date":"2021-05-17T00:01:30","date_gmt":"2021-05-17T05:01:30","guid":{"rendered":"https:\/\/www.diarioimagen.net\/?p=507028"},"modified":"2021-05-17T06:09:49","modified_gmt":"2021-05-17T11:09:49","slug":"plan-de-reactivacion-economica-de-la-mano-con-empresarios-ofrece-raciel-perez-cruz","status":"publish","type":"post","link":"https:\/\/www.diarioimagen.net\/?p=507028","title":{"rendered":"Plan de reactivaci\u00f3n econ\u00f3mica de la mano con empresarios, ofrece Raciel P\u00e9rez\u00a0Cruz"},"content":{"rendered":"<p>&nbsp;<\/p>\n<ul>\n<li><strong><em>Aspirante a la alcald\u00eda de Tlalnepantla<\/em><\/strong><\/li>\n<\/ul>\n<p>&nbsp;<\/p>\n<div id=\"attachment_507183\" style=\"width: 470px\" class=\"wp-caption aligncenter\"><a href=\"https:\/\/www.diarioimagen.net\/?attachment_id=507183\" rel=\"attachment wp-att-507183\"><img loading=\"lazy\" decoding=\"async\" aria-describedby=\"caption-attachment-507183\" class=\"size-full wp-image-507183\" src=\"https:\/\/www.diarioimagen.net\/wp-content\/uploads\/2021\/05\/tlalnepantla-2.jpg\" alt=\"\" width=\"460\" height=\"270\" \/><\/a><p id=\"caption-attachment-507183\" class=\"wp-caption-text\">El candidato Raciel P\u00e9rez Cruz se reuni\u00f3 con empresarios, peque\u00f1os comerciantes y l\u00edderes vecinales, a quienes indic\u00f3 que se formular\u00e1 un plan de reactivaci\u00f3n econ\u00f3mica.<\/p><\/div>\n<p>&nbsp;<\/p>\n<p><strong>Tlalnepantla, Estado de M\u00e9xico<\/strong>.- El candidato de Morena, PT y Nueva Alianza a la Presidencia Municipal de Tlalnepantla, Raciel P\u00e9rez Cruz, se reuni\u00f3 con empresarios, peque\u00f1os comerciantes y l\u00edderes vecinales, a quienes indic\u00f3 que de manera consensuada con todos los sectores productivos se formular\u00e1 un plan de reactivaci\u00f3n econ\u00f3mica para solventar las consecuencias de la emergencia sanitaria.<\/p>\n<p>P\u00e9rez Cruz indic\u00f3 que los gobiernos no producen riqueza, facilitan las condiciones para que esta se genere, se creen empleos, desarrollo econ\u00f3mico y oportunidades para las y los habitantes de esta Ciudad.<\/p>\n<p>\u201cPor ello, debemos continuar con nuestro trabajo para acabar con la herencia que dejaron los gobiernos del PRI y el PAN, como la inseguridad, corrupci\u00f3n y una deteriorada infraestructura urbana que desalientan la inversi\u00f3n productiva\u201d, dijo.<\/p>\n<p>El abanderado de la coalici\u00f3n Juntos Haremos Historia en el Estado de M\u00e9xico, indic\u00f3 que el primer gobierno de la transformaci\u00f3n ha dado los primeros pasos para resolver rezagos estructurales como la reconstrucci\u00f3n de calles y convertir el obsoleto relleno sanitario en un centro integral para la gesti\u00f3n de residuos s\u00f3lidos en donde se producir\u00e1 biog\u00e1s, composta y energ\u00eda el\u00e9ctrica con las 750 toneladas que se generan todos los d\u00edas en Tlalnepantla.<\/p>\n<p>Expres\u00f3 que el nuevo Plan Municipal de Desarrollo Urbano, elaborado con la participaci\u00f3n de la ciudadan\u00eda, alienta la inversi\u00f3n, genera crecimiento econ\u00f3mico y preserva el medio ambiente.<\/p>\n<p>\u201cTenemos una extraordinaria poblaci\u00f3n para la inversi\u00f3n, tenemos muchas zonas para explotar en desarrollos inmobiliarios, comerciales y de servicios, ya est\u00e1n en puerta varios proyectos muy importantes para la ciudad\u201d, revel\u00f3.<\/p>\n<p>Raciel, subray\u00f3 que \u201cno solamente hemos combatido estos rezagos, tambi\u00e9n hemos enfrentado las inercias que dejaron los gobiernos anteriores como la corrupci\u00f3n que afecta a toda la ciudadan\u00eda, incluso a los empresarios, y obstaculiza el desarrollo\u201d.<\/p>\n<p>Durante la reuni\u00f3n, a la que asistieron representantes de la Coparmex Metropolitano y la Canirac del Valle de M\u00e9xico, el candidato se\u00f1al\u00f3 que el comercio ambulante es la manera en que muchas personas se ganan la vida honradamente, pero debe ser regularizado y se continuar\u00e1 con el ordenamiento de este sector sin quitarles su fuente de ingreso.<\/p>\n","protected":false},"excerpt":{"rendered":"<p>El candidato de Morena, PT y Nueva Alianza a la Presidencia Municipal de Tlalnepantla, Raciel P\u00e9rez Cruz, se reuni\u00f3 con empresarios, peque\u00f1os comerciantes y l\u00edderes vecinales, a quienes indic\u00f3 que de manera consensuada con todos los sectores productivos se formular\u00e1 un plan de reactivaci\u00f3n econ\u00f3mica para solventar las consecuencias de la emergencia sanitaria.<\/p>\n","protected":false},"author":3,"featured_media":507183,"comment_status":"open","ping_status":"open","sticky":false,"template":"","format":"standard","meta":{"_monsterinsights_skip_tracking":false,"_monsterinsights_sitenote_active":false,"_monsterinsights_sitenote_note":"","_monsterinsights_sitenote_category":0,"footnotes":""},"categories":[5],"tags":[43675,81517,169],"class_list":["post-507028","post","type-post","status-publish","format-standard","has-post-thumbnail","hentry","category-estado-de-mexico","tag-estado-de-mexico","tag-raciel-perez-cruz","tag-tlalnepantla"],"_links":{"self":[{"href":"https:\/\/www.diarioimagen.net\/index.php?rest_route=\/wp\/v2\/posts\/507028","targetHints":{"allow":["GET"]}}],"collection":[{"href":"https:\/\/www.diarioimagen.net\/index.php?rest_route=\/wp\/v2\/posts"}],"about":[{"href":"https:\/\/www.diarioimagen.net\/index.php?rest_route=\/wp\/v2\/types\/post"}],"author":[{"embeddable":true,"href":"https:\/\/www.diarioimagen.net\/index.php?rest_route=\/wp\/v2\/users\/3"}],"replies":[{"embeddable":true,"href":"https:\/\/www.diarioimagen.net\/index.php?rest_route=%2Fwp%2Fv2%2Fcomments&post=507028"}],"version-history":[{"count":0,"href":"https:\/\/www.diarioimagen.net\/index.php?rest_route=\/wp\/v2\/posts\/507028\/revisions"}],"wp:featuredmedia":[{"embeddable":true,"href":"https:\/\/www.diarioimagen.net\/index.php?rest_route=\/wp\/v2\/media\/507183"}],"wp:attachment":[{"href":"https:\/\/www.diarioimagen.net\/index.php?rest_route=%2Fwp%2Fv2%2Fmedia&parent=507028"}],"wp:term":[{"taxonomy":"category","embeddable":true,"href":"https:\/\/www.diarioimagen.net\/index.php?rest_route=%2Fwp%2Fv2%2Fcategories&post=507028"},{"taxonomy":"post_tag","embeddable":true,"href":"https:\/\/www.diarioimagen.net\/index.php?rest_route=%2Fwp%2Fv2%2Ftags&post=507028"}],"curies":[{"name":"wp","href":"https:\/\/api.w.org\/{rel}","templated":true}]}}