{"id":507037,"date":"2021-05-17T00:01:59","date_gmt":"2021-05-17T05:01:59","guid":{"rendered":"https:\/\/www.diarioimagen.net\/?p=507037"},"modified":"2021-05-18T03:18:51","modified_gmt":"2021-05-18T08:18:51","slug":"afores-en-la-mira-de-amlo","status":"publish","type":"post","link":"https:\/\/www.diarioimagen.net\/?p=507037","title":{"rendered":"Afores, en la mira de AMLO"},"content":{"rendered":"<h2>De pe a pa<\/h2>\n<h5>Alberto Vieyra G.<\/h5>\n<p>&nbsp;<\/p>\n<p>El gris y lacayo diputado morenista, Edelmiro Santiago Santos D\u00edaz, de quien se afirma que apenas medio sabe leer y escribir, ganar\u00eda notoriedad esta semana, revelando en un mamotreto, que propondr\u00e1 una reforma fiscal para nacionalizar las Afores que concentran la nada despreciable suma de cuatro billones, cuatro millones de pesos para consolidar las obras sexenales de L\u00f3pez Obrador como el Tren Maya, el Aeropuerto de Santa Luc\u00eda, la refiner\u00eda de Dos Bocas y proseguir con los programas sociales que benefician con d\u00e1divas de clientelismo electoral ultrajando la dignidad de los mexicanos a casi 23 millones de compatriotas.<\/p>\n<p>\u00bfNacionalizar, como lo hizo el general L\u00e1zaro C\u00e1rdenas? \u00bfAMLO ser\u00eda capaz de jalarle en este momento los bigotes al tigre derrochando los ahorros de 30 millones de trabajadores y sus familias en M\u00e9xico?<\/p>\n<p>Porque conozco por dentro y por fuera al Poder Legislativo de M\u00e9xico, el diputado Santiago Santos D\u00edaz ser\u00eda incapaz de contar con las luces de inteligencia para formular <em>de motu proprio<\/em> una propuesta de tal naturaleza.<\/p>\n<p>No mire usted. Al se\u00f1or legislador lo usaron de Palacio Nacional o de la Secretar\u00eda de Gobernaci\u00f3n para presentar ese documento que provoc\u00f3 un torbellino en M\u00e9xico y el extranjero, a grado tal de que, por la noche se dir\u00eda en los altos c\u00edrculos del poder pol\u00edtico que se trataba de un documento falso. S\u00f3lo quer\u00edan <em>medirle el agua a los camotes<\/em>, pero en Palacio Nacional vieron que una iniciativa de tal naturaleza seria como despertar al M\u00e9xico bronco provocando hasta una guerra civil, como actualmente ocurre en Colombia donde la gente se rebel\u00f3 contra el autoritario gobierno de Iv\u00e1n Duque M\u00e1rquez, quien pretend\u00eda bolsear a los colombianos m\u00e1s fregados con una reforma fiscal impopular. El pueblo se le ech\u00f3 encima con una cara factura de sangre.<\/p>\n<p>Real o falso, el documento en cuesti\u00f3n, revela la voracidad de AMLO para seguir otorgando d\u00e1divas electorales a sus adictos y pareciera que el Presidente no tiene llenadera porque se apoder\u00f3 de los fideicomisos con m\u00e1s de 100 mil millones de pesos y de muchos otros millonarios guardaditos al m\u00e1s puro estilo del venezolano Hugo Ch\u00e1vez, quien regalaba las d\u00e1divas del petr\u00f3leo y cuando los precios se desplomaron y se acab\u00f3 el excremento del diablo, entonces us\u00f3 todo su poder dictatorial para someter a los venezolanos que hoy ya no sienten lo duro, sino lo tupido, ante el desastre que vive esa naci\u00f3n sudamericana.<\/p>\n<p>El propio AMLO anunci\u00f3 hace unos 3 meses que propondr\u00e1 una reforma fiscal que seguir\u00eda los pasos de su hom\u00f3logo colombiano, sin embargo, cuando algunos levantadedos en la C\u00e1mara de Diputados han hablado del tema, inmediatamente les han llovido los coscorrones, pues la idea de AMLO es que una vez transcurridas las elecciones federales del 6 de junio, s\u00e1lvese quien pueda, porque AMLO ira por su reforma fiscal para sacar dinero hasta de por debajo de las piedras.<\/p>\n<p>Despu\u00e9s de una criminal mortandad por el coronavirus a raz\u00f3n de la negligencia gubernamental, la tragedia de la L\u00ednea 12 del Metro, el desastre econ\u00f3mico que se refleja en una galopante inflaci\u00f3n que ya rasgu\u00f1a el 7 por ciento, lo que ha motivado que todo est\u00e9 hasta por las nubes y que los hambreadores nacionales e internacionales est\u00e9n haciendo de las suyas sin que haya gobierno que les ponga un alto, pues sostienen que el alza de los combustibles encareci\u00f3 todo. \u00bfPues no que no habr\u00eda gasolinazos, don <em>Peje<\/em>?<\/p>\n<p>Y como todo esto no basta, pues AMLO busca apoderarse llueva, truene o relampaguee de la millonada de 4 billones de millones de pesos que hay de ahorros de los trabajadores en las Afores.<\/p>\n<p>Me pregunto: \u00bfEsta vez AMLO tendr\u00e1 la prudencia para no hacer que estalle el M\u00e9xico bronco?<\/p>\n<p><a href=\"mailto:info@agenciamn.com\" target=\"_blank\" rel=\"noopener noreferrer\"><em>info@agenciamn.com<\/em><\/a><\/p>\n","protected":false},"excerpt":{"rendered":"<p><span style=\"color: #005497;\"><strong>Alberto Vieyra G.<\/strong><\/span><\/p>\n","protected":false},"author":3,"featured_media":0,"comment_status":"open","ping_status":"open","sticky":false,"template":"","format":"standard","meta":{"_monsterinsights_skip_tracking":false,"_monsterinsights_sitenote_active":false,"_monsterinsights_sitenote_note":"","_monsterinsights_sitenote_category":0,"footnotes":""},"categories":[4596],"tags":[43697,4597,43674],"class_list":["post-507037","post","type-post","status-publish","format-standard","hentry","category-alberto-vieyra-g","tag-alberto-vieyra-g","tag-de-pe-a-pa","tag-opinion"],"_links":{"self":[{"href":"https:\/\/www.diarioimagen.net\/index.php?rest_route=\/wp\/v2\/posts\/507037","targetHints":{"allow":["GET"]}}],"collection":[{"href":"https:\/\/www.diarioimagen.net\/index.php?rest_route=\/wp\/v2\/posts"}],"about":[{"href":"https:\/\/www.diarioimagen.net\/index.php?rest_route=\/wp\/v2\/types\/post"}],"author":[{"embeddable":true,"href":"https:\/\/www.diarioimagen.net\/index.php?rest_route=\/wp\/v2\/users\/3"}],"replies":[{"embeddable":true,"href":"https:\/\/www.diarioimagen.net\/index.php?rest_route=%2Fwp%2Fv2%2Fcomments&post=507037"}],"version-history":[{"count":0,"href":"https:\/\/www.diarioimagen.net\/index.php?rest_route=\/wp\/v2\/posts\/507037\/revisions"}],"wp:attachment":[{"href":"https:\/\/www.diarioimagen.net\/index.php?rest_route=%2Fwp%2Fv2%2Fmedia&parent=507037"}],"wp:term":[{"taxonomy":"category","embeddable":true,"href":"https:\/\/www.diarioimagen.net\/index.php?rest_route=%2Fwp%2Fv2%2Fcategories&post=507037"},{"taxonomy":"post_tag","embeddable":true,"href":"https:\/\/www.diarioimagen.net\/index.php?rest_route=%2Fwp%2Fv2%2Ftags&post=507037"}],"curies":[{"name":"wp","href":"https:\/\/api.w.org\/{rel}","templated":true}]}}