{"id":507039,"date":"2021-05-17T00:02:00","date_gmt":"2021-05-17T05:02:00","guid":{"rendered":"https:\/\/www.diarioimagen.net\/?p=507039"},"modified":"2021-05-17T02:35:51","modified_gmt":"2021-05-17T07:35:51","slug":"lupita-jones-mas-metida-en-miss-universo-que-en-su-campana-hank-rhon-suma-apoyos","status":"publish","type":"post","link":"https:\/\/www.diarioimagen.net\/?p=507039","title":{"rendered":"Lupita Jones, m\u00e1s metida en Miss Universo que en su campa\u00f1a; Hank Rhon suma apoyos"},"content":{"rendered":"<h2>La Retaguardia<\/h2>\n<h5>Adriana Moreno Cordero<\/h5>\n<p>&nbsp;<\/p>\n<ul>\n<li style=\"text-align: justify;\"><strong><em>En Edomex, principalmente en Naucalpan, Morena va a la baja<\/em><\/strong><\/li>\n<\/ul>\n<p>&nbsp;<\/p>\n<p>Ayer se llev\u00f3 a cabo el certamen Miss Universo y antes de este evento, en espacios de noticias de espect\u00e1culos, se corr\u00edan apuestas sobre las favoritas latinas a conquistar la corona. Principalmente en Estados Unidos, destacaba la representante de M\u00e9xico, <strong>Andrea Meza<\/strong>, de Chihuahua, por sobre las de Panam\u00e1, Per\u00fa y Colombia, entre otras.<\/p>\n<p>Sin embargo, alguien que deber\u00eda de estar m\u00e1s preocupada y ocupada en su campa\u00f1a por la gubernatura de Baja California por la coalici\u00f3n, Va por M\u00e9xico, <strong>Lupita Jones<\/strong>, dej\u00f3 a todos los partidos que la apoyan con \u201cun palmo de narices\u201d para meterse de lleno en el certamen de belleza que a\u00fan controla y prohibir a Andrea Meza, ofrecer entrevistas, manteni\u00e9ndola aislada.<\/p>\n<p>Se supone que la ex Miss Universo deber\u00eda de estar de tiempo completo metida en su candidatura, si no, entonces, \u00bfpor qu\u00e9 dijo cuando acept\u00f3 la estafeta que ella no ten\u00eda experiencia en pol\u00edtica pero s\u00ed en excelencia? De plano minti\u00f3, porque a la fecha, nada se ha sabido que haga la se\u00f1ora Jones en sus actividades proselitistas ni en su b\u00fasqueda por la gubernatura de BC.<\/p>\n<p>No en balde, junto con <strong>Clara Luz Flores<\/strong>, la alica\u00edda candidata de Morena al gobierno de Nuevo Le\u00f3n, con todo y la ayudadita que desde Palacio Nacional le brinda todos los d\u00edas <strong>Andr\u00e9s Manuel L\u00f3pez Obrador<\/strong>,\u00a0 la ex Miss Universo se gan\u00f3 a pulso ser las mujeres peor evaluadas entre sus respectivos electores. O sea, ambas obtienen el mayor porcentaje de rechazo entre quienes podr\u00edan ser sus electores y de acuerdo a la m\u00e1s reciente medici\u00f3n, la se\u00f1ora Jones se lleva un 35%.<\/p>\n<p>En contraste, quien d\u00eda a d\u00eda suma mayores apoyos, es el candidato del PES al gobierno de Baja California, <strong>Jorge Hank Rhon<\/strong>. Por ejemplo, en ocasi\u00f3n del D\u00eda del Maestro reconoci\u00f3 la labor de los profesores de la entidad y se comprometi\u00f3 a reivindicar su labor y dotarlos de lo necesarios para que en las mejores condiciones realicen su actividad docente, al tiempo que Hank, recibi\u00f3 la adhesi\u00f3n de la FSTSE y taxistas a su proyecto.<\/p>\n<p>Antes, el ingeniero Hank Rhon destac\u00f3 que la participaci\u00f3n de la mujer es vital para mejorar la calidad de vida de todos los bajacalifornianos, \u201cpor lo que debemos proporcionarles todo el apoyo que necesiten\u201d.<\/p>\n<p>As\u00ed, \u00bfqu\u00e9 cuentas va a entregar Guadalupe Jones al final de su tr\u00e1nsito por la pol\u00edtica?, las peores.<\/p>\n<p style=\"text-align: center;\"><strong>Municiones<\/strong><\/p>\n<p>*** En el Estado de M\u00e9xico, segundo estado en importancia por su lista nominal y conocido como \u201cel laboratorio electoral\u201d, ya se ve la baja en las preferencias por Morena, por la decepci\u00f3n que causan sus gobernantes. Esta realidad ya existe en Naucalpan,\u00a0por eso no sorprende la ca\u00edda de las aspirantes a presidentas municipales en reelecci\u00f3n como por ejemplo la morenista <strong>Patricia Dur\u00e1n Reveles<\/strong> y <strong>Ang\u00e9lica Moya<\/strong>, candidata del PRI-AN, quien anunci\u00f3 v\u00eda redes que se encuentra vulnerable en su salud y pretende volver a gobernar. Pero quien ha subido en las preferencias de los naucalpenses es <strong>Jos\u00e9 Adolfo Murat Mac\u00edas<\/strong>, candidato de Movimiento Ciudadano. Seg\u00fan se sabe, a Murat Mac\u00edas ya le dicen el \u201ccandidato todo terreno\u201d, porque lo ciudadanos de distintas zonas del municipio se acercan a \u00e9l, con las debidas medidas sanitarias, y escuchan sus propuestas, principalmente en su iniciativa de derogar el Plan Municipal de Desarrollo Urbano, impuesto en \u201cmadruguete\u201d y anti legal, por la candidata morenista, Patricia Dur\u00e1n.\u00a0Los ciudadanos dejaran muy claro que es el \u00fanico candidato que defiende realmente los intereses de los habitantes del municipio y no como sus contrincantes, que protegen intereses privados o de familias como los Dur\u00e1n Reveles, que buscan perpetuarse en el poder para seguir haciendo sus negocios, entre ellos los inmobiliarios. En otro tema, los empresarios e industriales del municipio de Naucalpan ofrecieron su apoyo y respaldo a Jos\u00e9 Adolfo Murat Mac\u00edas, pues se propuesta de gobierno consideran toma en cuenta al sector privado, adem\u00e1s de aplaudir su compromiso por establecer un gobierno eficaz, honesto y eficiente en los pr\u00f3ximo tres a\u00f1os.\u00a0Trascendi\u00f3 que las mujeres y hombres de negocios de Naucalpan manifestaron su preocupaci\u00f3n por la pol\u00edtica que ha seguido el Gobierno, pues considera se inhibe la inversi\u00f3n. A las mujeres y hombres de negocio les pareci\u00f3 muy positivo que el candidato Murat Mac\u00edas reconociera que la reactivaci\u00f3n econ\u00f3mica de M\u00e9xico y por lo tanto de Naucalpan no ser\u00e1 posible sin la unidad de todos, adem\u00e1s del compromiso de las tres instancias de gobierno.<\/p>\n<p>*** Rodeado de medallistas ol\u00edmpicos, seleccionados nacionales y j\u00f3venes representantes del talento deportivo a nivel nacional, <strong>V\u00edctor Hugo Romo de Vivar Guerra<\/strong>, el alcalde de Miguel Hidalgo con aspiraciones a reelegirse, present\u00f3 \u201cLa Protectora Deportiva\u201d, un programa que har\u00e1 de dicha circunscripci\u00f3n la catedral del deporte.\u00a0 El candidato de la alianza Juntos Haremos Historia para Miguel Hidalgo, felicit\u00f3 a las y los j\u00f3venes que han hecho del deporte un h\u00e1bito cotidiano porque con la activaci\u00f3n f\u00edsica y el ejercicio se evita el ocio, las pr\u00e1cticas nocivas y se previenen enfermedades como la obesidad, diabetes e hipertensi\u00f3n.\u00a0 Romo present\u00f3 su programa Integral del Deporte que contempla actividades deportivas para la poblaci\u00f3n de todas las edades, as\u00ed como la apertura de la primera \u201cCasa del Deporte MH\u201d, un centro en el que se brindar\u00e1 atenci\u00f3n psicol\u00f3gica, terapias f\u00edsicas, de rehabilitaci\u00f3n y asesor\u00eda nutricional a las y los deportistas de Miguel Hidalgo. Por cierto, se sum\u00f3 a la campa\u00f1a de Romo una descendiente directa del Padre de la Patria, Mar\u00eda <strong>Enriqueta Portillo Hidalgo y Costilla<\/strong>.<\/p>\n<p>*** El pasado viernes, la Suprema Corte de Justicia de la Naci\u00f3n, (SCJN) desech\u00f3 la controversia constitucional promovida por el Congreso de Tamaulipas en contra del desafuero del gobernador y miembro de la Alianza Federalista, <strong>Francisco Javier Garc\u00eda Cabeza de Vaca<\/strong>, pues determin\u00f3 que no hay materia, dado que el Congreso local pudo ejercer sin cortapisas y debidamente, su facultad de no homologaci\u00f3n con la resoluci\u00f3n emitida por el Congreso de la Uni\u00f3n. Es decir, que pudo hacer lo que deb\u00eda y lo hizo, adem\u00e1s, correctamente, raz\u00f3n por la cual no puede dolerse de violaci\u00f3n alguna a sus atribuciones. Dicho de otra manera, no procede el desafuero en contra de un gobernador democr\u00e1ticamente electo por el pueblo tamaulipeco y \u00e9ste contin\u00faa en funciones tal y como lo dicta la Constituci\u00f3n. La resoluci\u00f3n de la SCJN declara, adem\u00e1s, que ello no vulnera el Estado de Derecho, sino que pone en tiempo y forma el procedimiento para que un gobernador, en su ejercicio democr\u00e1ticamente otorgado y en tanto funcionario p\u00fablico, pueda aclarar cualquier circunstancia y acusaci\u00f3n en su contra. El coraje que har\u00e1 hoy un cada vez m\u00e1s amargado jefe del Ejecutivo.<\/p>\n<p><u><a href=\"mailto:morcora@gmail.com\" target=\"_blank\" rel=\"noopener noreferrer\"><em>morcora@gmail.com<\/em><\/a><\/u><\/p>\n","protected":false},"excerpt":{"rendered":"<p><span style=\"color: #005497;\"><strong>Adriana Moreno Cordero<\/strong><\/span><\/p>\n","protected":false},"author":3,"featured_media":0,"comment_status":"open","ping_status":"open","sticky":false,"template":"","format":"standard","meta":{"_monsterinsights_skip_tracking":false,"_monsterinsights_sitenote_active":false,"_monsterinsights_sitenote_note":"","_monsterinsights_sitenote_category":0,"footnotes":""},"categories":[69370],"tags":[69369,69368],"class_list":["post-507039","post","type-post","status-publish","format-standard","hentry","category-adriana-moreno-cordero","tag-adriana-moreno-cordero","tag-la-retaguardia"],"_links":{"self":[{"href":"https:\/\/www.diarioimagen.net\/index.php?rest_route=\/wp\/v2\/posts\/507039","targetHints":{"allow":["GET"]}}],"collection":[{"href":"https:\/\/www.diarioimagen.net\/index.php?rest_route=\/wp\/v2\/posts"}],"about":[{"href":"https:\/\/www.diarioimagen.net\/index.php?rest_route=\/wp\/v2\/types\/post"}],"author":[{"embeddable":true,"href":"https:\/\/www.diarioimagen.net\/index.php?rest_route=\/wp\/v2\/users\/3"}],"replies":[{"embeddable":true,"href":"https:\/\/www.diarioimagen.net\/index.php?rest_route=%2Fwp%2Fv2%2Fcomments&post=507039"}],"version-history":[{"count":0,"href":"https:\/\/www.diarioimagen.net\/index.php?rest_route=\/wp\/v2\/posts\/507039\/revisions"}],"wp:attachment":[{"href":"https:\/\/www.diarioimagen.net\/index.php?rest_route=%2Fwp%2Fv2%2Fmedia&parent=507039"}],"wp:term":[{"taxonomy":"category","embeddable":true,"href":"https:\/\/www.diarioimagen.net\/index.php?rest_route=%2Fwp%2Fv2%2Fcategories&post=507039"},{"taxonomy":"post_tag","embeddable":true,"href":"https:\/\/www.diarioimagen.net\/index.php?rest_route=%2Fwp%2Fv2%2Ftags&post=507039"}],"curies":[{"name":"wp","href":"https:\/\/api.w.org\/{rel}","templated":true}]}}