{"id":507044,"date":"2021-05-17T00:05:27","date_gmt":"2021-05-17T05:05:27","guid":{"rendered":"https:\/\/www.diarioimagen.net\/?p=507044"},"modified":"2021-05-17T02:40:16","modified_gmt":"2021-05-17T07:40:16","slug":"mexico-indefenso","status":"publish","type":"post","link":"https:\/\/www.diarioimagen.net\/?p=507044","title":{"rendered":"M\u00e9xico, indefenso"},"content":{"rendered":"<h2>Perfil de M\u00e9xico<\/h2>\n<h5>Armando R\u00edos Ruiz<\/h5>\n<p>&nbsp;<\/p>\n<p>Desde que el presidente L\u00f3pez Obrador dio a conocer su estrategia de combate al crimen, consistente en la \u201cmaravillosa\u201d concepci\u00f3n de propinarles \u201cabrazos, no balazos\u201d, fue f\u00e1cil suponer que este fen\u00f3meno crecer\u00eda incontrolable en todo el territorio nacional, despojado de la fastidiosa persecuci\u00f3n gubernamental.<\/p>\n<p>Hace varios sexenios se hizo exactamente lo mismo. Pero no se hizo p\u00fablico que no habr\u00eda persecuci\u00f3n. Menos se dijo que fueran abrazados con cari\u00f1o \u201cporque tambi\u00e9n son seres humanos\u201d. Esto sirvi\u00f3 para que el crimen creciera a linderos insospechados. Pero tambi\u00e9n para que se portara bien. Hoy, no hay parte del pa\u00eds que no est\u00e9 invadido por grupos de criminales sin contar.<\/p>\n<p>Hoy tambi\u00e9n se palpa, aunque no existan estad\u00edsticas, que esas agrupaciones se han multiplicado de manera escandalosa. Es obvio. No hay autoridad polic\u00edaca que se aplique a perseguirlos por esas \u00f3rdenes descabelladas, emanadas desde el m\u00e1s alto mando, en el sentido de permitirles hacer y deshacer. Adue\u00f1arse de territorios y desde\u00f1ar a la autoridad, sobre la que se han erigido como entidades superiores.<\/p>\n<p>Fue muy f\u00e1cil suponer que un d\u00eda, convertir\u00edan en v\u00edctimas a personas valiosas. Reconocidas as\u00ed por las comunidades en las que se desenvuelven. Vistas por la sociedad como seres altruistas, que trabajan por el bienestar de sus comunidades. Que saturadas de valor se levantan para decir a los cuatro vientos, que pondr\u00e1n todo su empe\u00f1o en combatir a los que hacen da\u00f1o, porque hoy, nadie hace nada.<\/p>\n<p>Tal fue el caso de Abel Murrieta. Abogado y pol\u00edtico. Ex diputado federal y ex procurador de Justicia de Sonora, asesinado en p\u00fablico por un grupo de criminales cuando realizaba trabajos de proselitismo como candidato a la alcald\u00eda de Cajeme, su tierra natal, por el partido MC.<\/p>\n<p>Nadie podr\u00eda refutar al senador Dante Delgado cuando fustig\u00f3: \u201cel momento de crispaci\u00f3n que se vive en el pa\u00eds, lamentablemente es provocado por el Presidente de la Rep\u00fablica que no se ha dejado de meter en el proceso electoral, que agravia permanentemente todos los d\u00edas, que se mete violando todas las normas y que adem\u00e1s, en materia de seguridad, una vez m\u00e1s muestra su incompetencia\u201d.<\/p>\n<p>Fue secundado por Clemente Casta\u00f1eda, coordinador nacional de MC, quien sentenci\u00f3: \u201cEl asesinato de Abel no puede considerarse sino como un atentado a la democracia en Sonora. Responsabilizamos de la muerte de Abel a la Gobernadora Claudia Pavlovich y al Presidente Andr\u00e9s Manuel L\u00f3pez\u201d.<\/p>\n<p>El momento de que los criminales mostraran el m\u00fasculo crecido a fuerza de ejercitarlo todos los d\u00edas y a todas horas, lleg\u00f3. No iban a tolerar que hoy, alguien se mostrara valiente frente a quienes act\u00faan desde las sombras, sin atreverse siquiera a dar la cara. No iban a permitir que un candidato desarmado y confiado dijera discursos molestos.<\/p>\n<p>Adem\u00e1s, es cierto que tiene la culpa quien con las palabras de aliento para esos grupos, proferidas con insistencia, ha motivado su participaci\u00f3n criminal en cualquier \u00e1mbito y a cualquiera hora del d\u00eda. Sin temor a que alg\u00fan polic\u00eda o alg\u00fan miembro de las fuerzas armadas se atreva a combatirlos. Con todo el espacio libre hasta para exhibirse y exhibir su poder\u00edo supuestamente imbatible.<\/p>\n<p>El que hoy manda ha conferido todas las ocupaciones a la milicia. Sus miembros act\u00faan como ingenieros, como alba\u00f1iles, como constructores, como funcionarios p\u00fablicos en las instancias civiles. Pero no sirven para enfrentar a los que tienen sometidas a poblaciones enteras. Se supone que est\u00e1n entrenados para la guerra y para la defensa de M\u00e9xico. \u00bfD\u00f3nde qued\u00f3 esta disposici\u00f3n?<\/p>\n<p><a href=\"mailto:ariosruiz@gmail.com\" target=\"_blank\" rel=\"noopener noreferrer\"><em>ariosruiz@gmail.com<\/em><\/a><\/p>\n","protected":false},"excerpt":{"rendered":"<p><span style=\"color: #005497;\"><strong>Armando R\u00edos Ruiz<\/strong><\/span><\/p>\n","protected":false},"author":3,"featured_media":0,"comment_status":"open","ping_status":"open","sticky":false,"template":"","format":"standard","meta":{"_monsterinsights_skip_tracking":false,"_monsterinsights_sitenote_active":false,"_monsterinsights_sitenote_note":"","_monsterinsights_sitenote_category":0,"footnotes":""},"categories":[88405],"tags":[88407,43674,91193],"class_list":["post-507044","post","type-post","status-publish","format-standard","hentry","category-armando-rios-ruiz","tag-armando-rios-ruiz","tag-opinion","tag-perfil-de-mexico"],"_links":{"self":[{"href":"https:\/\/www.diarioimagen.net\/index.php?rest_route=\/wp\/v2\/posts\/507044","targetHints":{"allow":["GET"]}}],"collection":[{"href":"https:\/\/www.diarioimagen.net\/index.php?rest_route=\/wp\/v2\/posts"}],"about":[{"href":"https:\/\/www.diarioimagen.net\/index.php?rest_route=\/wp\/v2\/types\/post"}],"author":[{"embeddable":true,"href":"https:\/\/www.diarioimagen.net\/index.php?rest_route=\/wp\/v2\/users\/3"}],"replies":[{"embeddable":true,"href":"https:\/\/www.diarioimagen.net\/index.php?rest_route=%2Fwp%2Fv2%2Fcomments&post=507044"}],"version-history":[{"count":0,"href":"https:\/\/www.diarioimagen.net\/index.php?rest_route=\/wp\/v2\/posts\/507044\/revisions"}],"wp:attachment":[{"href":"https:\/\/www.diarioimagen.net\/index.php?rest_route=%2Fwp%2Fv2%2Fmedia&parent=507044"}],"wp:term":[{"taxonomy":"category","embeddable":true,"href":"https:\/\/www.diarioimagen.net\/index.php?rest_route=%2Fwp%2Fv2%2Fcategories&post=507044"},{"taxonomy":"post_tag","embeddable":true,"href":"https:\/\/www.diarioimagen.net\/index.php?rest_route=%2Fwp%2Fv2%2Ftags&post=507044"}],"curies":[{"name":"wp","href":"https:\/\/api.w.org\/{rel}","templated":true}]}}