{"id":507058,"date":"2021-05-17T00:06:22","date_gmt":"2021-05-17T05:06:22","guid":{"rendered":"https:\/\/www.diarioimagen.net\/?p=507058"},"modified":"2021-05-17T03:21:32","modified_gmt":"2021-05-17T08:21:32","slug":"campo-cambio-climatico-y-la-urgente-intervencion-del-legislativo","status":"publish","type":"post","link":"https:\/\/www.diarioimagen.net\/?p=507058","title":{"rendered":"Campo, cambio clim\u00e1tico y la urgente intervenci\u00f3n del Legislativo"},"content":{"rendered":"<h2>Como veo, doy<\/h2>\n<h5>Jorge Luis Galicia Palacios<\/h5>\n<p>&nbsp;<\/p>\n<p>Ante los llamados del sector campesino y rural de ser declaradas sus parcelas, su hatos ganaderos, sus bosques, sus sembrad\u00edos en situaci\u00f3n de emergencia por la presencia de fen\u00f3menos naturales at\u00edpicos, como incendios, inundaciones, granizadas, heladas y sequ\u00edas,\u00a0solicitan a candidatos en campa\u00f1a para ocupar un espacio de representaci\u00f3n en la LXV Legislatura de la C\u00e1mara de Diputados establecer un compromiso con el campo mexicano, con agricultores, pescadores y ganaderos, para que desde ese espacio se legislen nuevas pol\u00edticas p\u00fablicas que favorezcan a ese sector.<\/p>\n<p>Y es que, no obstante que el Sistema Meteorol\u00f3gico Nacional ha dado a conocer que la temporada de huracanes en el pa\u00eds se ha adelantado y sus efectos se han traducido en lluvias torrenciales en algunas entidades, tambi\u00e9n son ciertas las noticias que hablan\u00a0sobre las intensas sequ\u00edas que\u00a0afectan poblaciones, principalmente, del centro y\u00a0norte\u00a0de la rep\u00fablica.<\/p>\n<p>\u00bfQui\u00e9n, con tanto calor en algunas partes y lluvias at\u00edpicas\u00a0y heladas\u00a0en otras, no\u00a0quiere\u00a0reconocer\u00a0los efectos producidos por el cambio clim\u00e1tico a nivel mun dial? ,\u00a0\u00bfQui\u00e9n,\u00a0con todo este tipo de noticias,\u00a0est\u00e1\u00a0haciendo algo para revertir tales situaciones?, qui\u00e9n, cuando por todos lados nos dicen que eso no es nada\u00a0y\u00a0\u201clo peor est\u00e1 por venir\u201d.<\/p>\n<p>Pues s\u00ed, desde diversas esferas de nuestro entorno social, pol\u00edtico y econ\u00f3mico, las alertas en torno a fen\u00f3menos meteorol\u00f3gicos producidos por el calentamiento global est\u00e1n a la orden del d\u00eda y en algunos casos, donde los fen\u00f3menos se han presentado, sus consecuencias han sido devastadoras. Hay sequ\u00edas\u00a0en poblaciones como\u00a0el Estado de M\u00e9xico,\u00a0Aguascalientes, Chihuahua, Coahuila, Durango, San Luis Potos\u00ed, Sinaloa, Sonora y Zacatecas.<\/p>\n<p>En tanto que en entidades como\u00a0Chiapas, Tabasco y Veracruz, sus habitantes a\u00fan no se recuperan de inundaciones que les han pegado con severidad en los \u00faltimos a\u00f1os. Y qu\u00e9 decir de incendios que han arrasado con grandes extensiones de bosques o sembrad\u00edos devastados por las heladas.<\/p>\n<p>Qu\u00e9 hacer, c\u00f3mo prevenir, cu\u00e1nto hay que invertir del gasto p\u00fablico, son preguntas\u00a0que se siguen planteando\u00a0desde diversos foros,\u00a0y en sus conclusiones se\u00f1alan\u00a0que\u00a0en materia de emergencias por desastres naturales\u00a0a\u00fan falta mucho por hacer y advierten que\u00a0la cancelaci\u00f3n de lo que hasta hace un a\u00f1o se conoc\u00eda como \u00a0Fonden podr\u00eda derivar en acciones burocr\u00e1ticas que impidan la atenci\u00f3n oportuna de emergencias como las que se est\u00e1n presentando a nivel nacional.<\/p>\n<p>Entonces, ante esas advertencias y reflexiones, creemos que en tiempos electorales, es un buen momento para que los electores exijan a sus candidatos a diputados federales tomar cartas en el asunto y que asuman compromisos al respecto, porque una cosa es cierta, urge un replanteamiento en las pol\u00edticas p\u00fablicas de atenci\u00f3n de emergencias por desastres naturales y en general las propiciadas \u00a0por el cambio clim\u00e1tico, s\u00f3lo as\u00ed se estar\u00e1 a tiempo para protegernos del evidente deterioro ambiental que se observa en nuestros entorno.<\/p>\n<p>En m\u00e1s de una ocasi\u00f3n los sectores rurales y campesinos han insistido en la urgencia de la intervenci\u00f3n del Congreso de la Uni\u00f3n a partir de diagn\u00f3sticos de ambientalistas y especialistas en temas globales, quienes advierten al mundo de las cada vez m\u00e1s frecuentes problemas relacionados con sequ\u00edas de r\u00edos, inundaciones at\u00edpicas, desplazamientos de poblaciones por altas temperaturas, crecimiento de zonas des\u00e9rticas y aumento de los niveles del mar, contaminaci\u00f3n de mantos fre\u00e1ticos por descuido de en la actividad industrial, deforestaci\u00f3n clandestina de bosques, disminuci\u00f3n de agua en presas e incendios forestales, lo que -en su conjunto- provoca bajas en la producci\u00f3n agroalimentaria e impacta negativamente en todas las cadenas alimenticias.<\/p>\n<p>No hay duda, urge la intervenci\u00f3n del Legislativo para reactivar y proteger la producci\u00f3n agropecuaria, pesquera y forestal, sea con la reglamentaci\u00f3n para tecnificar o esquemas crediticios para reconvertir el campo mexicano y detener el deterioro ambiental, pero lo que haya que hacerse tiene que ser a la voz de ya, porque algo m\u00e1s grave de lo que est\u00e1 por venir, sin duda, ser\u00eda el inmovilismo legislativo.<\/p>\n<p><strong>LAS CARTAS HABLAN.<\/strong>&#8211; Hace unos d\u00edas\u00a0\u00c1lvaro L\u00f3pez R\u00edos, Secretario General de la Uni\u00f3n Nacional de Trabajadores Agr\u00edcolas, se\u00f1al\u00f3 que M\u00e9xico s\u00f3lo vende al exterior\u00a0cervezas, tequila y mezcal,\u00a0donde la materia prima puede ser nacional, pero el capital es extranjero. Reiter\u00f3 \u201cEs verdad\u00a0que la cerveza ocupa el primer lugar en exportaci\u00f3n agroalimentaria con 13.2 por ciento, mientras que el tequila ocupa el cuarto lugar con 27.5 por ciento, pero con esas cifras no sale adelante el campo mexicano\u201d.<\/p>\n<p><strong>VA MI RESTO.-<\/strong> Llam\u00f3 la atenci\u00f3n una propuesta del diputado Carlos Iv\u00e1n Ayala Bobadilla (Morena), quien plante\u00f3 reformas a la Constituci\u00f3n Pol\u00edtica, con el prop\u00f3sito fundamental de que la Ley Suprema norme la obligaci\u00f3n que tiene el Estado de otorgar a los mexicanos seguridad alimentaria de calidad. La iniciativa plantea que el Estado constituya una reserva estrat\u00e9gica nacional de alimentos y salvaguarde la seguridad alimentaria en casos de crisis, tanto clim\u00e1ticas y de contingencias, como de cualquier orden.<\/p>\n<p>Hasta ah\u00ed todo bien, la propuesta suena bonita, pero ser\u00eda mejor que el legislador precisara los c\u00f3mo de su propuesta, porque as\u00ed en t\u00e9rminos generales quedamos en lo mismo y falta saber si la misma ya pas\u00f3 por el filtro de los sectores productivos rural, campesino, ganaderos, forestal y pesquero, porque al final son ellos los que est\u00e1n involucrados en esta demanda de intervenci\u00f3n del legislativo, y hasta ah\u00ed porque como veo doy.<\/p>\n<p><em><a href=\"mailto:jorgelgalicia@yahoo.com.mx\" target=\"_blank\" rel=\"noopener noreferrer\">jorgelgalicia@yahoo.com.mx<\/a><\/em><\/p>\n","protected":false},"excerpt":{"rendered":"<p><span style=\"color: #005497;\"><strong>Jorge Luis Galicia Palacios<\/strong><\/span><\/p>\n","protected":false},"author":3,"featured_media":0,"comment_status":"open","ping_status":"open","sticky":false,"template":"","format":"standard","meta":{"_monsterinsights_skip_tracking":false,"_monsterinsights_sitenote_active":false,"_monsterinsights_sitenote_note":"","_monsterinsights_sitenote_category":0,"footnotes":""},"categories":[63916],"tags":[45895,45896,63917,43674],"class_list":["post-507058","post","type-post","status-publish","format-standard","hentry","category-jorge-luis-galicia-palacios","tag-como-veo","tag-doy","tag-jorge-luis-galicia-palacios","tag-opinion"],"_links":{"self":[{"href":"https:\/\/www.diarioimagen.net\/index.php?rest_route=\/wp\/v2\/posts\/507058","targetHints":{"allow":["GET"]}}],"collection":[{"href":"https:\/\/www.diarioimagen.net\/index.php?rest_route=\/wp\/v2\/posts"}],"about":[{"href":"https:\/\/www.diarioimagen.net\/index.php?rest_route=\/wp\/v2\/types\/post"}],"author":[{"embeddable":true,"href":"https:\/\/www.diarioimagen.net\/index.php?rest_route=\/wp\/v2\/users\/3"}],"replies":[{"embeddable":true,"href":"https:\/\/www.diarioimagen.net\/index.php?rest_route=%2Fwp%2Fv2%2Fcomments&post=507058"}],"version-history":[{"count":0,"href":"https:\/\/www.diarioimagen.net\/index.php?rest_route=\/wp\/v2\/posts\/507058\/revisions"}],"wp:attachment":[{"href":"https:\/\/www.diarioimagen.net\/index.php?rest_route=%2Fwp%2Fv2%2Fmedia&parent=507058"}],"wp:term":[{"taxonomy":"category","embeddable":true,"href":"https:\/\/www.diarioimagen.net\/index.php?rest_route=%2Fwp%2Fv2%2Fcategories&post=507058"},{"taxonomy":"post_tag","embeddable":true,"href":"https:\/\/www.diarioimagen.net\/index.php?rest_route=%2Fwp%2Fv2%2Ftags&post=507058"}],"curies":[{"name":"wp","href":"https:\/\/api.w.org\/{rel}","templated":true}]}}