{"id":507222,"date":"2021-05-18T00:01:35","date_gmt":"2021-05-18T05:01:35","guid":{"rendered":"https:\/\/www.diarioimagen.net\/?p=507222"},"modified":"2021-05-18T05:23:45","modified_gmt":"2021-05-18T10:23:45","slug":"aclamaron-a-ana-balderas-trejo-en-mitin-de-la-alianza-va-por-el-estado-de-mexico","status":"publish","type":"post","link":"https:\/\/www.diarioimagen.net\/?p=507222","title":{"rendered":"Aclamaron a Ana Balderas Trejo en mitin de la alianza Va por el Estado de M\u00e9xico"},"content":{"rendered":"<p>&nbsp;<\/p>\n<ul>\n<li><strong><em>Recorrido por San Pedro Barrientos<\/em><\/strong><\/li>\n<\/ul>\n<p>&nbsp;<\/p>\n<div id=\"attachment_507351\" style=\"width: 470px\" class=\"wp-caption aligncenter\"><a href=\"https:\/\/www.diarioimagen.net\/?attachment_id=507351\" rel=\"attachment wp-att-507351\"><img loading=\"lazy\" decoding=\"async\" aria-describedby=\"caption-attachment-507351\" class=\"size-full wp-image-507351\" src=\"https:\/\/www.diarioimagen.net\/wp-content\/uploads\/2021\/05\/tlalnepantla-3.jpg\" alt=\"\" width=\"460\" height=\"270\" \/><\/a><p id=\"caption-attachment-507351\" class=\"wp-caption-text\">Ana Balderas particip\u00f3 en un mitin en San Pedro Barrientos y posteriormente, en compa\u00f1\u00eda de Tony Rodr\u00edguez y Paco Santos, cubri\u00f3 su recorrido casa por casa.<\/p><\/div>\n<p>&nbsp;<\/p>\n<p><strong>Tlalnepantla, Estado de M\u00e9xico<\/strong>.- Otro d\u00eda de unidad entre representantes de la alianza PAN-PRI-PRD, se vivi\u00f3 este domingo en Tlalnepantla, donde se juntaron los candidatos Ana Balderas (a la diputaci\u00f3n federal por el Distrito 14), Tony Rodr\u00edguez (a la presidencia municipal de Tlalnepantla) y Paco Santos, que busca llegar a la diputaci\u00f3n local del Distrito 26.<\/p>\n<p>Ana Balderas Trejo particip\u00f3 primeramente en el mitin que se organiz\u00f3 en San Pedro Barrientos a fin de reforzar las campa\u00f1as de sus correligionarios y posteriormente, en compa\u00f1\u00eda de Rodr\u00edguez y Santos, cubri\u00f3 su recorrido casa por casa.<\/p>\n<p>La confianza que se tiene en los abanderados de la coalici\u00f3n Va por M\u00e9xico se ve reflejada en la enorme cantidad de personas que se les sum\u00f3 y las arengas que se escucharon en el camino al templete que ocuparon los tres abanderados de Acci\u00f3n Nacional, Revolucionario Institucional y de la Revoluci\u00f3n Democr\u00e1tica.<\/p>\n<p>\u201c\u00a1Yo s\u00ed le voy, le voy a Ana\u2026 Yo s\u00ed le voy, le voy a Ana..!\u201d, se escuchaba cuando la abogada de profesi\u00f3n fue presentada ante cientos de personas en San Pedro Barrientos.<\/p>\n<p>Escoltada en mayor parte por mujeres l\u00edderes de la comunidad y en compa\u00f1\u00eda de Tony Rodr\u00edguez y Paco Santos, Ana Balderas habl\u00f3 de luchar desde el Congreso para que se bajen los costos de servicios b\u00e1sicos como la gasolina, el agua, el gas, la electricidad y el regreso del Seguro Popular, entre otras peticiones que le han hecho en estas semanas de campa\u00f1a.<\/p>\n<p>\u201cClaro que vamos a llegar al Congreso y desde ah\u00ed vamos a bajar los recursos para todo lo que hace falta; la seguridad, para el tema del agua\u201d, dijo y reiter\u00f3 su compromiso por mejorar la calidad de vida en Tlalnepantla de Baz, Cuautitl\u00e1n Izcalli y Atizap\u00e1n de Zaragoza, los tres municipios que forman parte del Distrito Electoral\u00a0 14 en el Estado de M\u00e9xico.<\/p>\n","protected":false},"excerpt":{"rendered":"<p>Otro d\u00eda de unidad entre representantes de la alianza PAN-PRI-PRD, se vivi\u00f3 este domingo en Tlalnepantla, donde se juntaron los candidatos Ana Balderas (a la diputaci\u00f3n federal por el Distrito 14), Tony Rodr\u00edguez (a la presidencia municipal de Tlalnepantla) y Paco Santos, que busca llegar a la diputaci\u00f3n local del Distrito 26.<\/p>\n","protected":false},"author":3,"featured_media":507351,"comment_status":"open","ping_status":"open","sticky":false,"template":"","format":"standard","meta":{"_monsterinsights_skip_tracking":false,"_monsterinsights_sitenote_active":false,"_monsterinsights_sitenote_note":"","_monsterinsights_sitenote_category":0,"footnotes":""},"categories":[5],"tags":[74232,43675,169],"class_list":["post-507222","post","type-post","status-publish","format-standard","has-post-thumbnail","hentry","category-estado-de-mexico","tag-ana-balderas","tag-estado-de-mexico","tag-tlalnepantla"],"_links":{"self":[{"href":"https:\/\/www.diarioimagen.net\/index.php?rest_route=\/wp\/v2\/posts\/507222","targetHints":{"allow":["GET"]}}],"collection":[{"href":"https:\/\/www.diarioimagen.net\/index.php?rest_route=\/wp\/v2\/posts"}],"about":[{"href":"https:\/\/www.diarioimagen.net\/index.php?rest_route=\/wp\/v2\/types\/post"}],"author":[{"embeddable":true,"href":"https:\/\/www.diarioimagen.net\/index.php?rest_route=\/wp\/v2\/users\/3"}],"replies":[{"embeddable":true,"href":"https:\/\/www.diarioimagen.net\/index.php?rest_route=%2Fwp%2Fv2%2Fcomments&post=507222"}],"version-history":[{"count":0,"href":"https:\/\/www.diarioimagen.net\/index.php?rest_route=\/wp\/v2\/posts\/507222\/revisions"}],"wp:featuredmedia":[{"embeddable":true,"href":"https:\/\/www.diarioimagen.net\/index.php?rest_route=\/wp\/v2\/media\/507351"}],"wp:attachment":[{"href":"https:\/\/www.diarioimagen.net\/index.php?rest_route=%2Fwp%2Fv2%2Fmedia&parent=507222"}],"wp:term":[{"taxonomy":"category","embeddable":true,"href":"https:\/\/www.diarioimagen.net\/index.php?rest_route=%2Fwp%2Fv2%2Fcategories&post=507222"},{"taxonomy":"post_tag","embeddable":true,"href":"https:\/\/www.diarioimagen.net\/index.php?rest_route=%2Fwp%2Fv2%2Ftags&post=507222"}],"curies":[{"name":"wp","href":"https:\/\/api.w.org\/{rel}","templated":true}]}}