{"id":507225,"date":"2021-05-18T00:03:45","date_gmt":"2021-05-18T05:03:45","guid":{"rendered":"https:\/\/www.diarioimagen.net\/?p=507225"},"modified":"2021-05-18T05:25:44","modified_gmt":"2021-05-18T10:25:44","slug":"pide-romina-contreras-dar-continuidad-a-un-gobierno-atento-a-necesidades-del-ciudadano","status":"publish","type":"post","link":"https:\/\/www.diarioimagen.net\/?p=507225","title":{"rendered":"Pide Romina Contreras dar continuidad a un gobierno atento a necesidades del ciudadano"},"content":{"rendered":"<p>&nbsp;<\/p>\n<ul>\n<li><strong><em>Invita a los huixquiluquenses a salir a votar<\/em><\/strong><\/li>\n<\/ul>\n<p>&nbsp;<\/p>\n<div id=\"attachment_507358\" style=\"width: 470px\" class=\"wp-caption aligncenter\"><a href=\"https:\/\/www.diarioimagen.net\/?attachment_id=507358\" rel=\"attachment wp-att-507358\"><img loading=\"lazy\" decoding=\"async\" aria-describedby=\"caption-attachment-507358\" class=\"size-full wp-image-507358\" src=\"https:\/\/www.diarioimagen.net\/wp-content\/uploads\/2021\/05\/huixquilucan-6.jpg\" alt=\"\" width=\"460\" height=\"270\" \/><\/a><p id=\"caption-attachment-507358\" class=\"wp-caption-text\">Romina Contreras Carrasco, candidata panista a la presidencia municipal de Huixquilucan, se reuni\u00f3 con ejidatarios de San Crist\u00f3bal Texcalucan.<\/p><\/div>\n<p>&nbsp;<\/p>\n<p><strong>Huixquilucan, Estado de M\u00e9xico<\/strong>.- Durante una reuni\u00f3n con ejidatarios de San Crist\u00f3bal Texcalucan, la candidata del Partido Acci\u00f3n Nacional (PAN) a la presidencia municipal de Huixquilucan, Romina Contreras Carrasco, invit\u00f3 a la poblaci\u00f3n a salir a votar el pr\u00f3ximo 06 de junio para dar continuidad a un gobierno que trabaja \u201c24Siete\u201d y que est\u00e1 atento a las necesidades de los ciudadanos, con el fin de que contin\u00faen los resultados de manera responsable y sin comprometer el futuro de las siguientes generaciones.<\/p>\n<p>Adem\u00e1s, los exhort\u00f3 a no permitir que lleguen personas a querer destruir los avances que se han tenido en los \u00faltimos a\u00f1os o, en su caso, echen a perder lo mucho que se ha logrado en las administraciones panistas que ha tenido Huixquilucan.<\/p>\n<p>\u201cEste gobierno ha estado siempre disponible, un gobierno que, sin pretextos, ha sabido solucionar, ha sabido dar respuesta pronta a las necesidades de Huixquilucan, en salud, estancias infantiles, remodelaci\u00f3n de jardines de ni\u00f1os, pavimentaci\u00f3n de calles, entre otros, y el trabajo que se ha hecho no tiene precedentes, es por eso que no podemos permitir que esto se destruya, que no tenga continuidad y que se pierda todo lo que se ha logrado\u201d, se\u00f1al\u00f3.<\/p>\n<p>Acompa\u00f1ada de los candidatos a diputados federal por el Distrito 18, Jos\u00e9 Antonio Garc\u00eda Garc\u00eda, y local por el Distrito 17, Diego Rosas Anaya, Romina Contreras asever\u00f3 que los logros que se han obtenido en Huixquilucan, en materia de seguridad, salud, educaci\u00f3n y de desarrollo social, son resultado de la voluntad pol\u00edtica que han tenido quienes lo han gobernado en los \u00faltimos seis a\u00f1os, la cual ella mantendr\u00e1 para que este municipio crezca y siga avanzando, de la mano de su gente.<\/p>\n<p>Al recorrer las calles y el tianguis sobre ruedas de esta comunidad de la zona tradicional, la candidata panista afirm\u00f3 que regresa a las comunidades con la frente en alto para pedir el voto, pues los objetivos que se dise\u00f1aron para cada uno de los gobiernos panistas anteriores, se han cumplido como se les prometi\u00f3 en el pasado, y muestra de ello, son cada una de las obras que se han hecho en cada una de las localidades de Huixquilucan, por lo que confi\u00f3 en que este municipio se pintar\u00e1 una vez m\u00e1s de azul.<\/p>\n<p>Posteriormente, Romina Contreras se traslad\u00f3 a la glorieta del fraccionamiento Bosque Real, en donde realiz\u00f3 una jornada de bandereo, donde decenas de automovilistas que circulaban por ah\u00ed, le mostraron su respaldo y apoyo<\/p>\n","protected":false},"excerpt":{"rendered":"<p>Durante una reuni\u00f3n con ejidatarios de San Crist\u00f3bal Texcalucan, la candidata del Partido Acci\u00f3n Nacional (PAN) a la presidencia municipal de Huixquilucan, Romina Contreras Carrasco, invit\u00f3 a la poblaci\u00f3n a salir a votar el pr\u00f3ximo 06 de junio para dar continuidad a un gobierno que trabaja \u201c24Siete\u201d y que est\u00e1 atento a las necesidades de los ciudadanos, con el fin de que contin\u00faen los resultados de manera responsable y sin comprometer el futuro de las siguientes generaciones.<\/p>\n","protected":false},"author":3,"featured_media":507358,"comment_status":"open","ping_status":"open","sticky":false,"template":"","format":"standard","meta":{"_monsterinsights_skip_tracking":false,"_monsterinsights_sitenote_active":false,"_monsterinsights_sitenote_note":"","_monsterinsights_sitenote_category":0,"footnotes":""},"categories":[5],"tags":[43675,1097,57674],"class_list":["post-507225","post","type-post","status-publish","format-standard","has-post-thumbnail","hentry","category-estado-de-mexico","tag-estado-de-mexico","tag-huixquilucan","tag-romina-contreras-carrasco"],"_links":{"self":[{"href":"https:\/\/www.diarioimagen.net\/index.php?rest_route=\/wp\/v2\/posts\/507225","targetHints":{"allow":["GET"]}}],"collection":[{"href":"https:\/\/www.diarioimagen.net\/index.php?rest_route=\/wp\/v2\/posts"}],"about":[{"href":"https:\/\/www.diarioimagen.net\/index.php?rest_route=\/wp\/v2\/types\/post"}],"author":[{"embeddable":true,"href":"https:\/\/www.diarioimagen.net\/index.php?rest_route=\/wp\/v2\/users\/3"}],"replies":[{"embeddable":true,"href":"https:\/\/www.diarioimagen.net\/index.php?rest_route=%2Fwp%2Fv2%2Fcomments&post=507225"}],"version-history":[{"count":0,"href":"https:\/\/www.diarioimagen.net\/index.php?rest_route=\/wp\/v2\/posts\/507225\/revisions"}],"wp:featuredmedia":[{"embeddable":true,"href":"https:\/\/www.diarioimagen.net\/index.php?rest_route=\/wp\/v2\/media\/507358"}],"wp:attachment":[{"href":"https:\/\/www.diarioimagen.net\/index.php?rest_route=%2Fwp%2Fv2%2Fmedia&parent=507225"}],"wp:term":[{"taxonomy":"category","embeddable":true,"href":"https:\/\/www.diarioimagen.net\/index.php?rest_route=%2Fwp%2Fv2%2Fcategories&post=507225"},{"taxonomy":"post_tag","embeddable":true,"href":"https:\/\/www.diarioimagen.net\/index.php?rest_route=%2Fwp%2Fv2%2Ftags&post=507225"}],"curies":[{"name":"wp","href":"https:\/\/api.w.org\/{rel}","templated":true}]}}