{"id":507257,"date":"2021-05-18T00:02:32","date_gmt":"2021-05-18T05:02:32","guid":{"rendered":"https:\/\/www.diarioimagen.net\/?p=507257"},"modified":"2021-05-18T03:18:37","modified_gmt":"2021-05-18T08:18:37","slug":"vencidas-de-amlo-y-sanchez-cordero-contra-el-congreso-de-tamaulipas","status":"publish","type":"post","link":"https:\/\/www.diarioimagen.net\/?p=507257","title":{"rendered":"Vencidas de AMLO y S\u00e1nchez Cordero contra el Congreso de Tamaulipas"},"content":{"rendered":"<h2>La Retaguardia<\/h2>\n<h5>Adriana Moreno Cordero<\/h5>\n<p>&nbsp;<\/p>\n<ul>\n<li><strong><em>\u201cLa Voz de Polanco\u201d, panismo recalcitrante<\/em><\/strong><\/li>\n<\/ul>\n<p>&nbsp;<\/p>\n<p>Ya se consignaba en este espacio que menudo coraje har\u00eda en su gustad\u00edsima ma\u00f1anera el presidente <strong>Andr\u00e9s Manuel L\u00f3pez Obrador<\/strong> ayer, por la situaci\u00f3n del gobernador de Tamaulipas, <strong>Francisco Garc\u00eda Cabeza de Vaca<\/strong>, a quien apoyan tanto el Congreso local -dominado por el PAN-, como la Alianza Federalista, gobernadores principalmente albicelestes que se salieron de la Conago; pero resulta que se dio una situaci\u00f3n digna de llamar la atenci\u00f3n y el inquilino de Palacio Nacional, a dos voces con su siempre eficiente secretaria de Gobernaci\u00f3n, <strong>Olga S\u00e1nchez Cordero<\/strong>, asegur\u00f3 que el mandatario tamaulipeco ya no tiene fuero, pero valdr\u00eda la pena preguntar si a estas alturas alguien le hace caso a la titular de la Segob.<\/p>\n<p>Lo anterior, al tiempo que tanto la dirigencia de Acci\u00f3n Nacional, que encabeza <strong>Marko Cort\u00e9s<\/strong>, sostiene que en tanto el Ejecutivo estatal siga en funciones, el fuero se mantiene y por ende, no se puede generar ninguna orden de aprehensi\u00f3n \u201cpor la solidez del mismo fueron que tiene asentado con el Congreso de Tamaulipas\u2019\u2019, indic\u00f3 el asesor jur\u00eddico del PAN, <strong>Raymundo Bola\u00f1os<\/strong>.<\/p>\n<p>Sin embargo, en lo que se resuelve este juego de vencidas entre distinguidos integrantes de la llamada Cuarta Transformaci\u00f3n y el Congreso tamaulipeco, otros motivos tiene el Presidente para estar muy molesto. Los dolores de cabeza que lo aquejan desde hace varios meses, tienen nombre y apellido <strong>Rodrigo de la Peza L\u00f3pez<\/strong> y <strong>Juan Pablo G\u00f3mez Fierro<\/strong>, dos jueces con una trayectoria limpia, que nunca se han dejado intimidar ni amedrentar por el inquilino de Palacio Nacional y que ayer suspendieron de manera indefinida y con efectos generales, los principales apartados de la reforma a la Ley de Hidrocarburos (LHI), aquella que tanto se obstina L\u00f3pez Obrador en imponer.<\/p>\n<p>Qui\u00e9n le dir\u00eda al tabasque\u00f1o, se meti\u00f3 a fondo en eso de polarizar, dividir, violar la ley electoral, agredir a todo aquel que se atreviera a contradecirlo y por lo visto, ya est\u00e1 empezando a pagar el precio de todos sus errores y dislates, o como dir\u00eda su pueblo \u201csabio y bueno\u201d, se le est\u00e1\u00a0 \u201cvolteando el chirri\u00f3n por el palito\u201d.<\/p>\n<p><strong>Municiones<\/strong><strong>\u00a0<\/strong><\/p>\n<p>*** Estar\u00eda ya confirmado lo que todo mundo sospechaba,\u00a0 que la autollamada organizaci\u00f3n pseudo vecinal \u201cLa Voz de Polanco\u201d, es en realidad un grupo dedicado\u00a0 a la gestor\u00eda y a los asuntos jur\u00eddicos.\u00a0Bajo la bandera del bien com\u00fan, esta organizaci\u00f3n se dedica en realidad a destrabar juicios, pedir favores y canonj\u00edas institucionales a dependencias federales y locales,\u00a0 las cuales vende, por cierto, nada barato, a los vecinos de Polanco que demandan sus servicios. \u201cLa Voz de Polanco\u201d naci\u00f3 hace muchos a\u00f1os con el panismo recalcitrante que gobern\u00f3 y subsiste en muchas zonas. ni m\u00e1s ni menos que de la alcald\u00eda Miguel Hidalgo.\u00a0 Ahora se entiende por qu\u00e9 el candidato a reelegirse en dicha circunscripci\u00f3n, <strong>V\u00edctor Romo<\/strong>, no quiso prestarse a la farsa del supuesto debate que organiz\u00f3 esa gestor\u00eda disfrazada de representaci\u00f3n vecinal.<\/p>\n<p>*** Al presentar su libro <em>Nulidades y procedimientos sancionadores en materia electoral<\/em>, en Puebla, el coordinador de Morena en el Senado de la Rep\u00fablica, <strong>Ricardo Monreal<\/strong>, hizo un llamado a la unidad de las fuerzas progresistas, pues consider\u00f3 que no pueden darse el lujo de dividirse ni de \u201chacerle el juego a la derecha\u201d, ya que, lejos de avanzar por el sendero del progreso, esto puede provocar un retroceso en las libertades fundamentales de la ciudadan\u00eda.\u00a0De una u otra manera, el llamado es oportuno, pues se da en la cuenta regresiva para las elecciones del ya muy pr\u00f3ximo 6 de junio. El senador zacatecano hizo hincapi\u00e9 en que la izquierda en M\u00e9xico se ha preparado para movilizarse y defender sus triunfos con manifestaciones, pero ya lleg\u00f3 la hora de que tambi\u00e9n pueda construir instituciones: \u201cvamos a intentar construir un mejor pa\u00eds, un mejor estado, un mejor municipio\u201d.\u00a0\u201cS\u00ed, sabemos tomar la calle, pero tambi\u00e9n sabemos construir instituciones; s\u00ed, sabemos protestar, pero tambi\u00e9n sabemos respetar la instituci\u00f3n\u201d. \u00bfSer\u00e1?<\/p>\n<p>*** Quien no piensa ceder a las presiones y amenazas del gobierno de la Ciudad de M\u00e9xico, que encabeza la flamante <strong>Claudia Sheinbaum,<\/strong> y ella s\u00ed llegar al fondo de esta negligencia ocurrida apenas hace dos semanas en la estaci\u00f3n Olivos de la L\u00ednea 12 del Metro, es <strong>Marisol Tapia<\/strong>, quien, como se recordar\u00e1, perdi\u00f3 a su hijo <strong>Brandon Giovanni<\/strong> de apenas 12 a\u00f1os de edad, en un expediente en el que hay much\u00edsimas irregularidades, una de ellas, le reportaron en el acta de defunci\u00f3n la muerte de Brandon, 20 minutos antes de la tragedia. Por eso, ayer present\u00f3 ante la Contralor\u00eda de la CDMX, denuncias en contra de <strong>Marcelo Ebrard<\/strong>, ex Jefe de Gobierno del entonces DF; la propia se\u00f1ora Sheinbaum y de alguien que se encuentra desaparecida y pese a ello, se aferra con todo a su puesto, <strong>Florencia Serran\u00eda<\/strong>, directora del Sistema de Transporte Colectivo (STC) Metro, la negligente mayor, a la que todos se\u00f1alan por su negligencia e irresponsabilidad, por eso, la demanda de que por verg\u00fcenza deber\u00eda de renunciar, es general. Si Sheinbaum Pardo la sigue apoyando, la jefa del gobierno de la CDMX, seguir\u00e1 cayendo en picada. Por lo dem\u00e1s, el apoyo a Marisol Tapia debe ser de parte de todos los capitalinos.<\/p>\n<p>*** \u201cHubiera cuidado a la poblaci\u00f3n desde el principio\u201d, respondi\u00f3 la nueva Miss Universo, <strong>Andrea Meza<\/strong>, en la recta final del certamen, cuando le preguntaron sobre la influencia de la pandemia en nuestro pa\u00eds. Dicha contestaci\u00f3n cay\u00f3 bien en general, pero sin duda, alguien que vive en Palacio Nacional debi\u00f3 de haber tomado nota de lo que no hizo cuando \u00f1a Covid-19 lleg\u00f3 a nuestro pa\u00eds. Como se recordar\u00e1, lo primero que dijo L\u00f3pez Obrador de cara a la pandemia, fue que \u00e9sta le hab\u00eda venido \u201ccomo anillo al dedo\u201d. Parece incre\u00edble que todav\u00eda a estas alturas le tengan que enmendar la plana al tabasque\u00f1o.<\/p>\n<p>*** Si se tratara de resumir las muchas deficiencias que ha tenido la actual administraci\u00f3n, el senador panista <strong>Gustavo Enrique Madero<\/strong>, lo hizo muy bien,\u201cse han concentrado en atender los caprichos y las ocurrencias del Presidente con medidas ineficaces, est\u00e1n quemando mucha p\u00f3lvora en infiernillos; sin atender los problemas de la gente sino la ideolog\u00eda de un gobernante\u201d. Recalc\u00f3 que el debilitamiento de las instituciones es un asalto a la autonom\u00eda y a la democracia mexicana, lo que ha llevado a los nombramientos a modo de personas que carecen de experiencia o tienen un evidente conflicto de inter\u00e9s con el partido que tienen mayor\u00eda en ambas C\u00e1maras.<\/p>\n<p><u><a href=\"mailto:morcora@gmail.com\" target=\"_blank\" rel=\"noopener noreferrer\"><em>morcora@gmail.com<\/em><\/a><\/u><\/p>\n","protected":false},"excerpt":{"rendered":"<p><span style=\"color: #005497;\"><strong>Adriana Moreno Cordero<\/strong><\/span><\/p>\n","protected":false},"author":3,"featured_media":0,"comment_status":"open","ping_status":"open","sticky":false,"template":"","format":"standard","meta":{"_monsterinsights_skip_tracking":false,"_monsterinsights_sitenote_active":false,"_monsterinsights_sitenote_note":"","_monsterinsights_sitenote_category":0,"footnotes":""},"categories":[69370],"tags":[69369,69368,43674],"class_list":["post-507257","post","type-post","status-publish","format-standard","hentry","category-adriana-moreno-cordero","tag-adriana-moreno-cordero","tag-la-retaguardia","tag-opinion"],"_links":{"self":[{"href":"https:\/\/www.diarioimagen.net\/index.php?rest_route=\/wp\/v2\/posts\/507257","targetHints":{"allow":["GET"]}}],"collection":[{"href":"https:\/\/www.diarioimagen.net\/index.php?rest_route=\/wp\/v2\/posts"}],"about":[{"href":"https:\/\/www.diarioimagen.net\/index.php?rest_route=\/wp\/v2\/types\/post"}],"author":[{"embeddable":true,"href":"https:\/\/www.diarioimagen.net\/index.php?rest_route=\/wp\/v2\/users\/3"}],"replies":[{"embeddable":true,"href":"https:\/\/www.diarioimagen.net\/index.php?rest_route=%2Fwp%2Fv2%2Fcomments&post=507257"}],"version-history":[{"count":0,"href":"https:\/\/www.diarioimagen.net\/index.php?rest_route=\/wp\/v2\/posts\/507257\/revisions"}],"wp:attachment":[{"href":"https:\/\/www.diarioimagen.net\/index.php?rest_route=%2Fwp%2Fv2%2Fmedia&parent=507257"}],"wp:term":[{"taxonomy":"category","embeddable":true,"href":"https:\/\/www.diarioimagen.net\/index.php?rest_route=%2Fwp%2Fv2%2Fcategories&post=507257"},{"taxonomy":"post_tag","embeddable":true,"href":"https:\/\/www.diarioimagen.net\/index.php?rest_route=%2Fwp%2Fv2%2Ftags&post=507257"}],"curies":[{"name":"wp","href":"https:\/\/api.w.org\/{rel}","templated":true}]}}