{"id":507552,"date":"2021-05-20T00:33:37","date_gmt":"2021-05-20T05:33:37","guid":{"rendered":"https:\/\/www.diarioimagen.net\/?p=507552"},"modified":"2021-05-21T05:22:22","modified_gmt":"2021-05-21T10:22:22","slug":"oficial-el-regreso-a-clases-presenciales-en-la-cdmx-el-7-de-junio","status":"publish","type":"post","link":"https:\/\/www.diarioimagen.net\/?p=507552","title":{"rendered":"Oficial: el regreso a clases presenciales en la CDMX, el 7 de junio"},"content":{"rendered":"<p>&nbsp;<\/p>\n<h3 style=\"text-align: center;\">Ser\u00e1 de manera voluntaria y escalonada, precisa la SEP<\/h3>\n<p>&nbsp;<\/p>\n<ul>\n<li><strong><em>Al primer contagio de Covid-19 se cierra la escuela, advirtieron autoridades<\/em><\/strong><\/li>\n<\/ul>\n<p>&nbsp;<\/p>\n<div id=\"attachment_507605\" style=\"width: 470px\" class=\"wp-caption aligncenter\"><a href=\"https:\/\/www.diarioimagen.net\/?attachment_id=507605\" rel=\"attachment wp-att-507605\"><img loading=\"lazy\" decoding=\"async\" aria-describedby=\"caption-attachment-507605\" class=\"size-full wp-image-507605\" src=\"https:\/\/www.diarioimagen.net\/wp-content\/uploads\/2021\/05\/REGRESO-A-ESCUELAS.jpg\" alt=\"\" width=\"460\" height=\"270\" \/><\/a><p id=\"caption-attachment-507605\" class=\"wp-caption-text\">Los alumnos regresar\u00e1n, de manera voluntaria y escalonada, a las escuelas y seg\u00fan la capacidad de las aulas, se determinar\u00e1 cu\u00e1ntos estudiantes podr\u00e1n asistir por d\u00eda.<\/p><\/div>\n<p>&nbsp;<\/p>\n<p>El pr\u00f3ximo 7 de junio ser\u00e1 el regreso escalonado a clases presenciales en la Ciudad de M\u00e9xico, en los planteles que as\u00ed lo decidan, confirm\u00f3 Luis Humberto Fern\u00e1ndez Fuentes, Autoridad Educativa Federal en la capital, durante la conferencia de prensa de la jefa de Gobierno, Claudia Sheinbaum, quien prev\u00e9 que para esa fecha ya se estar\u00eda en sem\u00e1foro verde.<\/p>\n<p>El funcionario federal asegur\u00f3 que el objetivo es que antes de concluir el ciclo escolar, se reactiven las escuelas de forma presencial con todas las medidas sanitarias. Por ello, todo el personal educativo estar\u00e1 vacunado y con su tiempo de reposo de vacuna.<\/p>\n<p>Fern\u00e1ndez Fuentes indic\u00f3 que el regreso ser\u00e1 ordenado, escalonado, seguro y con di\u00e1logo con todos los sectores, pero lo que se busca es reencontrar a la comunidad, iniciar un proceso de resiliencia, fortalecer lazos afectivos, reforzar los conocimientos, mitigar efectos socio emocionales, disminuir la deserci\u00f3n escolar, as\u00ed como para la regularizaci\u00f3n y apoyo pedag\u00f3gico.<\/p>\n<p>Anunci\u00f3 que deber\u00e1 de haber tres filtros, para verificar que los menores no est\u00e9n contagiados, primero el filtro en casa, otro a la entrada de la escuela y uno en el sal\u00f3n.<\/p>\n<p>Asimismo, se contar\u00e1 con nueve intervenciones en las escuelas, desde la activaci\u00f3n de Comit\u00e9s Participativos de Salud Escolar e implementaci\u00f3n de los tres filtros de corresponsabilidad; acceso de jab\u00f3n y agua en las escuelas para prevenir contagios; la vacunaci\u00f3n del personal educativo; uso obligatorio de cubrebocas o pa\u00f1uelos; sana distancia, asistencia alternada; maximizar el uso de espacios abiertos; suspensi\u00f3n de cualquier tipo de ceremonias y reuniones; apoyo socio emocional para estudiantes y docentes.<\/p>\n<p>Se\u00f1al\u00f3 que se establecer\u00e1 la detecci\u00f3n temprana, y expuso que con un contagio se cerrar\u00e1 la escuela por 15 d\u00edas y los estudiantes continuar\u00e1n con clases a distancia.<\/p>\n<p>La mec\u00e1nica para el regreso presencial, explic\u00f3, es que los estudiantes regresar\u00e1n de manera voluntaria y escalonada, las escuelas seg\u00fan la capacidad de las aulas se determinar\u00e1 cu\u00e1ntos estudiantes podr\u00e1n asistir por d\u00eda manteniendo una distancia m\u00ednima de 1.5 metros.<\/p>\n<p>El regreso ser\u00e1 con la asistencia de un grupo los lunes y mi\u00e9rcoles, otro grupo, los martes y jueves, y otro grupo, el que necesita mayor reforzamiento podr\u00e1 acudir los viernes.<\/p>\n<p style=\"text-align: center;\"><strong>Regreso voluntario y de forma escalonada: Sheinbaum<\/strong><\/p>\n<p>Por su parte, la jefa de Gobierno, Claudia Sheinbaum, aclar\u00f3 que el regreso a clases presenciales es voluntario y de forma paulatina, adem\u00e1s de que asegur\u00f3 que se garantizar\u00e1n los insumos para mantener las medidas de salud como el gel antibacterial y term\u00f3metros.<\/p>\n<p>\u00abEstamos haciendo estos insumos en la f\u00e1brica de gel antibacterial que hay en la Central de Abasto y hay un acuerdo con una empresa de term\u00f3metros\u00bb, dijo la mandataria capitalina.<\/p>\n<p>Asimismo, dijo que se tiene previsto que la Ciudad de M\u00e9xico avance al sem\u00e1foro verde previo al regreso presencial a clases, debido a que las hospitalizaciones contin\u00faan a la baja.<\/p>\n<p>Adem\u00e1s de que para ese entonces, tambi\u00e9n se estima que casi el 50 por ciento de la poblaci\u00f3n en la capital del pa\u00eds est\u00e9 vacunada contra el coronavirus.<\/p>\n<p>\u00abEs muy probable que lleguemos al sem\u00e1foro verde, seguimos con las hospitalizaciones al baja. Todo indica que estaremos en verde para ese entonces\u00bb, afirm\u00f3.<\/p>\n","protected":false},"excerpt":{"rendered":"<p>El pr\u00f3ximo 7 de junio ser\u00e1 el regreso escalonado a clases presenciales en la Ciudad de M\u00e9xico, en los planteles que as\u00ed lo decidan, confirm\u00f3 Luis Humberto Fern\u00e1ndez Fuentes, Autoridad Educativa Federal en la capital, durante la conferencia de prensa de la jefa de Gobierno, Claudia Sheinbaum, quien prev\u00e9 que para esa fecha ya se estar\u00eda en sem\u00e1foro verde.<\/p>\n","protected":false},"author":3,"featured_media":507605,"comment_status":"open","ping_status":"open","sticky":false,"template":"","format":"standard","meta":{"_monsterinsights_skip_tracking":false,"_monsterinsights_sitenote_active":false,"_monsterinsights_sitenote_note":"","_monsterinsights_sitenote_category":0,"footnotes":""},"categories":[6],"tags":[34444,204,92991,43692],"class_list":["post-507552","post","type-post","status-publish","format-standard","has-post-thumbnail","hentry","category-cd-de-mexico","tag-cdmx","tag-ciudad-de-mexico","tag-claes-presenciales","tag-salud"],"_links":{"self":[{"href":"https:\/\/www.diarioimagen.net\/index.php?rest_route=\/wp\/v2\/posts\/507552","targetHints":{"allow":["GET"]}}],"collection":[{"href":"https:\/\/www.diarioimagen.net\/index.php?rest_route=\/wp\/v2\/posts"}],"about":[{"href":"https:\/\/www.diarioimagen.net\/index.php?rest_route=\/wp\/v2\/types\/post"}],"author":[{"embeddable":true,"href":"https:\/\/www.diarioimagen.net\/index.php?rest_route=\/wp\/v2\/users\/3"}],"replies":[{"embeddable":true,"href":"https:\/\/www.diarioimagen.net\/index.php?rest_route=%2Fwp%2Fv2%2Fcomments&post=507552"}],"version-history":[{"count":0,"href":"https:\/\/www.diarioimagen.net\/index.php?rest_route=\/wp\/v2\/posts\/507552\/revisions"}],"wp:featuredmedia":[{"embeddable":true,"href":"https:\/\/www.diarioimagen.net\/index.php?rest_route=\/wp\/v2\/media\/507605"}],"wp:attachment":[{"href":"https:\/\/www.diarioimagen.net\/index.php?rest_route=%2Fwp%2Fv2%2Fmedia&parent=507552"}],"wp:term":[{"taxonomy":"category","embeddable":true,"href":"https:\/\/www.diarioimagen.net\/index.php?rest_route=%2Fwp%2Fv2%2Fcategories&post=507552"},{"taxonomy":"post_tag","embeddable":true,"href":"https:\/\/www.diarioimagen.net\/index.php?rest_route=%2Fwp%2Fv2%2Ftags&post=507552"}],"curies":[{"name":"wp","href":"https:\/\/api.w.org\/{rel}","templated":true}]}}