{"id":507586,"date":"2021-05-20T00:02:31","date_gmt":"2021-05-20T05:02:31","guid":{"rendered":"https:\/\/www.diarioimagen.net\/?p=507586"},"modified":"2021-05-20T04:31:16","modified_gmt":"2021-05-20T09:31:16","slug":"sesion-de-la-permanente-un-ring","status":"publish","type":"post","link":"https:\/\/www.diarioimagen.net\/?p=507586","title":{"rendered":"Sesi\u00f3n de la Permanente, un ring"},"content":{"rendered":"<h2>La Retaguardia<\/h2>\n<h5>Adriana Moreno Cordero<\/h5>\n<p>&nbsp;<\/p>\n<ul>\n<li><strong><em>Enfrentamiento entre Fern\u00e1ndez Noro\u00f1a y la senadora X\u00f3chitl G\u00e1lvez<\/em><\/strong><\/li>\n<\/ul>\n<p>&nbsp;<\/p>\n<p>La sesi\u00f3n de la Comisi\u00f3n Permanente, que tuvo lugar ayer en el Senado de la Rep\u00fablica, se volvi\u00f3 un intercambio de dimes y diretes ocasionado por el beligerante diputado del PT, <strong>Gerardo Fern\u00e1ndez Noro\u00f1a<\/strong>, esta vez con la senadora ahora perredista, <strong>X\u00f3chitl G\u00e1lvez<\/strong>.<\/p>\n<p>Es bien sabido, no s\u00f3lo en el mundillo pol\u00edtico, que Fern\u00e1ndez Noro\u00f1a, siempre busca el protagonismo. Se ha enfrascado en pleitos vulgares pr\u00e1cticamente con todos los legisladores. Por ejemplo, hay que recordar el que tuvo con <strong>Porfirio Mu\u00f1oz Ledo<\/strong>, cuando \u00e9ste era presidente de la Mesa Directiva en la C\u00e1mara de Diputados.<\/p>\n<p>Antes, en el 2011, este controvertido legislador se confront\u00f3 con la entonces diputada del PAN, <strong>Augusta D\u00edaz de Rivera<\/strong> y a modo de disculpa y ante los se\u00f1alamientos de mis\u00f3gino y porro que se gan\u00f3, le llev\u00f3 flores, pero no se las pudo entregar, de plano se las regresaron.<\/p>\n<p>Varios a\u00f1os despu\u00e9s, en el 2020, <strong>Martha Ang\u00e9lica Ojeda<\/strong>, empleada y ex pareja de Fern\u00e1ndez Noro\u00f1a, interpuso una denuncia en contra del petista, acus\u00e1ndolo de \u201csimulador, violento, mentiroso y vulgar ambicioso\u201d y se fue m\u00e1s all\u00e1 al se\u00f1alarlo por presunto tr\u00e1fico de influencias, corrupci\u00f3n y evasi\u00f3n fiscal.<\/p>\n<p>En aquella \u00e9poca y ya con la pandemia de Covid-19 encima, Fern\u00e1ndez Noro\u00f1a buscaba quitar al diputado Mu\u00f1oz Ledo de la presidencia de la Mesa Directiva de la C\u00e1mara baja, para ponerse \u00e9l pero al final, afortunadamente, no lo consigui\u00f3.<\/p>\n<p>Y precisamente hablando de la pandemia que nos exige seguirnos cuidando, ayer en la Permanente, el diputado Gerardo Fern\u00e1ndez asisti\u00f3 a la sesi\u00f3n sin cubrebocas, implemento que se ha negado a usar porque, -seg\u00fan \u00e9l- violan su libertad, igualito que su jefe, el presidente <strong>Andr\u00e9s Manuel L\u00f3pez Obrador<\/strong>. Este par, son hombres que piensan que el uso del cubrebocas les resta autoridad o los hace ver d\u00e9biles; de paso, el legislador del PT aprovecha imitar la conducta de su jefe, para promocionarse para el 2024, pero por lo que se ve, ni en su propio partido ni en Morena, lo dejar\u00e1n llegar a candidatearse; le quitar\u00e1n las aspiraciones.<\/p>\n<p>De vuelta en la sesi\u00f3n de la Permanente, la senadora X\u00f3chitl G\u00e1lvez, dijo: \u201cYo la verdad, lamento much\u00edsimo que un diputado aqu\u00ed no se ponga el cubrebocas, porque hay un reglamento\u201d; Fern\u00e1ndez Noro\u00f1a intent\u00f3 espetar y agredir verbalmente, pero la ahora legisladora perredista reclam\u00f3: \u201cA ver, que (Gerardo Fern\u00e1ndez) se ponga el cubrebocas, porque por eso tenemos 250 mil personas fallecidas, por la irresponsabilidad de personas como usted que no se ponen el cubrebocas. Y deje de gritar y de ladrar, por favor. Ya s\u00e9 que est\u00e1 usted acostumbrado a hacerlo, pero respete.<\/p>\n<p>El presidente de la Mesa Directiva, <strong>Eduardo Ram\u00edrez<\/strong>, intent\u00f3 controlar el \u00e1spero intercambio, pero Fern\u00e1ndez Noro\u00f1a no entiende y la senadora G\u00e1lvez reclam\u00f3 nuevamente: \u201cSolo p\u00f3ngase el cubrebocas, por favor, porque estamos aqu\u00ed personas en sesi\u00f3n. Ese es el gran problema que tiene M\u00e9xico, la ineptitud y la corrupci\u00f3n. Afortunadamente, el diputado petista no consigui\u00f3 su tan ansiado protagonismo.<\/p>\n<p>En otro tema, sobre la encuesta que se public\u00f3 en este espacio y este medio, de la que se puede desprender que para la presidencia municipal de Naucalpan, el candidato de Movimiento Ciudadano, <strong>Jos\u00e9 Adolfo Murat Mac\u00edas<\/strong>, parece que seguir\u00e1 aquella m\u00e1xima de \u201ccaballo que alcanza, gana\u201d y tendr\u00eda amplias posibilidades incluso, de ganar, bien vale la pena detenerse en el m\u00e9todo que sigui\u00f3 <strong>DPM always consulting Tracking Naucalpan<\/strong>.<\/p>\n<p>Esta se aplic\u00f3 casa por casa, v\u00eda selecci\u00f3n aleatoria, en la ciudadan\u00eda de 18 a\u00f1os y m\u00e1s que viven en Naucalpan y cuentan con credencial para votar y el tama\u00f1o de la muestra fue de mil entrevistas completas, utilizando como marco de muestreo, el listado de secciones electorales del municipio naucalpense.<\/p>\n<p>Asimismo, el dise\u00f1o de muestra garantiza que en al menos 95 de cada 100 veces, el error no sobrepasa el m\u00e1s menos 3.1 por ciento para las estimaciones generales a nivel municipal.<\/p>\n<p style=\"text-align: center;\"><strong>Municiones<\/strong><\/p>\n<p>*** Horas dram\u00e1ticas. Mientras el coordinador de la fracci\u00f3n de Morena en la C\u00e1mara de Alta, <strong>Ricardo Monreal<\/strong> anunci\u00f3 que la Fiscal\u00eda ya ten\u00eda orden de aprehensi\u00f3n en contra del gobernador de Tamaulipas, <strong>Francisco Javier Garc\u00eda Cabeza de Vaca<\/strong> y que el titular de la Unidad de Inteligencia Financiera, Santiago Nieto, anunciara que el delito era presuntas operaciones con recursos de procedencia il\u00edcita, el mandatario estatal desapareci\u00f3. Por la ma\u00f1ana, Garc\u00eda Cabeza de Vaca estuvo almorzando en un restaurante famoso de Ciudad Victoria junto a su fiscal, <strong>Irving Barrios<\/strong>, e incluso se tom\u00f3 fotograf\u00edas tanto con los comensales, como con miembros de un Mariachi que animan el lugar.<\/p>\n<p>&nbsp;<\/p>\n<p>*** La candidata al Distrito Federal 2 de Redes Sociales Progresistas (RSP), <strong>Gloria Luz S\u00e1nchez Mej\u00eda<\/strong> renunci\u00f3 a esa organizaci\u00f3n pol\u00edtica para sumarse al PRD que en la CDMX encabeza la presidenta <strong>Nora Arias Contreras<\/strong>. \u201cCon S\u00e1nchez Mej\u00eda, se incorpora al partido del Sol Azteca, un grupo de liderazgos que coinciden con los principios y valores siempre en la b\u00fasqueda del bien com\u00fan, en la defensa de los derechos de todos los sectores\u201d, expres\u00f3 Arias Contreras, quien agreg\u00f3 que \u201cEl PRD es un partido abierto a toda la ciudadan\u00eda, cuyos principios y valores est\u00e1n encaminados a construir un proyecto para todas y todos, m\u00e1s all\u00e1 de posturas irreconciliables; hoy la ciudad necesita a todos\u201d. Por su parte, la candidata del PRD, PAN y PRI a la alcald\u00eda de Gustavo A. Madero, <strong>Carmen Pacheco<\/strong> dijo que con este tipo de decisiones se fortalece el partido del Sol Azteca rumbo a las elecciones del pr\u00f3ximo 6 de junio.<\/p>\n<p>*** Como el magistrado presidente del Tribunal Electoral de la Federaci\u00f3n, <strong>Jos\u00e9 Luis Vargas<\/strong>, no le ha podido demostrar a su jefe, \u00a1perd\u00f3n!, al se\u00f1or presidente L\u00f3pez Obrador que tiene el control del TEPJF, ah\u00ed est\u00e1 que le fueron retiradas las candidaturas al impresentable <strong>F\u00e9lix Salgado Macedonio<\/strong> y al michoacano <strong>Ra\u00fal Mor\u00f3n<\/strong>, ahora, de plano, \u201cse avent\u00f3 hasta la cocina\u201d y propuso al pleno de dicho Tribunal, dar a conocer los votos sobre los proyectos de sentencia antes de las sesiones p\u00fablicas. Afortunadamente, cinco de los siete magistrados se opusieron a la voz de que \u201cNo es atendible la solicitud que nos ha sido enviada, porque no cuenta con un sustento legal, anula por completo la posibilidad del debate y la deliberaci\u00f3n de los asuntos que se presentan y con ello llegar a la resoluci\u00f3n de las controversias conforme a los principios que nos rigen como juzgadora y juzgadoras\u201d. Quienes atajaron al magistrado Vargas, fueron los magistrados <strong>Reyes Rodr\u00edguez, Felipe de la Mata, Janine Ot\u00e1lora, Felipe Fuentes<\/strong> e <strong>Indalfer Infante<\/strong>, quienes nunca se han supeditado a la voluntad de Vargas y su jefe. Pues \u00bfen qu\u00e9 estar\u00eda pensando el tambi\u00e9n llamado \u201cmagistrado billetes\u201d?, \u00bfhabr\u00e1 sido orden del inquilino de Palacio Nacional? Seguramente.<\/p>\n<p><u><a href=\"mailto:morcora@gmail.com\" target=\"_blank\" rel=\"noopener noreferrer\"><em>morcora@gmail.com<\/em><\/a><\/u><\/p>\n","protected":false},"excerpt":{"rendered":"<p><span style=\"color: #005497;\"><strong>Adriana Moreno Cordero<\/strong><\/span><\/p>\n","protected":false},"author":3,"featured_media":0,"comment_status":"open","ping_status":"open","sticky":false,"template":"","format":"standard","meta":{"_monsterinsights_skip_tracking":false,"_monsterinsights_sitenote_active":false,"_monsterinsights_sitenote_note":"","_monsterinsights_sitenote_category":0,"footnotes":""},"categories":[69370],"tags":[69369,69368,43674],"class_list":["post-507586","post","type-post","status-publish","format-standard","hentry","category-adriana-moreno-cordero","tag-adriana-moreno-cordero","tag-la-retaguardia","tag-opinion"],"_links":{"self":[{"href":"https:\/\/www.diarioimagen.net\/index.php?rest_route=\/wp\/v2\/posts\/507586","targetHints":{"allow":["GET"]}}],"collection":[{"href":"https:\/\/www.diarioimagen.net\/index.php?rest_route=\/wp\/v2\/posts"}],"about":[{"href":"https:\/\/www.diarioimagen.net\/index.php?rest_route=\/wp\/v2\/types\/post"}],"author":[{"embeddable":true,"href":"https:\/\/www.diarioimagen.net\/index.php?rest_route=\/wp\/v2\/users\/3"}],"replies":[{"embeddable":true,"href":"https:\/\/www.diarioimagen.net\/index.php?rest_route=%2Fwp%2Fv2%2Fcomments&post=507586"}],"version-history":[{"count":0,"href":"https:\/\/www.diarioimagen.net\/index.php?rest_route=\/wp\/v2\/posts\/507586\/revisions"}],"wp:attachment":[{"href":"https:\/\/www.diarioimagen.net\/index.php?rest_route=%2Fwp%2Fv2%2Fmedia&parent=507586"}],"wp:term":[{"taxonomy":"category","embeddable":true,"href":"https:\/\/www.diarioimagen.net\/index.php?rest_route=%2Fwp%2Fv2%2Fcategories&post=507586"},{"taxonomy":"post_tag","embeddable":true,"href":"https:\/\/www.diarioimagen.net\/index.php?rest_route=%2Fwp%2Fv2%2Ftags&post=507586"}],"curies":[{"name":"wp","href":"https:\/\/api.w.org\/{rel}","templated":true}]}}