{"id":507597,"date":"2021-05-20T00:03:52","date_gmt":"2021-05-20T05:03:52","guid":{"rendered":"https:\/\/www.diarioimagen.net\/?p=507597"},"modified":"2021-05-20T04:44:23","modified_gmt":"2021-05-20T09:44:23","slug":"los-naturales-en-el-olvido","status":"publish","type":"post","link":"https:\/\/www.diarioimagen.net\/?p=507597","title":{"rendered":"Los naturales, en el olvido\u00a0"},"content":{"rendered":"<h2>Centro..!<\/h2>\n<h5>Arturo R\u00edos Ruiz<\/h5>\n<p>&nbsp;<\/p>\n<ul>\n<li><strong><em>Har\u00e1n protesta contundente<\/em><\/strong><\/li>\n<li><strong><em>Del \u00c1ngel a Palacio Nacional<\/em><\/strong><\/li>\n<\/ul>\n<p>&nbsp;<\/p>\n<p>En este a\u00f1o electoral, las aspiraciones de los pueblos ind\u00edgenas nuevamente quedar\u00e1n en espera por la pandemia de Covid-19, que en 2020 y en lo que va de 2021 ha azotado a nuestro pa\u00eds y al mundo entero. Los ind\u00edgenas, los m\u00e1s afectados<\/p>\n<p>En pleno proceso electoral, donde los partidos pol\u00edticos siguen con un excesivo financiamiento para sus gastos anuales que, seg\u00fan el <em>Diario Oficial de la Federaci\u00f3n<\/em> con fecha del 3 de diciembre de 2020, recibir\u00e1n poco m\u00e1s de cinco mil millones de pesos.<\/p>\n<p>En este a\u00f1o, para los gastos de las campa\u00f1as cuentan con la cantidad de m\u00e1s de mil quinientos millones de pesos, lo que hace un gran total de casi 7 mil millones de pesos.<\/p>\n<p>Estos recursos contrastan con lo otorgado al Instituto Nacional de los Pueblos Ind\u00edgenas que recibi\u00f3 alrededor de 3.5 mil millones de pesos, es decir menos que los partidos pol\u00edticos para m\u00e1s de 25 millones de poblaci\u00f3n ind\u00edgena y afromexicana de nuestro pa\u00eds.<\/p>\n<p>En la Ciudad de M\u00e9xico se destinar\u00e1n a los partidos pol\u00edticos para el proceso electoral del 6 de junio poco m\u00e1s de 556 millones de pesos, mientras que para la Secretar\u00eda de Pueblos y Barrios Originarios y Comunidades Ind\u00edgenas Residentes s\u00f3lo se destinaron poco m\u00e1s de 120 millones de pesos.<\/p>\n<p>Se trata de una poblaci\u00f3n 825 mil 348 personas con residencia en la Ciudad de M\u00e9xico, dato del Inegi 2020, representando apenas 145 pesos por ind\u00edgena residente. Una bicoca para subsistir. \u201cPrimero los pobres\u201d.<\/p>\n<p>Por lo anterior, ma\u00f1ana 21 del mes en curso, en que se conmemora el D\u00eda Internacional de la Diversidad Cultural, por la UNESCO, aprobado por la Asamblea General de las Naciones Unidas en 2002, a pesar de la pandemia saldr\u00e1n a las calles con las medidas sanitarias pertinentes para exigir sus derechos a la vivienda, a la salud, al trabajo y a la alimentaci\u00f3n.<\/p>\n<p>La marcha saldr\u00e1 del \u00c1ngel de la Independencia a las 10:00 horas hacia el Z\u00f3calo para exponer frente a Palacio Nacional, donde demandar\u00e1n una audiencia con el Presidente de la Rep\u00fablica y los titulares de Sedatu, Cultura, Salud, Econom\u00eda, Inpi, Bienestar, entre otras.<\/p>\n<p>Exigir\u00e1n la firma de un Acuerdo Marco entre el gobierno de la Ciudad de M\u00e9xico y el gobierno federal en beneficio de las comunidades ind\u00edgenas residentes.<\/p>\n<p>La construcci\u00f3n de un mecanismo por el gobierno federal para aterrizar los recursos del Presupuesto de Egresos de la Federaci\u00f3n 2021 que asciende a m\u00e1s de 111 mil millones de pesos y otras exigencias.<\/p>\n<p>La asignaci\u00f3n anual de un presupuesto ind\u00edgena etiquetado entre las distintas dependencias del gobierno de la Ciudad de M\u00e9xico que atienden a las comunidades ind\u00edgenas residentes.<\/p>\n<p><em><a href=\"mailto:rrrart2000@hotmail.com\" target=\"_blank\" rel=\"noopener noreferrer\">rrrart2000@hotmail.com<\/a><\/em><\/p>\n","protected":false},"excerpt":{"rendered":"<p><span style=\"color: #005497;\"><strong>Arturo R\u00edos Ruiz<\/strong><\/span><\/p>\n","protected":false},"author":3,"featured_media":0,"comment_status":"open","ping_status":"open","sticky":false,"template":"","format":"standard","meta":{"_monsterinsights_skip_tracking":false,"_monsterinsights_sitenote_active":false,"_monsterinsights_sitenote_note":"","_monsterinsights_sitenote_category":0,"footnotes":""},"categories":[82265],"tags":[82266,10806,43674],"class_list":["post-507597","post","type-post","status-publish","format-standard","hentry","category-arturo-rios-ruiz","tag-arturo-rios-ruiz","tag-centro","tag-opinion"],"_links":{"self":[{"href":"https:\/\/www.diarioimagen.net\/index.php?rest_route=\/wp\/v2\/posts\/507597","targetHints":{"allow":["GET"]}}],"collection":[{"href":"https:\/\/www.diarioimagen.net\/index.php?rest_route=\/wp\/v2\/posts"}],"about":[{"href":"https:\/\/www.diarioimagen.net\/index.php?rest_route=\/wp\/v2\/types\/post"}],"author":[{"embeddable":true,"href":"https:\/\/www.diarioimagen.net\/index.php?rest_route=\/wp\/v2\/users\/3"}],"replies":[{"embeddable":true,"href":"https:\/\/www.diarioimagen.net\/index.php?rest_route=%2Fwp%2Fv2%2Fcomments&post=507597"}],"version-history":[{"count":0,"href":"https:\/\/www.diarioimagen.net\/index.php?rest_route=\/wp\/v2\/posts\/507597\/revisions"}],"wp:attachment":[{"href":"https:\/\/www.diarioimagen.net\/index.php?rest_route=%2Fwp%2Fv2%2Fmedia&parent=507597"}],"wp:term":[{"taxonomy":"category","embeddable":true,"href":"https:\/\/www.diarioimagen.net\/index.php?rest_route=%2Fwp%2Fv2%2Fcategories&post=507597"},{"taxonomy":"post_tag","embeddable":true,"href":"https:\/\/www.diarioimagen.net\/index.php?rest_route=%2Fwp%2Fv2%2Ftags&post=507597"}],"curies":[{"name":"wp","href":"https:\/\/api.w.org\/{rel}","templated":true}]}}