{"id":507598,"date":"2021-05-20T00:04:54","date_gmt":"2021-05-20T05:04:54","guid":{"rendered":"https:\/\/www.diarioimagen.net\/?p=507598"},"modified":"2021-05-20T04:46:53","modified_gmt":"2021-05-20T09:46:53","slug":"campanas-electorales-huecas","status":"publish","type":"post","link":"https:\/\/www.diarioimagen.net\/?p=507598","title":{"rendered":"Campa\u00f1as electorales huecas"},"content":{"rendered":"<h2>Punto por punto<\/h2>\n<h5>Augusto Corro<\/h5>\n<p>&nbsp;<\/p>\n<p>Deslucidas y huecas, las campa\u00f1as pol\u00edticas se acercan a la recta final. Los candidatos y sus partidos pol\u00edticos poco o nada ofrecen para ganar votos. En total, se elegir\u00e1n 21 mil cargos de representaci\u00f3n popular. El d\u00eda de las elecciones ser\u00e1 el pr\u00f3ximo 6 de junio.<\/p>\n<p>Se encuentran en juego 500 diputaciones federales y mil sesenta y tres locales; 15 gubernaturas; mil 926 presidencias municipales; dos mil 122 sindicaturas; quince mil 131 regidur\u00edas; 132 juntas municipales; 229 presidencias de comunidad y 204 concejal\u00edas.<\/p>\n<p>Podr\u00e1n ejercer su derecho al voto 94.9 millones de ciudadanos. Participar\u00e1n en la contienda electoral ocho organizaciones pol\u00edticas: PAN, PRI, PRD, PVEM, PT, MC, Morena y PES; setenta partidos pol\u00edticos locales y un n\u00famero indeterminado de candidatos independientes.<\/p>\n<p>Cabe se\u00f1alar que legisladores y funcionarios municipales buscar\u00e1n la reelecci\u00f3n. Quiz\u00e1s por la cantidad de participantes se califica a estas elecciones intermedias como las m\u00e1s importantes de los \u00faltimos sexenios.<\/p>\n<p>Los partidos pol\u00edticos no pudieron presentar propuestas, ni ideas renovadoras para atraer la atenci\u00f3n de los votantes. No se habla de ideolog\u00edas, ni de principios. Todo se centra en detener los avances del proyecto pol\u00edtico de la denominada Cuarta Transformaci\u00f3n (4T).<\/p>\n<p>La llamada oposici\u00f3n pol\u00edtica no pudo presentar un frente fuerte a la 4T que, dicho sea de paso, est\u00e1 muy lejos de concretar sus metas. Prefieren los adversarios del obradorismo, aprovechar los errores del gobierno para criticarlo y tratar de frenarlo.<\/p>\n<p>\u00bfY qu\u00e9 ocurre con el partido Movimiento Regeneraci\u00f3n Nacional (Morena)? De no ser porque es la organizaci\u00f3n pol\u00edtica en el poder, se encontrar\u00eda en las mismas condiciones de pobreza ideol\u00f3gica, como sus adversarios pol\u00edticos.<\/p>\n<p>\u00bfQu\u00e9 propuestas maneja Morena en esta contienda electoral? Ninguna novedad. A\u00fan no rinde frutos la lucha contra la corrupci\u00f3n, encabezada por su l\u00edder moral, el presidente Andr\u00e9s Manuel L\u00f3pez Obrador.<\/p>\n<p>El mensaje contra los corruptos es permanente; sin embargo, pocos son los que se encuentran en la c\u00e1rcel por lavado de dinero, enriquecimiento il\u00edcito o peculado. En la lucha contra la violencia, el gobierno federal mantiene una estrategia que no brinda resultados.<\/p>\n<p>La inseguridad y la ola de violencia crece cada d\u00eda.\u00a0 Un an\u00e1lisis superficial nos lleva a reconocer que no hay nada que invite a votar por tal o cual partido. Por cierto, durante la pandemia de la Covid-19, las organizaciones pol\u00edticas desaparecieron.<\/p>\n<p>Se empieza a ver una luz en el t\u00fanel debido al avance de la vacunaci\u00f3n contra el coronavirus, pero en los partidos pol\u00edticos no se trabaja con miras a enfrentar la crisis econ\u00f3mica que padecen millones de mexicanos.<\/p>\n<p>\u00bfY el desempleo? \u00bfY la pobreza laboral? Preguntas que en el presente no tienen respuesta. \u00bfQu\u00e9 proyectos tienen en la oposici\u00f3n y en Morena para fortalecer el sistema de salud nacional? Se controlar\u00e1 a la Covid-19, pero la poblaci\u00f3n seguir\u00e1 con sus padecimientos de presi\u00f3n alta, diabetes y obesidad.<\/p>\n<p>Son temas complejos, relacionados con la inseguridad, la econom\u00eda y la salud. Los tres son asuntos que deben tratarse en las dirigencias partidistas. No lo hacen. Prefieren irse por el discurso demag\u00f3gico.<\/p>\n<p>De ah\u00ed que veamos las campa\u00f1as pol\u00edticas huecas, vac\u00edas de contenido ideol\u00f3gico, de lucha para combatir la pobreza y las desigualdades. Eso s\u00ed, en los m\u00edtines y reuniones los candidatos solo se empe\u00f1an en mostrar su nulo ingenio.<\/p>\n<p>En lugar de los discursos encendidos, se ponen a bailar y a llamar la atenci\u00f3n con sus desfiguros absurdos. Acciones pol\u00edticas sin mensaje. Esas reuniones parecen m\u00e1s bien concursos de baile y de canto.<\/p>\n<p>Adem\u00e1s de la superficialidad pol\u00edtica, en esta temporada tambi\u00e9n tuvieron un lugar importante los esc\u00e1ndalos y los asesinatos de candidatos a diferentes cargos de elecci\u00f3n popular. Por ejemplo, las elecciones en Guerrero, que con la participaci\u00f3n de F\u00e9lix Salgado Macedonio se evidenciaron el nepotismo, amiguismo e influyentismo.<\/p>\n<p><strong><em>El Toro<\/em><\/strong>, como se hace llamar a s\u00ed mismo, el senador Salgado Macedonio fue bajado del proceso electoral por el INE; pero gracias a su amistad con los poderosos logr\u00f3 colocar a su hija Evelyn como aspirante.<\/p>\n<p>Otra singularidad de la presente campa\u00f1a es el enfrentamiento entre el presidente L\u00f3pez Obrador y el Instituto Nacional Electoral. En este caso, el \u00e1rbitro electoral, Lorenzo C\u00f3rdova, se convirti\u00f3 en juez y parte.<\/p>\n<p>\u00bfUsted qu\u00e9 opina amable lector?<\/p>\n<p><a href=\"mailto:aco2742@hotmail.com\" target=\"_blank\" rel=\"noopener noreferrer\"><em>aco2742@hotmail.com<\/em><\/a><\/p>\n","protected":false},"excerpt":{"rendered":"<p><span style=\"color: #005497;\"><strong>Augusto Corro<\/strong><\/span><\/p>\n","protected":false},"author":3,"featured_media":0,"comment_status":"open","ping_status":"open","sticky":false,"template":"","format":"standard","meta":{"_monsterinsights_skip_tracking":false,"_monsterinsights_sitenote_active":false,"_monsterinsights_sitenote_note":"","_monsterinsights_sitenote_category":0,"footnotes":""},"categories":[157],"tags":[43686,43674,11515],"class_list":["post-507598","post","type-post","status-publish","format-standard","hentry","category-augusto-corro","tag-augusto-corro","tag-opinion","tag-punto-por-punto"],"_links":{"self":[{"href":"https:\/\/www.diarioimagen.net\/index.php?rest_route=\/wp\/v2\/posts\/507598","targetHints":{"allow":["GET"]}}],"collection":[{"href":"https:\/\/www.diarioimagen.net\/index.php?rest_route=\/wp\/v2\/posts"}],"about":[{"href":"https:\/\/www.diarioimagen.net\/index.php?rest_route=\/wp\/v2\/types\/post"}],"author":[{"embeddable":true,"href":"https:\/\/www.diarioimagen.net\/index.php?rest_route=\/wp\/v2\/users\/3"}],"replies":[{"embeddable":true,"href":"https:\/\/www.diarioimagen.net\/index.php?rest_route=%2Fwp%2Fv2%2Fcomments&post=507598"}],"version-history":[{"count":0,"href":"https:\/\/www.diarioimagen.net\/index.php?rest_route=\/wp\/v2\/posts\/507598\/revisions"}],"wp:attachment":[{"href":"https:\/\/www.diarioimagen.net\/index.php?rest_route=%2Fwp%2Fv2%2Fmedia&parent=507598"}],"wp:term":[{"taxonomy":"category","embeddable":true,"href":"https:\/\/www.diarioimagen.net\/index.php?rest_route=%2Fwp%2Fv2%2Fcategories&post=507598"},{"taxonomy":"post_tag","embeddable":true,"href":"https:\/\/www.diarioimagen.net\/index.php?rest_route=%2Fwp%2Fv2%2Ftags&post=507598"}],"curies":[{"name":"wp","href":"https:\/\/api.w.org\/{rel}","templated":true}]}}