{"id":507726,"date":"2021-05-21T00:06:44","date_gmt":"2021-05-21T05:06:44","guid":{"rendered":"https:\/\/www.diarioimagen.net\/?p=507726"},"modified":"2021-05-25T00:13:10","modified_gmt":"2021-05-25T05:13:10","slug":"vacunacion-de-docentes-posibilita-el-regreso-a-clases-presenciales-en-el-estado-de-mexico","status":"publish","type":"post","link":"https:\/\/www.diarioimagen.net\/?p=507726","title":{"rendered":"Vacunaci\u00f3n de docentes posibilita el regreso a clases presenciales en el Estado de M\u00e9xico"},"content":{"rendered":"<p>&nbsp;<\/p>\n<h3 style=\"text-align: center;\">Mayor\u00eda de pesonal de educaci\u00f3n ya recibi\u00f3 su dosis<\/h3>\n<p>&nbsp;<\/p>\n<ul>\n<li><strong><em>Conf\u00eda el gobernador que se podr\u00eda retornar a las aulas a mediados de junio<\/em><\/strong><\/li>\n<\/ul>\n<p>&nbsp;<\/p>\n<div id=\"attachment_507825\" style=\"width: 470px\" class=\"wp-caption aligncenter\"><a href=\"https:\/\/www.diarioimagen.net\/?attachment_id=507825\" rel=\"attachment wp-att-507825\"><img loading=\"lazy\" decoding=\"async\" aria-describedby=\"caption-attachment-507825\" class=\"size-full wp-image-507825\" src=\"https:\/\/www.diarioimagen.net\/wp-content\/uploads\/2021\/05\/DEL-MAZO-6.jpg\" alt=\"\" width=\"460\" height=\"270\" \/><\/a><p id=\"caption-attachment-507825\" class=\"wp-caption-text\">Reciben prestadores de servicios tur\u00edsticos de Ixtapan de la Sal y Tonatico, Sello Safe Travels, el cual eval\u00faa la implementaci\u00f3n de medidas de seguridad sanitaria.<\/p><\/div>\n<p>&nbsp;<\/p>\n<p><strong>Ixtapan de la Sal, Estado de M\u00e9xico.-<\/strong> El gobernador del Estado de M\u00e9xico inform\u00f3 que, de continuar la tendencia a la baja en el n\u00famero de contagios y hospitalizaciones por COVID-19, en las pr\u00f3ximas semanas se podr\u00eda avanzar al color verde del sem\u00e1foro epidemiol\u00f3gico, e ir retomando clases presenciales a mediados del mes de junio.<\/p>\n<p>El mandatario mexiquense inform\u00f3 que este viernes estar\u00e1n abiertos dos centros de vacunaci\u00f3n para profesores; en el Valle de Toluca y en el Valle de M\u00e9xico, para completar la vacunaci\u00f3n de este sector.<\/p>\n<p>\u201cLlevamos m\u00e1s del 80 por ciento de los maestros del Estado de M\u00e9xico con la vacuna aplicada. Quedar\u00e1n abiertos todav\u00eda el d\u00eda de hoy y el d\u00eda de ma\u00f1ana dos centros de vacunaci\u00f3n; uno regional del Valle de Toluca, otro del Valle de M\u00e9xico, para poder continuar con los maestros que faltan y con esto pr\u00e1cticamente estaremos concluyendo la vacunaci\u00f3n de todas las maestras y maestros de escuelas p\u00fablicas y privadas de nuestra entidad.<\/p>\n<p>\u201cEsto nos permitir\u00e1 que dentro de 20 d\u00edas aproximadamente, todas las maestras y maestros del Estado de M\u00e9xico puedan tener ya inmunidad, puedan tener ya esta respuesta de inmunidad ante el virus, y esto nos permita estar pensando que, a mediados del mes de junio, en un trabajo en conjunto con autoridades educativas, con las sociedades de padres de familia, podamos ir retomando las clases presenciales en las escuelas del Estado de M\u00e9xico\u201d, confi\u00f3.<\/p>\n<p>El gobernador afirm\u00f3 que, de mantenerse la tendencia a la baja en la cifra de casos de Covid-19, se lograr\u00e1 avanzar al color verde del sem\u00e1foro epidemiol\u00f3gico, lo que dar\u00e1 confianza para que cada vez se reactiven m\u00e1s las actividades tur\u00edsticas y de consumo en el estado.<\/p>\n<p>Durante la entrega del Sello Safe Travels, a prestadores de servicios tur\u00edsticos de Ixtapan de la Sal y Tonatico, el gobernador subray\u00f3 los avances del programa de vacunaci\u00f3n, y destac\u00f3 que el Edom\u00e9x es la entidad que m\u00e1s vacunas a aplicado en el pa\u00eds, con m\u00e1s de 3 millones 300 mil dosis a personal del sector salud, adultos mayores, personas de m\u00e1s de 50 a\u00f1os y docentes.<\/p>\n<p>\u201cA la fecha el Estado de M\u00e9xico es la entidad que m\u00e1s n\u00famero de vacunas ha aplicado, son m\u00e1s de 3 millones 300 mil vacunas que se han aplicado en todo el estado, ya se ha logrado la vacunaci\u00f3n de mayores de 60 a\u00f1os, cuando menos con una primera dosis, de todo el Estado de M\u00e9xico, y en 83 municipios se est\u00e1 o se ha aplicado ya la segunda dosis de la vacunaci\u00f3n para mayores de 60 a\u00f1os.<\/p>\n<p>Agreg\u00f3 que el Sello Safe Travels, que recibieron 85 prestadores de servicios tur\u00edsticos, es garant\u00eda de confianza y seguridad para los visitantes de Ixtapan de la Sal y Tonatico, pues se entrega a quienes implementan adecuadamente los protocolos sanitarios por la pandemia.<\/p>\n<p>Acompa\u00f1ado por la Secretaria de Cultura y Turismo del estado, el Gobernador reconoci\u00f3 a los empresarios del turismo mexiquense, por hacer un gran esfuerzo al tratar de mantener las plazas laborales, implementar las medidas sanitarias preventivas y apoyar al personal m\u00e9dico con m\u00e1s de 4 mil noches de alojamiento y comida para profesionales de la salud.<\/p>\n","protected":false},"excerpt":{"rendered":"<p>El gobernador del Estado de M\u00e9xico inform\u00f3 que, de continuar la tendencia a la baja en el n\u00famero de contagios y hospitalizaciones por COVID-19, en las pr\u00f3ximas semanas se podr\u00eda avanzar al color verde del sem\u00e1foro epidemiol\u00f3gico, e ir retomando clases presenciales a mediados del mes de junio.<\/p>\n","protected":false},"author":3,"featured_media":507825,"comment_status":"open","ping_status":"open","sticky":false,"template":"","format":"standard","meta":{"_monsterinsights_skip_tracking":false,"_monsterinsights_sitenote_active":false,"_monsterinsights_sitenote_note":"","_monsterinsights_sitenote_category":0,"footnotes":""},"categories":[5],"tags":[92645,43675,250],"class_list":["post-507726","post","type-post","status-publish","format-standard","has-post-thumbnail","hentry","category-estado-de-mexico","tag-clases-presenciales","tag-estado-de-mexico","tag-ixtapan-de-la-sal"],"_links":{"self":[{"href":"https:\/\/www.diarioimagen.net\/index.php?rest_route=\/wp\/v2\/posts\/507726","targetHints":{"allow":["GET"]}}],"collection":[{"href":"https:\/\/www.diarioimagen.net\/index.php?rest_route=\/wp\/v2\/posts"}],"about":[{"href":"https:\/\/www.diarioimagen.net\/index.php?rest_route=\/wp\/v2\/types\/post"}],"author":[{"embeddable":true,"href":"https:\/\/www.diarioimagen.net\/index.php?rest_route=\/wp\/v2\/users\/3"}],"replies":[{"embeddable":true,"href":"https:\/\/www.diarioimagen.net\/index.php?rest_route=%2Fwp%2Fv2%2Fcomments&post=507726"}],"version-history":[{"count":0,"href":"https:\/\/www.diarioimagen.net\/index.php?rest_route=\/wp\/v2\/posts\/507726\/revisions"}],"wp:featuredmedia":[{"embeddable":true,"href":"https:\/\/www.diarioimagen.net\/index.php?rest_route=\/wp\/v2\/media\/507825"}],"wp:attachment":[{"href":"https:\/\/www.diarioimagen.net\/index.php?rest_route=%2Fwp%2Fv2%2Fmedia&parent=507726"}],"wp:term":[{"taxonomy":"category","embeddable":true,"href":"https:\/\/www.diarioimagen.net\/index.php?rest_route=%2Fwp%2Fv2%2Fcategories&post=507726"},{"taxonomy":"post_tag","embeddable":true,"href":"https:\/\/www.diarioimagen.net\/index.php?rest_route=%2Fwp%2Fv2%2Ftags&post=507726"}],"curies":[{"name":"wp","href":"https:\/\/api.w.org\/{rel}","templated":true}]}}