{"id":507746,"date":"2021-05-21T00:02:34","date_gmt":"2021-05-21T05:02:34","guid":{"rendered":"https:\/\/www.diarioimagen.net\/?p=507746"},"modified":"2021-05-21T04:33:02","modified_gmt":"2021-05-21T09:33:02","slug":"con-caso-garcia-cabeza-de-vaca-amlo-quiere-cubrir-tragedia-en-linea-12-y-hasta-el-culiacanazo","status":"publish","type":"post","link":"https:\/\/www.diarioimagen.net\/?p=507746","title":{"rendered":"Con caso Garc\u00eda Cabeza de Vaca, AMLO quiere cubrir tragedia en L\u00ednea 12 y hasta el culiacanazo"},"content":{"rendered":"<h2>La Retaguardia<\/h2>\n<h5>Adriana Moreno Cordero<\/h5>\n<p>&nbsp;<\/p>\n<p>Independientemente de que el gobernador de Tamaulipas, <strong>Francisco Javier Garc\u00eda Cabeza de Vaca<\/strong>, sea o no culpable de los delitos que se le imputan, no deja de llamar poderosamente la atenci\u00f3n varias cuestiones. Resulta que la persecuci\u00f3n del mandatario tamaulipeco le ha venido al presidente <strong>Andr\u00e9s Manuel L\u00f3pez Obrador <\/strong>\u201ccomo anillo al dedo\u201d, ya que adem\u00e1s de que le ha dado un sesgo eminentemente pol\u00edtico, le ha servido para cubrir la tragedia de la L\u00ednea 12 del Metro, asunto que no se debe olvidar, pues a todas luces se trat\u00f3 de una negligencia por la que nadie ha tenido la \u00e9tica o la verg\u00fcenza de renunciar.<\/p>\n<p>La semana cierra con una pseudo directora del Metro, <strong>Florencia Serran\u00eda<\/strong>, escondida tras la jefa de Gobierno de la Ciudad de M\u00e9xico, <strong>Claudia<\/strong> <strong>Sheinbaum<\/strong>, que tambi\u00e9n tiene experiencia y culpa en esto de los desastres, mientras que por su parte, el flamante secretario de Relaciones Exteriores, <strong>Marcelo \u201cmisi\u00f3n cumplida\u201d Ebrard<\/strong>, ha optado por seguirse ocultando en el disfraz de superh\u00e9roe -que por cierto no es de su talla-, en las vacunas que han llegado a M\u00e9xico y con eso supone que ya dej\u00f3 muy atr\u00e1s su responsabilidad en el fraude que result\u00f3 ser su tan presumida \u201cL\u00ednea Dorada\u201d.<\/p>\n<p>La persecuci\u00f3n en contra de Garc\u00eda Cabeza de Vaca ha sido vehemente, por decir lo menos, y recuerda el famoso \u201cculiacanazo\u201d, donde el presidente L\u00f3pez Obrador y su flamante secretario de Seguridad en aquel entonces, <strong>Alfonso Durazo<\/strong>, dejaron ir sin mayor problema ni m\u00e1s ni menos que a <strong>Ovidio Guzm\u00e1n<\/strong>, hijo de <strong>Joaqu\u00edn \u201cEl Chapo\u201d Guzm\u00e1n<\/strong>, para salvar vidas, justificaron su incompetencia y se olvidaron del tema.<\/p>\n<p>He ah\u00ed entonces el sesgo pol\u00edtico que el inquilino de Palacio Nacional, como producto de su odio al PAN, le ha dado al caso del gobernador de Tamaulipas y por eso y aunque lo niegue, gir\u00f3 sus apreciables instrucciones a su querido \u201cFiscal carnal\u201d, <strong>Alejandro Gertz Manero<\/strong>, para obtener la orden de aprehensi\u00f3n en contra del mandatario estatal.<\/p>\n<p>Finalmente, al momento de escribir estas l\u00edneas, estaba atorada la propuesta del presidente de la Jucopo en el Senado de la Rep\u00fablica, <strong>Ricardo Monreal<\/strong>, para convocar a un per\u00edodo extraordinario y declarar la desaparici\u00f3n de Poderes en Tamaulipas porque no dan los votos; se necesitar\u00edan 25 para convocar al extraordinario y a Morena y sus aliados les falta uno y la oposici\u00f3n dijo que no ceder\u00e1.<\/p>\n<p style=\"text-align: center;\"><strong>Municiones<\/strong><\/p>\n<p>*** En medio de la pandemia por la Covid-19 y en el marco del D\u00eda Internacional de Recursos Humanos que se conmemor\u00f3 ayer, <strong>Becton Dickinson<\/strong> (BD) -empresa global de tecnolog\u00eda m\u00e9dica dedicada a impulsar el mundo de la salud mejorando el descubrimiento m\u00e9dico, el diagn\u00f3stico y la atenci\u00f3n de los pacientes- resalt\u00f3 la importancia del cuidado y bienestar del capital humano de la industria de dispositivos m\u00e9dicos, la cual ha sido cr\u00edtica para la salud p\u00fablica de M\u00e9xico. \u201cDe acuerdo con datos de la Asociaci\u00f3n Mexicana de Industrias Innovadoras de Dispositivos M\u00e9dicos, esta industria genera m\u00e1s de 160,000 empleos, exporta productos por m\u00e1s de 11 billones de d\u00f3lares al a\u00f1o, abarcando 75 especialidades m\u00e9dicas. BD M\u00e9xico orgullosamente es parte de ella y en esta fecha tan especial hace un llamado para reconocer la labor del capital humano que hace posible que los dispositivos y soluciones lleguen a los mexicanos para salvar vidas y preservar su salud\u201d, expres\u00f3 <strong>Julio Duclos<\/strong>, vicepresidente y director general de BD M\u00e9xico, Centro Am\u00e9rica y Caribe. El directivo mencion\u00f3 que durante la emergencia sanitaria la compa\u00f1\u00eda ha apuntalado su capacidad de producci\u00f3n con un claro enfoque en la respuesta a la Covid-19, no solo con agujas y jeringas, sino tambi\u00e9n con pruebas moleculares y r\u00e1pidas, lo cual ha sido posible gracias a la pasi\u00f3n y profesionalismo del capital humano.<\/p>\n<p>*** <strong>Codere<\/strong>, compa\u00f1\u00eda multinacional del sector del juego privado, dio a conocer sus resultados en el primer trimestre de este a\u00f1o, mismos que fueron aprobados ayer por su Consejo de Administraci\u00f3n. El negocio del grupo contin\u00faa afectado por el impacto de la pandemia de Covid-19, que sigue siendo severo en muchos de los pa\u00edses donde opera la compa\u00f1\u00eda, con cierres actualmente totales de sus operaciones en Italia, Argentina y Uruguay, as\u00ed como restricciones operativas en el resto de sus mercados. Como consecuencia de esta situaci\u00f3n a nivel mundial, el grupo obtuvo en el trimestre, ingresos operativos de 127.2 millones de euros, lo que representa un descenso del 54.3% por debajo del a\u00f1o anterior. La operaci\u00f3n en Italia permaneci\u00f3 clausurada durante este periodo, lo que se refleja en una ca\u00edda de 60.2 millones de euros en los ingresos; mientras que los cierres en M\u00e9xico y Panam\u00e1 han supuesto ca\u00eddas del 63.5% hasta los 22.1M\u20ac, y del 60.1% hasta los 5.8M\u20ac, respectivamente. Debido tambi\u00e9n a las restricciones, Argentina cay\u00f3 un 41.4%, hasta los 38.0M\u20ac, y Espa\u00f1a un 34.3%, hasta los 26.-6M\u20ac. Codere alcanz\u00f3 un EBITDA ajustado de 3.5 millones de euros en el cierre del primer trimestre de este 2021, es decir un 92,7% por debajo que en el mismo trimestre del a\u00f1o anterior. El margen de EBITDA decreci\u00f3 hasta un 2.7% en este mismo lapso, o sea, 14.4 puntos porcentuales menos en comparaci\u00f3n interanual, debido a que la falta de ingresos no ha podido ser compensada totalmente por el descenso de los gastos operativos, ello, pese a las significativas medidas implementadas durante la pandemia, para la eficiencia y el ahorro que han supuesto una reducci\u00f3n interanual del 46.4%, hasta los 123.7M\u20ac en este primer trimestre.<\/p>\n<p>*** Durante el seminario web <em>Di\u00e1logos con Candidatos<\/em>, <strong>V\u00edctor Hugo Romo de Vivar Guerra<\/strong>, abanderado de la coalici\u00f3n \u201cJuntos Haremos Historia\u201d, a la alcald\u00eda Miguel Hidalgo, comparti\u00f3 sus propuestas en materia de infraestructura\u00a0 con directivos y colegiados del Colegio de Arquitectos de la Ciudad de M\u00e9xico, que preside <strong>Honorato Carrasco<\/strong>. En dicho evento, anunci\u00f3 que una vez refrendado el voto de las y los miguelhidalguenses el ya pr\u00f3ximo 6 de junio, tiene previsto una inversi\u00f3n sin precedente de mil 500 millones de pesos para mejorar infraestructura urbana,\u00a0 seguridad y\u00a0 movilidad en la demarcaci\u00f3n.<\/p>\n<p>*** El grupo parlamentario del PRI, tanto en la C\u00e1mara de Diputados que coordina <strong>Ren\u00e9 Ju\u00e1rez<\/strong>, como en el Senado de la Rep\u00fablica, que coordina <strong>Miguel Angel Osorio<\/strong>, se pronunciaron a favor de convocar a un periodo extraordinario, en el que se traten los temas que preocupan y ocupan a la gente, como son: la pobreza que va en aumento de acuerdo con el Coneval; el incremento del 6.5% en los productos de la canasta b\u00e1sica durante la \u00faltima quincena; los m\u00e1s de 500 mil empleos que a\u00fan no se recuperan, con todo y que el flamante secretario de Hacienda, Arturo Herrera, pregone a voz en cuello lo contrario, o la violencia, que ha ensombrecido el proceso electoral. Para las y los legisladores del tricolor, \u00e9sas deben ser las prioridades del Legislativo.<\/p>\n<p><u><a href=\"mailto:morcora@gmail.com\" target=\"_blank\" rel=\"noopener noreferrer\"><em>morcora@gmail.com<\/em><\/a><\/u><\/p>\n","protected":false},"excerpt":{"rendered":"<p><span style=\"color: #005497;\"><strong>Adriana Moreno Cordero<\/strong><\/span><\/p>\n","protected":false},"author":3,"featured_media":0,"comment_status":"open","ping_status":"open","sticky":false,"template":"","format":"standard","meta":{"_monsterinsights_skip_tracking":false,"_monsterinsights_sitenote_active":false,"_monsterinsights_sitenote_note":"","_monsterinsights_sitenote_category":0,"footnotes":""},"categories":[69370],"tags":[69369,69368,43674],"class_list":["post-507746","post","type-post","status-publish","format-standard","hentry","category-adriana-moreno-cordero","tag-adriana-moreno-cordero","tag-la-retaguardia","tag-opinion"],"_links":{"self":[{"href":"https:\/\/www.diarioimagen.net\/index.php?rest_route=\/wp\/v2\/posts\/507746","targetHints":{"allow":["GET"]}}],"collection":[{"href":"https:\/\/www.diarioimagen.net\/index.php?rest_route=\/wp\/v2\/posts"}],"about":[{"href":"https:\/\/www.diarioimagen.net\/index.php?rest_route=\/wp\/v2\/types\/post"}],"author":[{"embeddable":true,"href":"https:\/\/www.diarioimagen.net\/index.php?rest_route=\/wp\/v2\/users\/3"}],"replies":[{"embeddable":true,"href":"https:\/\/www.diarioimagen.net\/index.php?rest_route=%2Fwp%2Fv2%2Fcomments&post=507746"}],"version-history":[{"count":0,"href":"https:\/\/www.diarioimagen.net\/index.php?rest_route=\/wp\/v2\/posts\/507746\/revisions"}],"wp:attachment":[{"href":"https:\/\/www.diarioimagen.net\/index.php?rest_route=%2Fwp%2Fv2%2Fmedia&parent=507746"}],"wp:term":[{"taxonomy":"category","embeddable":true,"href":"https:\/\/www.diarioimagen.net\/index.php?rest_route=%2Fwp%2Fv2%2Fcategories&post=507746"},{"taxonomy":"post_tag","embeddable":true,"href":"https:\/\/www.diarioimagen.net\/index.php?rest_route=%2Fwp%2Fv2%2Ftags&post=507746"}],"curies":[{"name":"wp","href":"https:\/\/api.w.org\/{rel}","templated":true}]}}